{"id":29573,"date":"2022-10-05T07:18:08","date_gmt":"2022-10-05T07:18:08","guid":{"rendered":"https:\/\/www.mydemenageur.com\/blog\/?p=29573"},"modified":"2024-09-15T14:14:11","modified_gmt":"2024-09-15T12:14:11","slug":"demenagement-avec-un-professionnel","status":"publish","type":"post","link":"https:\/\/www.mydemenageur.com\/blog\/demenagement-avec-un-professionnel\/","title":{"rendered":"Comment se passe un d\u00e9m\u00e9nagement avec un professionnel ?\u00a0"},"content":{"rendered":"<p>Le d\u00e9m\u00e9nagement constitue un travail \u00e9puisant, et une source de stress assez p\u00e9nible \u00e0 vivre. Pour g\u00e9rer au mieux cet \u00e9v\u00e9nement, il est utile de se rapprocher d\u2019une soci\u00e9t\u00e9 de d\u00e9m\u00e9nagement professionnel. Aguerrie, cette derni\u00e8re saura prendre toutes les dispositions n\u00e9cessaires pour un d\u00e9m\u00e9nagement s\u00e9curis\u00e9 et aussi rapide que possible. Les d\u00e9m\u00e9nageurs professionnels savent en effet diminuer les risques tout en offrant une qualit\u00e9 de service rapide et efficace.<\/p>\n<p>Si vous n\u2019avez jamais fait appel \u00e0 un d\u00e9m\u00e9nageur professionnel, nous vous expliquons ici comment \u00e7a se passe.<\/p>\n<div id=\"ez-toc-container\" class=\"ez-toc-v2_0_82_2 counter-hierarchy ez-toc-counter ez-toc-custom ez-toc-container-direction\">\n<div class=\"ez-toc-title-container\">\n<p class=\"ez-toc-title\" style=\"cursor:inherit\">Ce que vous allez apprendre<\/p>\n<span class=\"ez-toc-title-toggle\"><\/span><\/div>\n<nav><ul class='ez-toc-list ez-toc-list-level-1 ' ><li class='ez-toc-page-1 ez-toc-heading-level-2'><a class=\"ez-toc-link ez-toc-heading-1\" href=\"https:\/\/www.mydemenageur.com\/blog\/demenagement-avec-un-professionnel\/#la-demande-de-devis-premier-contact\" >La demande de devis, premier contact<\/a><\/li><li class='ez-toc-page-1 ez-toc-heading-level-2'><a class=\"ez-toc-link ez-toc-heading-2\" href=\"https:\/\/www.mydemenageur.com\/blog\/demenagement-avec-un-professionnel\/#la-visite-technique\" >La visite technique<\/a><\/li><li class='ez-toc-page-1 ez-toc-heading-level-2'><a class=\"ez-toc-link ez-toc-heading-3\" href=\"https:\/\/www.mydemenageur.com\/blog\/demenagement-avec-un-professionnel\/#le-demenagement\" >Le d\u00e9m\u00e9nagement<\/a><\/li><\/ul><\/nav><\/div>\n<h2><span class=\"ez-toc-section\" id=\"la-demande-de-devis-premier-contact\"><\/span>La demande de devis, premier contact<span class=\"ez-toc-section-end\"><\/span><\/h2>\n<p>Pour solliciter les services d\u2019une entreprise de d\u00e9m\u00e9nagement professionnel, vous devez commencer par formuler une demande de devis. Cette demande vous permettra de conna\u00eetre le prix de la prestation que vous demandez. Dans votre demande de devis doivent figurer les informations suivantes :<\/p>\n<ul>\n<li>Votre nom et pr\u00e9nom<\/li>\n<li>La date \u00e0 laquelle vous pr\u00e9voyez d\u2019effectuer votre d\u00e9m\u00e9nagement<\/li>\n<li>Le volume total des affaires \u00e0 d\u00e9m\u00e9nager<\/li>\n<li>S\u2019il y a une formule particuli\u00e8re \u00e0 laquelle vous souhaitez souscrire<\/li>\n<\/ul>\n<p>Notez que si vous ne parvenez pas \u00e0 calculer ou \u00e0 faire une estimation du volume de vos affaires, certaines soci\u00e9t\u00e9s peuvent envoyer du personnel pour se charger de la t\u00e2che. Bien souvent, ce service est gratuit et n\u2019est pas factur\u00e9. Autrement, vous pouvez vous servir des calculateurs de volume en ligne, bien que ces derniers ne soient pas toujours pr\u00e9cis.<\/p>\n<p><img decoding=\"async\" class=\"alignnone size-full wp-image-19490\" src=\"https:\/\/www.mydemenageur.com\/blog\/wp-content\/uploads\/2020\/12\/24.png\" alt=\"demenagement materiel\" width=\"738\" height=\"499\" srcset=\"https:\/\/www.mydemenageur.com\/blog\/wp-content\/uploads\/2020\/12\/24.png 738w, https:\/\/www.mydemenageur.com\/blog\/wp-content\/uploads\/2020\/12\/24-300x203.png 300w\" sizes=\"(max-width: 738px) 100vw, 738px\" \/><\/p>\n<h2><span class=\"ez-toc-section\" id=\"la-visite-technique\"><\/span>La visite technique<span class=\"ez-toc-section-end\"><\/span><\/h2>\n<p>Une fois que vous avez re\u00e7u le devis et que vous l\u2019avez accept\u00e9, le personnel de la soci\u00e9t\u00e9 de d\u00e9m\u00e9nagement en question se d\u00e9place au sein de votre appartement dans le cadre d\u2019une visite technique. Au cours de cette derni\u00e8re est estim\u00e9 le volume de vos affaires ainsi que nous l\u2019avons pr\u00e9cis\u00e9, mais pas seulement. Les agents sur place notent \u00e9galement les \u00e9ventuels obstacles qui pourraient s\u2019opposer au processus de d\u00e9m\u00e9nagement. Ce peut \u00eatre, par exemple, des escaliers, ou encore une porte de sortie \u00e9troite.<\/p>\n<p>L\u2019analyse des obstacles servira \u00e0 conna\u00eetre le <a href=\"https:\/\/www.mydemenageur.com\/blog\/materiel-de-demenagement-professionnel\/\">mat\u00e9riel de d\u00e9m\u00e9nagement professionnel<\/a> n\u00e9cessaire pour parvenir \u00e0 accomplir la mission. Tandis qu\u2019un simple diable de manutention peut faire l\u2019affaire dans certains cas, il sera n\u00e9cessaire de solliciter un monte-meubles dans d\u2019autres situations. Cela arrive en particulier lors du d\u00e9placement d\u2019objets tr\u00e8s lourds et volumineux.<\/p>\n<p>Concr\u00e8tement, les d\u00e9m\u00e9nageurs jettent un oeil aux diff\u00e9rentes portes de la maison, les objets les plus volumineux, la cage d\u2019escaliers si elle est pr\u00e9sente, la pr\u00e9sence ou non d\u2019un ascenseur et enfin la possibilit\u00e9 ou non de stationner le camion devant la maison.<\/p>\n<h2><span class=\"ez-toc-section\" id=\"le-demenagement\"><\/span>Le d\u00e9m\u00e9nagement<span class=\"ez-toc-section-end\"><\/span><\/h2>\n<p>Il s\u2019agit de l\u2019\u00e9tape du jour J, celui o\u00f9 le d\u00e9placement de vos affaires commence. Les d\u00e9m\u00e9nageurs se pr\u00e9sentent chez vous t\u00f4t le matin, il convient d\u2019\u00eatre pr\u00eat pour les accueillir. Pour leur faciliter la t\u00e2che et aller plus vite, pr\u00e9parez les cartons d\u2019emballage et lib\u00e9rez la voie pour les objets lourds comme les appareils \u00e9lectrom\u00e9nagers et les meubles.<\/p>\n<p>A leur arriv\u00e9e, le chef des agents d\u00e9m\u00e9nageurs vous remet ce que l\u2019on appelle une lettre de voiture. Il s\u2019agit d\u2019une formalit\u00e9 juridique, ce document certifiant que l\u2019entreprise est autoris\u00e9e \u00e0 d\u00e9placer vos affaires. Ce document peut vous servir notamment en cas de contr\u00f4le de police durant le trajet.<\/p>\n<p>Les d\u00e9m\u00e9nageurs s&rsquo;occupent ensuite de charger les affaires dans le camion. Ils proc\u00e8dent de fa\u00e7on structur\u00e9e et organis\u00e9e, de sorte \u00e0 ranger les affaires en gagnant de l\u2019espace \u00e0 l\u2019int\u00e9rieur du camion. Par ailleurs, tous les objets ne sont pas plac\u00e9s fortuitement. Les cartons contenant les objets les plus fragiles sont positionn\u00e9s de sorte \u00e0 \u00eatre le plus en s\u00e9curit\u00e9 possible. C\u2019est pourquoi, si vous faites vos cartons, il convient de marquer \u201cfragile\u201d sur ceux qui contiennent des objets de cette nature, comme la vaisselle ou encore des vases en porcelaine.<\/p>\n<p>Une fois \u00e0 destination, les d\u00e9m\u00e9nageurs d\u00e9chargent le tout et le d\u00e9posent \u00e0 l\u2019int\u00e9rieur de l\u2019appartement ou de la box de rangement, et c\u2019est termin\u00e9.<\/p>\n","protected":false},"excerpt":{"rendered":"<p>Le d\u00e9m\u00e9nagement constitue un travail \u00e9puisant, et une source de stress assez p\u00e9nible \u00e0 vivre. Pour g\u00e9rer au mieux cet<\/p>\n","protected":false},"author":11,"featured_media":0,"comment_status":"closed","ping_status":"closed","sticky":false,"template":"","format":"standard","meta":{"_lmt_disableupdate":"no","_lmt_disable":"no","footnotes":""},"categories":[106],"tags":[],"yoast_head":"<!-- This site is optimized with the Yoast SEO Premium plugin v24.2 (Yoast SEO v24.5) - https:\/\/yoast.com\/wordpress\/plugins\/seo\/ -->\n<title>D\u00e9m\u00e9nagement avec un professionnel : comment \u00e7a se passe ?<\/title>\n<meta name=\"description\" content=\"Comment se passe un d\u00e9m\u00e9nagement avec un professionnel ? Nous r\u00e9pondons \u00e0 cette question dans cet article d\u00e9taill\u00e9.\" \/>\n<meta name=\"robots\" content=\"index, follow, max-snippet:-1, max-image-preview:large, max-video-preview:-1\" \/>\n<link rel=\"canonical\" href=\"https:\/\/www.mydemenageur.com\/blog\/demenagement-avec-un-professionnel\/\" \/>\n<meta property=\"og:locale\" content=\"fr_FR\" \/>\n<meta property=\"og:type\" content=\"article\" \/>\n<meta property=\"og:title\" content=\"Comment se passe un d\u00e9m\u00e9nagement avec un professionnel ?\u00a0\" \/>\n<meta property=\"og:description\" content=\"Comment se passe un d\u00e9m\u00e9nagement avec un professionnel ? Nous r\u00e9pondons \u00e0 cette question dans cet article d\u00e9taill\u00e9.\" \/>\n<meta property=\"og:url\" content=\"https:\/\/www.mydemenageur.com\/blog\/demenagement-avec-un-professionnel\/\" \/>\n<meta property=\"og:site_name\" content=\"MyDemenageur\" \/>\n<meta property=\"article:publisher\" content=\"https:\/\/www.facebook.com\/mydemenageur\" \/>\n<meta property=\"article:published_time\" content=\"2022-10-05T07:18:08+00:00\" \/>\n<meta property=\"article:modified_time\" content=\"2024-09-15T12:14:11+00:00\" \/>\n<meta property=\"og:image\" content=\"https:\/\/www.mydemenageur.com\/blog\/wp-content\/uploads\/2020\/12\/24.png\" \/>\n<meta name=\"author\" content=\"Mathilde\" \/>\n<meta name=\"twitter:card\" content=\"summary_large_image\" \/>\n<meta name=\"twitter:creator\" content=\"@mydemenageur\" \/>\n<meta name=\"twitter:site\" content=\"@mydemenageur\" \/>\n<meta name=\"twitter:label1\" content=\"\u00c9crit par\" \/>\n\t<meta name=\"twitter:data1\" content=\"Mathilde\" \/>\n\t<meta name=\"twitter:label2\" content=\"Dur\u00e9e de lecture estim\u00e9e\" \/>\n\t<meta name=\"twitter:data2\" content=\"4 minutes\" \/>\n<script type=\"application\/ld+json\" class=\"yoast-schema-graph\">{\"@context\":\"https:\/\/schema.org\",\"@graph\":[{\"@type\":\"Article\",\"@id\":\"https:\/\/www.mydemenageur.com\/blog\/demenagement-avec-un-professionnel\/#article\",\"isPartOf\":{\"@id\":\"https:\/\/www.mydemenageur.com\/blog\/demenagement-avec-un-professionnel\/\"},\"author\":{\"name\":\"Mathilde\",\"@id\":\"https:\/\/www.mydemenageur.com\/blog\/#\/schema\/person\/4540dc333c2e7dc790f0f7bcd5b99569\"},\"headline\":\"Comment se passe un d\u00e9m\u00e9nagement avec un professionnel ?\u00a0\",\"datePublished\":\"2022-10-05T07:18:08+00:00\",\"dateModified\":\"2024-09-15T12:14:11+00:00\",\"mainEntityOfPage\":{\"@id\":\"https:\/\/www.mydemenageur.com\/blog\/demenagement-avec-un-professionnel\/\"},\"wordCount\":750,\"publisher\":{\"@id\":\"https:\/\/www.mydemenageur.com\/blog\/#organization\"},\"image\":{\"@id\":\"https:\/\/www.mydemenageur.com\/blog\/demenagement-avec-un-professionnel\/#primaryimage\"},\"thumbnailUrl\":\"https:\/\/www.mydemenageur.com\/blog\/wp-content\/uploads\/2020\/12\/24.png\",\"articleSection\":[\"D\u00e9m\u00e9nagement\"],\"inLanguage\":\"fr-FR\"},{\"@type\":\"WebPage\",\"@id\":\"https:\/\/www.mydemenageur.com\/blog\/demenagement-avec-un-professionnel\/\",\"url\":\"https:\/\/www.mydemenageur.com\/blog\/demenagement-avec-un-professionnel\/\",\"name\":\"D\u00e9m\u00e9nagement avec un professionnel : comment \u00e7a se passe ?\",\"isPartOf\":{\"@id\":\"https:\/\/www.mydemenageur.com\/blog\/#website\"},\"primaryImageOfPage\":{\"@id\":\"https:\/\/www.mydemenageur.com\/blog\/demenagement-avec-un-professionnel\/#primaryimage\"},\"image\":{\"@id\":\"https:\/\/www.mydemenageur.com\/blog\/demenagement-avec-un-professionnel\/#primaryimage\"},\"thumbnailUrl\":\"https:\/\/www.mydemenageur.com\/blog\/wp-content\/uploads\/2020\/12\/24.png\",\"datePublished\":\"2022-10-05T07:18:08+00:00\",\"dateModified\":\"2024-09-15T12:14:11+00:00\",\"description\":\"Comment se passe un d\u00e9m\u00e9nagement avec un professionnel ? Nous r\u00e9pondons \u00e0 cette question dans cet article d\u00e9taill\u00e9.\",\"breadcrumb\":{\"@id\":\"https:\/\/www.mydemenageur.com\/blog\/demenagement-avec-un-professionnel\/#breadcrumb\"},\"inLanguage\":\"fr-FR\",\"potentialAction\":[{\"@type\":\"ReadAction\",\"target\":[\"https:\/\/www.mydemenageur.com\/blog\/demenagement-avec-un-professionnel\/\"]}]},{\"@type\":\"ImageObject\",\"inLanguage\":\"fr-FR\",\"@id\":\"https:\/\/www.mydemenageur.com\/blog\/demenagement-avec-un-professionnel\/#primaryimage\",\"url\":\"https:\/\/www.mydemenageur.com\/blog\/wp-content\/uploads\/2020\/12\/24.png\",\"contentUrl\":\"https:\/\/www.mydemenageur.com\/blog\/wp-content\/uploads\/2020\/12\/24.png\",\"width\":738,\"height\":499,\"caption\":\"demenagement materiel\"},{\"@type\":\"BreadcrumbList\",\"@id\":\"https:\/\/www.mydemenageur.com\/blog\/demenagement-avec-un-professionnel\/#breadcrumb\",\"itemListElement\":[{\"@type\":\"ListItem\",\"position\":1,\"name\":\"Accueil\",\"item\":\"https:\/\/www.mydemenageur.com\/blog\/\"},{\"@type\":\"ListItem\",\"position\":2,\"name\":\"D\u00e9m\u00e9nagement\",\"item\":\"https:\/\/www.mydemenageur.com\/blog\/categorie\/transport\/\"},{\"@type\":\"ListItem\",\"position\":3,\"name\":\"Comment se passe un d\u00e9m\u00e9nagement avec un professionnel ?\u00a0\"}]},{\"@type\":\"WebSite\",\"@id\":\"https:\/\/www.mydemenageur.com\/blog\/#website\",\"url\":\"https:\/\/www.mydemenageur.com\/blog\/\",\"name\":\"MyDemenageur\",\"description\":\"Conseils d\u00e9m\u00e9ngement entre particuliers et d\u00e9m\u00e9nagement professionnel\",\"publisher\":{\"@id\":\"https:\/\/www.mydemenageur.com\/blog\/#organization\"},\"potentialAction\":[{\"@type\":\"SearchAction\",\"target\":{\"@type\":\"EntryPoint\",\"urlTemplate\":\"https:\/\/www.mydemenageur.com\/blog\/?s={search_term_string}\"},\"query-input\":{\"@type\":\"PropertyValueSpecification\",\"valueRequired\":true,\"valueName\":\"search_term_string\"}}],\"inLanguage\":\"fr-FR\"},{\"@type\":\"Organization\",\"@id\":\"https:\/\/www.mydemenageur.com\/blog\/#organization\",\"name\":\"MyDemenageur.com\",\"url\":\"https:\/\/www.mydemenageur.com\/blog\/\",\"logo\":{\"@type\":\"ImageObject\",\"inLanguage\":\"fr-FR\",\"@id\":\"https:\/\/www.mydemenageur.com\/blog\/#\/schema\/logo\/image\/\",\"url\":\"https:\/\/www.mydemenageur.com\/blog\/wp-content\/uploads\/2022\/05\/MyDemenageur_Symbol.jpg\",\"contentUrl\":\"https:\/\/www.mydemenageur.com\/blog\/wp-content\/uploads\/2022\/05\/MyDemenageur_Symbol.jpg\",\"width\":878,\"height\":877,\"caption\":\"MyDemenageur.com\"},\"image\":{\"@id\":\"https:\/\/www.mydemenageur.com\/blog\/#\/schema\/logo\/image\/\"},\"sameAs\":[\"https:\/\/www.facebook.com\/mydemenageur\",\"https:\/\/x.com\/mydemenageur\",\"https:\/\/www.pinterest.fr\/mydemenageur\/\"]},{\"@type\":\"Person\",\"@id\":\"https:\/\/www.mydemenageur.com\/blog\/#\/schema\/person\/4540dc333c2e7dc790f0f7bcd5b99569\",\"name\":\"Mathilde\",\"image\":{\"@type\":\"ImageObject\",\"inLanguage\":\"fr-FR\",\"@id\":\"https:\/\/www.mydemenageur.com\/blog\/#\/schema\/person\/image\/\",\"url\":\"https:\/\/secure.gravatar.com\/avatar\/abde069f6f70261ee6ecea93e0437d77?s=96&#038;r=g\",\"contentUrl\":\"https:\/\/secure.gravatar.com\/avatar\/abde069f6f70261ee6ecea93e0437d77?s=96&#038;r=g\",\"caption\":\"Mathilde\"},\"description\":\"L'harmonie des couleurs et des objets m'a toujours fascin\u00e9e, transformant chaque pi\u00e8ce en un lieu unique et agr\u00e9able \u00e0 vivre. Sur MyDemenageur, vous trouverez non seulement des inspirations personnelles, mais aussi des informations r\u00e9centes sur le monde de la d\u00e9coration, les projets de maison, le d\u00e9m\u00e9nagement et les travaux.\",\"url\":\"https:\/\/www.mydemenageur.com\/blog\/author\/mathilde\/\"}]}<\/script>\n<!-- \/ Yoast SEO Premium plugin. -->","yoast_head_json":{"title":"D\u00e9m\u00e9nagement avec un professionnel : comment \u00e7a se passe ?","description":"Comment se passe un d\u00e9m\u00e9nagement avec un professionnel ? Nous r\u00e9pondons \u00e0 cette question dans cet article d\u00e9taill\u00e9.","robots":{"index":"index","follow":"follow","max-snippet":"max-snippet:-1","max-image-preview":"max-image-preview:large","max-video-preview":"max-video-preview:-1"},"canonical":"https:\/\/www.mydemenageur.com\/blog\/demenagement-avec-un-professionnel\/","og_locale":"fr_FR","og_type":"article","og_title":"Comment se passe un d\u00e9m\u00e9nagement avec un professionnel ?\u00a0","og_description":"Comment se passe un d\u00e9m\u00e9nagement avec un professionnel ? Nous r\u00e9pondons \u00e0 cette question dans cet article d\u00e9taill\u00e9.","og_url":"https:\/\/www.mydemenageur.com\/blog\/demenagement-avec-un-professionnel\/","og_site_name":"MyDemenageur","article_publisher":"https:\/\/www.facebook.com\/mydemenageur","article_published_time":"2022-10-05T07:18:08+00:00","article_modified_time":"2024-09-15T12:14:11+00:00","og_image":[{"url":"https:\/\/www.mydemenageur.com\/blog\/wp-content\/uploads\/2020\/12\/24.png","type":"","width":"","height":""}],"author":"Mathilde","twitter_card":"summary_large_image","twitter_creator":"@mydemenageur","twitter_site":"@mydemenageur","twitter_misc":{"\u00c9crit par":"Mathilde","Dur\u00e9e de lecture estim\u00e9e":"4 minutes"},"schema":{"@context":"https:\/\/schema.org","@graph":[{"@type":"Article","@id":"https:\/\/www.mydemenageur.com\/blog\/demenagement-avec-un-professionnel\/#article","isPartOf":{"@id":"https:\/\/www.mydemenageur.com\/blog\/demenagement-avec-un-professionnel\/"},"author":{"name":"Mathilde","@id":"https:\/\/www.mydemenageur.com\/blog\/#\/schema\/person\/4540dc333c2e7dc790f0f7bcd5b99569"},"headline":"Comment se passe un d\u00e9m\u00e9nagement avec un professionnel ?\u00a0","datePublished":"2022-10-05T07:18:08+00:00","dateModified":"2024-09-15T12:14:11+00:00","mainEntityOfPage":{"@id":"https:\/\/www.mydemenageur.com\/blog\/demenagement-avec-un-professionnel\/"},"wordCount":750,"publisher":{"@id":"https:\/\/www.mydemenageur.com\/blog\/#organization"},"image":{"@id":"https:\/\/www.mydemenageur.com\/blog\/demenagement-avec-un-professionnel\/#primaryimage"},"thumbnailUrl":"https:\/\/www.mydemenageur.com\/blog\/wp-content\/uploads\/2020\/12\/24.png","articleSection":["D\u00e9m\u00e9nagement"],"inLanguage":"fr-FR"},{"@type":"WebPage","@id":"https:\/\/www.mydemenageur.com\/blog\/demenagement-avec-un-professionnel\/","url":"https:\/\/www.mydemenageur.com\/blog\/demenagement-avec-un-professionnel\/","name":"D\u00e9m\u00e9nagement avec un professionnel : comment \u00e7a se passe ?","isPartOf":{"@id":"https:\/\/www.mydemenageur.com\/blog\/#website"},"primaryImageOfPage":{"@id":"https:\/\/www.mydemenageur.com\/blog\/demenagement-avec-un-professionnel\/#primaryimage"},"image":{"@id":"https:\/\/www.mydemenageur.com\/blog\/demenagement-avec-un-professionnel\/#primaryimage"},"thumbnailUrl":"https:\/\/www.mydemenageur.com\/blog\/wp-content\/uploads\/2020\/12\/24.png","datePublished":"2022-10-05T07:18:08+00:00","dateModified":"2024-09-15T12:14:11+00:00","description":"Comment se passe un d\u00e9m\u00e9nagement avec un professionnel ? Nous r\u00e9pondons \u00e0 cette question dans cet article d\u00e9taill\u00e9.","breadcrumb":{"@id":"https:\/\/www.mydemenageur.com\/blog\/demenagement-avec-un-professionnel\/#breadcrumb"},"inLanguage":"fr-FR","potentialAction":[{"@type":"ReadAction","target":["https:\/\/www.mydemenageur.com\/blog\/demenagement-avec-un-professionnel\/"]}]},{"@type":"ImageObject","inLanguage":"fr-FR","@id":"https:\/\/www.mydemenageur.com\/blog\/demenagement-avec-un-professionnel\/#primaryimage","url":"https:\/\/www.mydemenageur.com\/blog\/wp-content\/uploads\/2020\/12\/24.png","contentUrl":"https:\/\/www.mydemenageur.com\/blog\/wp-content\/uploads\/2020\/12\/24.png","width":738,"height":499,"caption":"demenagement materiel"},{"@type":"BreadcrumbList","@id":"https:\/\/www.mydemenageur.com\/blog\/demenagement-avec-un-professionnel\/#breadcrumb","itemListElement":[{"@type":"ListItem","position":1,"name":"Accueil","item":"https:\/\/www.mydemenageur.com\/blog\/"},{"@type":"ListItem","position":2,"name":"D\u00e9m\u00e9nagement","item":"https:\/\/www.mydemenageur.com\/blog\/categorie\/transport\/"},{"@type":"ListItem","position":3,"name":"Comment se passe un d\u00e9m\u00e9nagement avec un professionnel ?\u00a0"}]},{"@type":"WebSite","@id":"https:\/\/www.mydemenageur.com\/blog\/#website","url":"https:\/\/www.mydemenageur.com\/blog\/","name":"MyDemenageur","description":"Conseils d\u00e9m\u00e9ngement entre particuliers et d\u00e9m\u00e9nagement professionnel","publisher":{"@id":"https:\/\/www.mydemenageur.com\/blog\/#organization"},"potentialAction":[{"@type":"SearchAction","target":{"@type":"EntryPoint","urlTemplate":"https:\/\/www.mydemenageur.com\/blog\/?s={search_term_string}"},"query-input":{"@type":"PropertyValueSpecification","valueRequired":true,"valueName":"search_term_string"}}],"inLanguage":"fr-FR"},{"@type":"Organization","@id":"https:\/\/www.mydemenageur.com\/blog\/#organization","name":"MyDemenageur.com","url":"https:\/\/www.mydemenageur.com\/blog\/","logo":{"@type":"ImageObject","inLanguage":"fr-FR","@id":"https:\/\/www.mydemenageur.com\/blog\/#\/schema\/logo\/image\/","url":"https:\/\/www.mydemenageur.com\/blog\/wp-content\/uploads\/2022\/05\/MyDemenageur_Symbol.jpg","contentUrl":"https:\/\/www.mydemenageur.com\/blog\/wp-content\/uploads\/2022\/05\/MyDemenageur_Symbol.jpg","width":878,"height":877,"caption":"MyDemenageur.com"},"image":{"@id":"https:\/\/www.mydemenageur.com\/blog\/#\/schema\/logo\/image\/"},"sameAs":["https:\/\/www.facebook.com\/mydemenageur","https:\/\/x.com\/mydemenageur","https:\/\/www.pinterest.fr\/mydemenageur\/"]},{"@type":"Person","@id":"https:\/\/www.mydemenageur.com\/blog\/#\/schema\/person\/4540dc333c2e7dc790f0f7bcd5b99569","name":"Mathilde","image":{"@type":"ImageObject","inLanguage":"fr-FR","@id":"https:\/\/www.mydemenageur.com\/blog\/#\/schema\/person\/image\/","url":"https:\/\/secure.gravatar.com\/avatar\/abde069f6f70261ee6ecea93e0437d77?s=96&#038;r=g","contentUrl":"https:\/\/secure.gravatar.com\/avatar\/abde069f6f70261ee6ecea93e0437d77?s=96&#038;r=g","caption":"Mathilde"},"description":"L'harmonie des couleurs et des objets m'a toujours fascin\u00e9e, transformant chaque pi\u00e8ce en un lieu unique et agr\u00e9able \u00e0 vivre. Sur MyDemenageur, vous trouverez non seulement des inspirations personnelles, mais aussi des informations r\u00e9centes sur le monde de la d\u00e9coration, les projets de maison, le d\u00e9m\u00e9nagement et les travaux.","url":"https:\/\/www.mydemenageur.com\/blog\/author\/mathilde\/"}]}},"modified_by":"MyDemenageur","_links":{"self":[{"href":"https:\/\/www.mydemenageur.com\/blog\/wp-json\/wp\/v2\/posts\/29573"}],"collection":[{"href":"https:\/\/www.mydemenageur.com\/blog\/wp-json\/wp\/v2\/posts"}],"about":[{"href":"https:\/\/www.mydemenageur.com\/blog\/wp-json\/wp\/v2\/types\/post"}],"author":[{"embeddable":true,"href":"https:\/\/www.mydemenageur.com\/blog\/wp-json\/wp\/v2\/users\/11"}],"replies":[{"embeddable":true,"href":"https:\/\/www.mydemenageur.com\/blog\/wp-json\/wp\/v2\/comments?post=29573"}],"version-history":[{"count":0,"href":"https:\/\/www.mydemenageur.com\/blog\/wp-json\/wp\/v2\/posts\/29573\/revisions"}],"wp:attachment":[{"href":"https:\/\/www.mydemenageur.com\/blog\/wp-json\/wp\/v2\/media?parent=29573"}],"wp:term":[{"taxonomy":"category","embeddable":true,"href":"https:\/\/www.mydemenageur.com\/blog\/wp-json\/wp\/v2\/categories?post=29573"},{"taxonomy":"post_tag","embeddable":true,"href":"https:\/\/www.mydemenageur.com\/blog\/wp-json\/wp\/v2\/tags?post=29573"}],"curies":[{"name":"wp","href":"https:\/\/api.w.org\/{rel}","templated":true}]}}