{"id":29973,"date":"2023-05-09T08:55:29","date_gmt":"2023-05-09T08:55:29","guid":{"rendered":"https:\/\/www.mydemenageur.com\/blog\/?p=29973"},"modified":"2024-11-12T12:51:31","modified_gmt":"2024-11-12T11:51:31","slug":"quest-ce-quune-residence-services-seniors","status":"publish","type":"post","link":"https:\/\/www.mydemenageur.com\/blog\/quest-ce-quune-residence-services-seniors\/","title":{"rendered":"Qu\u2019est-ce qu\u2019une r\u00e9sidence services seniors\u2009?"},"content":{"rendered":"<p>Vous cherchez un logement adapt\u00e9 pour vos vieux jours\u2009? Vous connaissez mal les r\u00e9sidences services seniors, entre mauvaise r\u00e9putation et co\u00fbt \u00e9lev\u00e9\u2009? Vous n\u2019\u00eates pas au fait des nouvelles r\u00e9sidences seniors d\u2019aujourd\u2019hui. Des logements accessibles et priv\u00e9s, id\u00e9al pour conjuguer autonomie, retraite active et vie sociale dynamique. Les r\u00e9sidences pour seniors sont implant\u00e9es au c\u0153ur des villes et proposent des appartements confortables et des services sur mesure pour le bien-\u00eatre des r\u00e9sidents.<\/p>\n<div id=\"ez-toc-container\" class=\"ez-toc-v2_0_82_2 counter-hierarchy ez-toc-counter ez-toc-custom ez-toc-container-direction\">\n<div class=\"ez-toc-title-container\">\n<p class=\"ez-toc-title\" style=\"cursor:inherit\">Ce que vous allez apprendre<\/p>\n<span class=\"ez-toc-title-toggle\"><\/span><\/div>\n<nav><ul class='ez-toc-list ez-toc-list-level-1 ' ><li class='ez-toc-page-1 ez-toc-heading-level-2'><a class=\"ez-toc-link ez-toc-heading-1\" href=\"https:\/\/www.mydemenageur.com\/blog\/quest-ce-quune-residence-services-seniors\/#quest-ce-quune-residence-services-seniors%e2%80%89\" >Qu\u2019est-ce qu\u2019une r\u00e9sidence services seniors\u2009?<\/a><ul class='ez-toc-list-level-3' ><li class='ez-toc-heading-level-3'><a class=\"ez-toc-link ez-toc-heading-2\" href=\"https:\/\/www.mydemenageur.com\/blog\/quest-ce-quune-residence-services-seniors\/#le-concept\" >Le concept<\/a><\/li><li class='ez-toc-page-1 ez-toc-heading-level-3'><a class=\"ez-toc-link ez-toc-heading-3\" href=\"https:\/\/www.mydemenageur.com\/blog\/quest-ce-quune-residence-services-seniors\/#les-seniors-concernes\" >Les seniors concern\u00e9s<\/a><\/li><\/ul><\/li><li class='ez-toc-page-1 ez-toc-heading-level-2'><a class=\"ez-toc-link ez-toc-heading-4\" href=\"https:\/\/www.mydemenageur.com\/blog\/quest-ce-quune-residence-services-seniors\/#quels-sont-les-services-proposes-par-une-residence-pour-seniors-autonomes%e2%80%89\" >Quels sont les services propos\u00e9s par une r\u00e9sidence pour seniors autonomes\u2009?<\/a><\/li><li class='ez-toc-page-1 ez-toc-heading-level-2'><a class=\"ez-toc-link ez-toc-heading-5\" href=\"https:\/\/www.mydemenageur.com\/blog\/quest-ce-quune-residence-services-seniors\/#quelle-est-la-difference-entre-residences-services-seniors-ehpad-et-maison-de-retraite%e2%80%89\" >Quelle est la diff\u00e9rence entre R\u00e9sidences services seniors, Ehpad et maison de retraite\u2009?<\/a><\/li><\/ul><\/nav><\/div>\n<h2><span class=\"ez-toc-section\" id=\"quest-ce-quune-residence-services-seniors%e2%80%89\"><\/span>Qu\u2019est-ce qu\u2019une r\u00e9sidence services seniors\u2009?<span class=\"ez-toc-section-end\"><\/span><\/h2>\n<p>De nombreuses r\u00e9sidences services seniors se multiplient sur le territoire. Ces logements accessibles et privatifs offrent un quotidien s\u00e9curis\u00e9 et compl\u00e8tement adapt\u00e9 \u00e0 la vie des a\u00een\u00e9s autonomes. Les avantages sont nombreux et diff\u00e9rentes options sont \u00e0 disposition afin de proposer une vie agr\u00e9able \u00e0 chaque locataire.<\/p>\n<h3><span class=\"ez-toc-section\" id=\"le-concept\"><\/span>Le concept<span class=\"ez-toc-section-end\"><\/span><\/h3>\n<p>Une <a href=\"https:\/\/www.domitys.fr\/residence-services-senior\">r\u00e9sidence seniors<\/a> se compose de plusieurs appartements du studio au T3 avec balcon ou jardin privatif, d\u2019un restaurant, d\u2019une salle de gymnastique, d\u2019une piscine ou un espace bien-\u00eatre, d\u2019une biblioth\u00e8que, de garages et caves\u2026 Tous les lieux, communs et priv\u00e9s, sont adapt\u00e9s pour simplifier la vie des seniors. Des \u00e9quipements sp\u00e9cifiques sont parfaitement int\u00e9gr\u00e9s dans l\u2019architecture d\u2019int\u00e9rieur :<\/p>\n<ul>\n<li>barre de maintien\u2009;<\/li>\n<li>ascenseur\u2009;<\/li>\n<li>volets roulants \u00e9lectriques\u2009;<\/li>\n<li>sol antid\u00e9rapant\u2009;<\/li>\n<li>salle de douche accessible et s\u00e9curis\u00e9e\u2009;<\/li>\n<li>appartements et espace de vie lumineux\u2009;<\/li>\n<li>\u2026<\/li>\n<\/ul>\n<p>Le confort et l\u2019accessibilit\u00e9 sont les points forts de ces r\u00e9sidences. Les personnes \u00e2g\u00e9es ne se retrouvent pas limit\u00e9es dans leur d\u00e9placement au quotidien, tout est fait pour pr\u00e9server leur ind\u00e9pendance le plus longtemps possible. De plus, la r\u00e9sidence offre des lieux de rencontre et des activit\u00e9s, des voisins\u2026 en somme une vie sociale\u2009! Point d\u2019isolement en vivant dans une r\u00e9sidence service senior\u2009!<\/p>\n<p>Les r\u00e9sidences sont modernes et le plus souvent situ\u00e9es au c\u0153ur des villes, proche d\u2019un parc, d\u2019une sup\u00e9rette et des transports en commun. La situation g\u00e9ographique est importante pour que les r\u00e9sidents \u00e2g\u00e9s puissent vivre en toute autonomie et recevoir facilement leur famille et leurs amis.<\/p>\n<p>Une r\u00e9sidence pour seniors autonomes n\u2019a rien \u00e0 voir avec une maison de retraite ou un Ehpad. Le concept est une vie en toute autonomie, mais bien entour\u00e9e et dans un environnement adapt\u00e9 dans le but de bien vieillir. Il s\u2019agit davantage d\u2019un quotidien en semi-collectivit\u00e9, car les appartements sont priv\u00e9s et accueillent m\u00eame les animaux de compagnie.<\/p>\n<p><img decoding=\"async\" class=\"aligncenter size-full wp-image-29976\" src=\"https:\/\/www.mydemenageur.com\/blog\/wp-content\/uploads\/2023\/05\/res2.jpg\" alt=\"\" width=\"512\" height=\"341\" srcset=\"https:\/\/www.mydemenageur.com\/blog\/wp-content\/uploads\/2023\/05\/res2.jpg 512w, https:\/\/www.mydemenageur.com\/blog\/wp-content\/uploads\/2023\/05\/res2-300x200.jpg 300w\" sizes=\"(max-width: 512px) 100vw, 512px\" \/><\/p>\n<p>Une \u00e9quipe de professionnels est form\u00e9e pour venir en aide aux seniors. Elle est disponible \u00e0 l\u2019accueil 7j\/7 et 24h\/24 pour r\u00e9pondre \u00e0 diff\u00e9rents besoins : aide aux transports, aide administrative, prise de rendez-vous, coordination de service \u00e0 la personne\u2026<\/p>\n<p>Les s\u00e9jours peuvent \u00eatre de moyenne dur\u00e9e, ou de longue dur\u00e9e. Tout d\u00e9pend des imp\u00e9ratifs et des logements libres au moment de la r\u00e9servation.<\/p>\n<p>En g\u00e9n\u00e9ral, les r\u00e9sidences services seniors proposent des s\u00e9jours d\u00e9couvertes afin de mieux se rendre compte de la vie dans l\u2019\u00e9tablissement.<\/p>\n<h3><span class=\"ez-toc-section\" id=\"les-seniors-concernes\"><\/span>Les seniors concern\u00e9s<span class=\"ez-toc-section-end\"><\/span><\/h3>\n<p>L\u2019\u00e2ge moyen constat\u00e9 dans les r\u00e9sidences services est de 85 ans. Les seniors sont autonomes, ou b\u00e9n\u00e9ficient de soutien, mais ne n\u00e9cessitent pas d\u2019infrastructures m\u00e9dicales.<\/p>\n<p>Diff\u00e9rents services m\u00e9dicaux peuvent intervenir chez la personne locataire, comme une infirmi\u00e8re, une auxiliaire de vie, un kin\u00e9sith\u00e9rapeute. Mais, la r\u00e9sidence service senior n\u2019est pas une maison de retraite m\u00e9dicalis\u00e9e, elle s\u2019adresse bien \u00e0 des seniors ayant une certaine autonomie.<\/p>\n<p>Il est possible de vivre en r\u00e9sidence senior priv\u00e9e en solo ou en couple. Les animaux de compagnie sont les bienvenus. Les appartements sont consid\u00e9r\u00e9s comme les r\u00e9sidences principales des occupants.<\/p>\n<p><img decoding=\"async\" class=\"aligncenter size-full wp-image-29975\" src=\"https:\/\/www.mydemenageur.com\/blog\/wp-content\/uploads\/2023\/05\/res3.jpg\" alt=\"\" width=\"512\" height=\"341\" srcset=\"https:\/\/www.mydemenageur.com\/blog\/wp-content\/uploads\/2023\/05\/res3.jpg 512w, https:\/\/www.mydemenageur.com\/blog\/wp-content\/uploads\/2023\/05\/res3-300x200.jpg 300w\" sizes=\"(max-width: 512px) 100vw, 512px\" \/><\/p>\n<h2><span class=\"ez-toc-section\" id=\"quels-sont-les-services-proposes-par-une-residence-pour-seniors-autonomes%e2%80%89\"><\/span>Quels sont les services propos\u00e9s par une r\u00e9sidence pour seniors autonomes\u2009?<span class=\"ez-toc-section-end\"><\/span><\/h2>\n<p>La r\u00e9sidence a l\u2019avantage de regrouper diff\u00e9rents services pour satisfaire ses locataires. Certains sont compris dans le fonctionnement du lieu de vie, d\u2019autres sont optionnels et payants.<\/p>\n<p>Les services inclus :<\/p>\n<ul>\n<li>la s\u00e9curit\u00e9 des logements et de la r\u00e9sidence\u2009;<\/li>\n<li>l\u2019accueil personnalis\u00e9 des visiteurs et des r\u00e9sidents\u2009;<\/li>\n<li>l\u2019acc\u00e8s aux jardins am\u00e9nag\u00e9s ou espaces verts collectifs\u2009;<\/li>\n<li>l\u2019acc\u00e8s \u00e0 des espaces communs conviviaux\u2009;<\/li>\n<li>l\u2019aide administrative.<\/li>\n<\/ul>\n<p>Les services disponibles :<\/p>\n<ul>\n<li>blanchisserie\u2009;<\/li>\n<li>aide m\u00e9nag\u00e8re\u2009;<\/li>\n<li>soin esth\u00e9tique et coiffeur \u00e0 domicile\u2009;<\/li>\n<li>restauration au restaurant ou livraison de plateaux \u00e0 domicile\u2009;<\/li>\n<li>activit\u00e9 et animation comme des cours de yoga\u2009;<\/li>\n<li>bricolage \u00e0 domicile\u2009;<\/li>\n<li>\u2026<\/li>\n<\/ul>\n<p>Les r\u00e9sidences pour s\u00e9niors peuvent proposer des garages ou places de parking avec les logements ou encore des caves. Ces annexes peuvent \u00eatre ajout\u00e9es plus tard dans le contrat de location.<\/p>\n<p><img decoding=\"async\" class=\"aligncenter size-full wp-image-29974\" src=\"https:\/\/www.mydemenageur.com\/blog\/wp-content\/uploads\/2023\/05\/res4.jpg\" alt=\"\" width=\"512\" height=\"341\" srcset=\"https:\/\/www.mydemenageur.com\/blog\/wp-content\/uploads\/2023\/05\/res4.jpg 512w, https:\/\/www.mydemenageur.com\/blog\/wp-content\/uploads\/2023\/05\/res4-300x200.jpg 300w\" sizes=\"(max-width: 512px) 100vw, 512px\" \/><\/a><\/p>\n<h2><span class=\"ez-toc-section\" id=\"quelle-est-la-difference-entre-residences-services-seniors-ehpad-et-maison-de-retraite%e2%80%89\"><\/span>Quelle est la diff\u00e9rence entre R\u00e9sidences services seniors, Ehpad et maison de retraite\u2009?<span class=\"ez-toc-section-end\"><\/span><\/h2>\n<p>Les r\u00e9sidences services seniors sont assimil\u00e9es \u00e0 tort \u00e0 des maisons de retraite.<\/p>\n<p>La maison de retraite est une expression g\u00e9n\u00e9rique qui renvoie \u00e0 des structures vieillottes en partie m\u00e9dicalis\u00e9es ou totalement m\u00e9dicalis\u00e9e, avec une cantine et une grande salle commune.<\/p>\n<p>Aujourd\u2019hui diff\u00e9rents types d\u2019\u00e9tablissements existent pour accueillir les retrait\u00e9s en fonction de leur \u00e9tat physique, psychologique, et leur niveau de d\u00e9pendance :<\/p>\n<ul>\n<li>la r\u00e9sidence service senior, pour les seniors actifs et autonomes souhaitant une vie comme \u00e0 la maison avec des services de confort suppl\u00e9mentaires\u2009;<\/li>\n<li>la r\u00e9sidence autonomie, ancien foyer-logement, pour les seniors ind\u00e9pendants \u00e0 faibles revenus\u2009;<\/li>\n<li>la maison de retraite pour malades Alzheimer, sp\u00e9cialis\u00e9 dans cette pathologie et proposant aussi un accueil de jour avec diff\u00e9rentes activit\u00e9s adapt\u00e9es\u2009;<\/li>\n<li>L\u2019EHPAD, \u00c9tablissement d\u2019h\u00e9bergement pour personnes \u00e2g\u00e9es d\u00e9pendantes, c\u2019est une maison de retraite m\u00e9dicalis\u00e9e qui peut \u00eatre priv\u00e9e ou publique.<\/li>\n<\/ul>\n<p>Les r\u00e9sidences services seniors repr\u00e9sentent une solution de vie \u00e0 domicile avec des moyens suppl\u00e9mentaires adapt\u00e9s aux seniors pour am\u00e9liorer leur confort au quotidien. L\u2019autonomie et la lutte contre l\u2019isolement sont au c\u0153ur du concept de ce type de logement.<\/p>\n<p>En r\u00e9sum\u00e9, une r\u00e9sidence service senior s\u2019adresse aux seniors autonomes et dynamiques, souhaitant vivre \u00e0 domicile, tout en ayant acc\u00e8s \u00e0 des ressources sp\u00e9cifiques adapt\u00e9es \u00e0 leurs besoins. Le bien-\u00eatre des personnes \u00e2g\u00e9es est une priorit\u00e9 afin de cr\u00e9er une atmosph\u00e8re agr\u00e9able au sein des \u00e9tablissements. Diff\u00e9rents services apportent une aide concr\u00e8te et un confort suppl\u00e9mentaire \u00e0 chaque r\u00e9sident d\u00e8s que le besoin se fait sentir.<\/p>\n","protected":false},"excerpt":{"rendered":"<p>Vous cherchez un logement adapt\u00e9 pour vos vieux jours\u2009? Vous connaissez mal les r\u00e9sidences services seniors, entre mauvaise r\u00e9putation et<\/p>\n","protected":false},"author":11,"featured_media":29977,"comment_status":"closed","ping_status":"closed","sticky":false,"template":"","format":"standard","meta":{"_lmt_disableupdate":"no","_lmt_disable":"no","footnotes":""},"categories":[102],"tags":[114],"yoast_head":"<!-- This site is optimized with the Yoast SEO Premium plugin v24.2 (Yoast SEO v24.5) - https:\/\/yoast.com\/wordpress\/plugins\/seo\/ -->\n<title>Qu\u2019est-ce qu\u2019une r\u00e9sidence services seniors\u2009?<\/title>\n<meta name=\"description\" content=\"%\" \/>\n<meta name=\"robots\" content=\"index, follow, max-snippet:-1, max-image-preview:large, max-video-preview:-1\" \/>\n<link rel=\"canonical\" href=\"https:\/\/www.mydemenageur.com\/blog\/quest-ce-quune-residence-services-seniors\/\" \/>\n<meta property=\"og:locale\" content=\"fr_FR\" \/>\n<meta property=\"og:type\" content=\"article\" \/>\n<meta property=\"og:title\" content=\"Qu\u2019est-ce qu\u2019une r\u00e9sidence services seniors\u2009?\" \/>\n<meta property=\"og:description\" content=\"%\" \/>\n<meta property=\"og:url\" content=\"https:\/\/www.mydemenageur.com\/blog\/quest-ce-quune-residence-services-seniors\/\" \/>\n<meta property=\"og:site_name\" content=\"MyDemenageur\" \/>\n<meta property=\"article:publisher\" content=\"https:\/\/www.facebook.com\/mydemenageur\" \/>\n<meta property=\"article:published_time\" content=\"2023-05-09T08:55:29+00:00\" \/>\n<meta property=\"article:modified_time\" content=\"2024-11-12T11:51:31+00:00\" \/>\n<meta property=\"og:image\" content=\"https:\/\/www.mydemenageur.com\/blog\/wp-content\/uploads\/2023\/05\/residences.jpg\" \/>\n\t<meta property=\"og:image:width\" content=\"512\" \/>\n\t<meta property=\"og:image:height\" content=\"341\" \/>\n\t<meta property=\"og:image:type\" content=\"image\/jpeg\" \/>\n<meta name=\"author\" content=\"Mathilde\" \/>\n<meta name=\"twitter:card\" content=\"summary_large_image\" \/>\n<meta name=\"twitter:creator\" content=\"@mydemenageur\" \/>\n<meta name=\"twitter:site\" content=\"@mydemenageur\" \/>\n<meta name=\"twitter:label1\" content=\"\u00c9crit par\" \/>\n\t<meta name=\"twitter:data1\" content=\"Mathilde\" \/>\n\t<meta name=\"twitter:label2\" content=\"Dur\u00e9e de lecture estim\u00e9e\" \/>\n\t<meta name=\"twitter:data2\" content=\"6 minutes\" \/>\n<script type=\"application\/ld+json\" class=\"yoast-schema-graph\">{\"@context\":\"https:\/\/schema.org\",\"@graph\":[{\"@type\":\"Article\",\"@id\":\"https:\/\/www.mydemenageur.com\/blog\/quest-ce-quune-residence-services-seniors\/#article\",\"isPartOf\":{\"@id\":\"https:\/\/www.mydemenageur.com\/blog\/quest-ce-quune-residence-services-seniors\/\"},\"author\":{\"name\":\"Mathilde\",\"@id\":\"https:\/\/www.mydemenageur.com\/blog\/#\/schema\/person\/4540dc333c2e7dc790f0f7bcd5b99569\"},\"headline\":\"Qu\u2019est-ce qu\u2019une r\u00e9sidence services seniors\u2009?\",\"datePublished\":\"2023-05-09T08:55:29+00:00\",\"dateModified\":\"2024-11-12T11:51:31+00:00\",\"mainEntityOfPage\":{\"@id\":\"https:\/\/www.mydemenageur.com\/blog\/quest-ce-quune-residence-services-seniors\/\"},\"wordCount\":1119,\"publisher\":{\"@id\":\"https:\/\/www.mydemenageur.com\/blog\/#organization\"},\"image\":{\"@id\":\"https:\/\/www.mydemenageur.com\/blog\/quest-ce-quune-residence-services-seniors\/#primaryimage\"},\"thumbnailUrl\":\"https:\/\/www.mydemenageur.com\/blog\/wp-content\/uploads\/2023\/05\/residences.jpg\",\"keywords\":[\"Am\u00e9nagement\"],\"articleSection\":[\"Logement\"],\"inLanguage\":\"fr-FR\"},{\"@type\":\"WebPage\",\"@id\":\"https:\/\/www.mydemenageur.com\/blog\/quest-ce-quune-residence-services-seniors\/\",\"url\":\"https:\/\/www.mydemenageur.com\/blog\/quest-ce-quune-residence-services-seniors\/\",\"name\":\"Qu\u2019est-ce qu\u2019une r\u00e9sidence services seniors\u2009?\",\"isPartOf\":{\"@id\":\"https:\/\/www.mydemenageur.com\/blog\/#website\"},\"primaryImageOfPage\":{\"@id\":\"https:\/\/www.mydemenageur.com\/blog\/quest-ce-quune-residence-services-seniors\/#primaryimage\"},\"image\":{\"@id\":\"https:\/\/www.mydemenageur.com\/blog\/quest-ce-quune-residence-services-seniors\/#primaryimage\"},\"thumbnailUrl\":\"https:\/\/www.mydemenageur.com\/blog\/wp-content\/uploads\/2023\/05\/residences.jpg\",\"datePublished\":\"2023-05-09T08:55:29+00:00\",\"dateModified\":\"2024-11-12T11:51:31+00:00\",\"description\":\"%\",\"breadcrumb\":{\"@id\":\"https:\/\/www.mydemenageur.com\/blog\/quest-ce-quune-residence-services-seniors\/#breadcrumb\"},\"inLanguage\":\"fr-FR\",\"potentialAction\":[{\"@type\":\"ReadAction\",\"target\":[\"https:\/\/www.mydemenageur.com\/blog\/quest-ce-quune-residence-services-seniors\/\"]}]},{\"@type\":\"ImageObject\",\"inLanguage\":\"fr-FR\",\"@id\":\"https:\/\/www.mydemenageur.com\/blog\/quest-ce-quune-residence-services-seniors\/#primaryimage\",\"url\":\"https:\/\/www.mydemenageur.com\/blog\/wp-content\/uploads\/2023\/05\/residences.jpg\",\"contentUrl\":\"https:\/\/www.mydemenageur.com\/blog\/wp-content\/uploads\/2023\/05\/residences.jpg\",\"width\":512,\"height\":341},{\"@type\":\"BreadcrumbList\",\"@id\":\"https:\/\/www.mydemenageur.com\/blog\/quest-ce-quune-residence-services-seniors\/#breadcrumb\",\"itemListElement\":[{\"@type\":\"ListItem\",\"position\":1,\"name\":\"Accueil\",\"item\":\"https:\/\/www.mydemenageur.com\/blog\/\"},{\"@type\":\"ListItem\",\"position\":2,\"name\":\"Logement\",\"item\":\"https:\/\/www.mydemenageur.com\/blog\/categorie\/logement\/\"},{\"@type\":\"ListItem\",\"position\":3,\"name\":\"Qu\u2019est-ce qu\u2019une r\u00e9sidence services seniors\u2009?\"}]},{\"@type\":\"WebSite\",\"@id\":\"https:\/\/www.mydemenageur.com\/blog\/#website\",\"url\":\"https:\/\/www.mydemenageur.com\/blog\/\",\"name\":\"MyDemenageur\",\"description\":\"Conseils d\u00e9m\u00e9ngement entre particuliers et d\u00e9m\u00e9nagement professionnel\",\"publisher\":{\"@id\":\"https:\/\/www.mydemenageur.com\/blog\/#organization\"},\"potentialAction\":[{\"@type\":\"SearchAction\",\"target\":{\"@type\":\"EntryPoint\",\"urlTemplate\":\"https:\/\/www.mydemenageur.com\/blog\/?s={search_term_string}\"},\"query-input\":{\"@type\":\"PropertyValueSpecification\",\"valueRequired\":true,\"valueName\":\"search_term_string\"}}],\"inLanguage\":\"fr-FR\"},{\"@type\":\"Organization\",\"@id\":\"https:\/\/www.mydemenageur.com\/blog\/#organization\",\"name\":\"MyDemenageur.com\",\"url\":\"https:\/\/www.mydemenageur.com\/blog\/\",\"logo\":{\"@type\":\"ImageObject\",\"inLanguage\":\"fr-FR\",\"@id\":\"https:\/\/www.mydemenageur.com\/blog\/#\/schema\/logo\/image\/\",\"url\":\"https:\/\/www.mydemenageur.com\/blog\/wp-content\/uploads\/2022\/05\/MyDemenageur_Symbol.jpg\",\"contentUrl\":\"https:\/\/www.mydemenageur.com\/blog\/wp-content\/uploads\/2022\/05\/MyDemenageur_Symbol.jpg\",\"width\":878,\"height\":877,\"caption\":\"MyDemenageur.com\"},\"image\":{\"@id\":\"https:\/\/www.mydemenageur.com\/blog\/#\/schema\/logo\/image\/\"},\"sameAs\":[\"https:\/\/www.facebook.com\/mydemenageur\",\"https:\/\/x.com\/mydemenageur\",\"https:\/\/www.pinterest.fr\/mydemenageur\/\"]},{\"@type\":\"Person\",\"@id\":\"https:\/\/www.mydemenageur.com\/blog\/#\/schema\/person\/4540dc333c2e7dc790f0f7bcd5b99569\",\"name\":\"Mathilde\",\"image\":{\"@type\":\"ImageObject\",\"inLanguage\":\"fr-FR\",\"@id\":\"https:\/\/www.mydemenageur.com\/blog\/#\/schema\/person\/image\/\",\"url\":\"https:\/\/secure.gravatar.com\/avatar\/abde069f6f70261ee6ecea93e0437d77?s=96&#038;r=g\",\"contentUrl\":\"https:\/\/secure.gravatar.com\/avatar\/abde069f6f70261ee6ecea93e0437d77?s=96&#038;r=g\",\"caption\":\"Mathilde\"},\"description\":\"L'harmonie des couleurs et des objets m'a toujours fascin\u00e9e, transformant chaque pi\u00e8ce en un lieu unique et agr\u00e9able \u00e0 vivre. Sur MyDemenageur, vous trouverez non seulement des inspirations personnelles, mais aussi des informations r\u00e9centes sur le monde de la d\u00e9coration, les projets de maison, le d\u00e9m\u00e9nagement et les travaux.\",\"url\":\"https:\/\/www.mydemenageur.com\/blog\/author\/mathilde\/\"}]}<\/script>\n<!-- \/ Yoast SEO Premium plugin. -->","yoast_head_json":{"title":"Qu\u2019est-ce qu\u2019une r\u00e9sidence services seniors\u2009?","description":"%","robots":{"index":"index","follow":"follow","max-snippet":"max-snippet:-1","max-image-preview":"max-image-preview:large","max-video-preview":"max-video-preview:-1"},"canonical":"https:\/\/www.mydemenageur.com\/blog\/quest-ce-quune-residence-services-seniors\/","og_locale":"fr_FR","og_type":"article","og_title":"Qu\u2019est-ce qu\u2019une r\u00e9sidence services seniors\u2009?","og_description":"%","og_url":"https:\/\/www.mydemenageur.com\/blog\/quest-ce-quune-residence-services-seniors\/","og_site_name":"MyDemenageur","article_publisher":"https:\/\/www.facebook.com\/mydemenageur","article_published_time":"2023-05-09T08:55:29+00:00","article_modified_time":"2024-11-12T11:51:31+00:00","og_image":[{"width":512,"height":341,"url":"https:\/\/www.mydemenageur.com\/blog\/wp-content\/uploads\/2023\/05\/residences.jpg","type":"image\/jpeg"}],"author":"Mathilde","twitter_card":"summary_large_image","twitter_creator":"@mydemenageur","twitter_site":"@mydemenageur","twitter_misc":{"\u00c9crit par":"Mathilde","Dur\u00e9e de lecture estim\u00e9e":"6 minutes"},"schema":{"@context":"https:\/\/schema.org","@graph":[{"@type":"Article","@id":"https:\/\/www.mydemenageur.com\/blog\/quest-ce-quune-residence-services-seniors\/#article","isPartOf":{"@id":"https:\/\/www.mydemenageur.com\/blog\/quest-ce-quune-residence-services-seniors\/"},"author":{"name":"Mathilde","@id":"https:\/\/www.mydemenageur.com\/blog\/#\/schema\/person\/4540dc333c2e7dc790f0f7bcd5b99569"},"headline":"Qu\u2019est-ce qu\u2019une r\u00e9sidence services seniors\u2009?","datePublished":"2023-05-09T08:55:29+00:00","dateModified":"2024-11-12T11:51:31+00:00","mainEntityOfPage":{"@id":"https:\/\/www.mydemenageur.com\/blog\/quest-ce-quune-residence-services-seniors\/"},"wordCount":1119,"publisher":{"@id":"https:\/\/www.mydemenageur.com\/blog\/#organization"},"image":{"@id":"https:\/\/www.mydemenageur.com\/blog\/quest-ce-quune-residence-services-seniors\/#primaryimage"},"thumbnailUrl":"https:\/\/www.mydemenageur.com\/blog\/wp-content\/uploads\/2023\/05\/residences.jpg","keywords":["Am\u00e9nagement"],"articleSection":["Logement"],"inLanguage":"fr-FR"},{"@type":"WebPage","@id":"https:\/\/www.mydemenageur.com\/blog\/quest-ce-quune-residence-services-seniors\/","url":"https:\/\/www.mydemenageur.com\/blog\/quest-ce-quune-residence-services-seniors\/","name":"Qu\u2019est-ce qu\u2019une r\u00e9sidence services seniors\u2009?","isPartOf":{"@id":"https:\/\/www.mydemenageur.com\/blog\/#website"},"primaryImageOfPage":{"@id":"https:\/\/www.mydemenageur.com\/blog\/quest-ce-quune-residence-services-seniors\/#primaryimage"},"image":{"@id":"https:\/\/www.mydemenageur.com\/blog\/quest-ce-quune-residence-services-seniors\/#primaryimage"},"thumbnailUrl":"https:\/\/www.mydemenageur.com\/blog\/wp-content\/uploads\/2023\/05\/residences.jpg","datePublished":"2023-05-09T08:55:29+00:00","dateModified":"2024-11-12T11:51:31+00:00","description":"%","breadcrumb":{"@id":"https:\/\/www.mydemenageur.com\/blog\/quest-ce-quune-residence-services-seniors\/#breadcrumb"},"inLanguage":"fr-FR","potentialAction":[{"@type":"ReadAction","target":["https:\/\/www.mydemenageur.com\/blog\/quest-ce-quune-residence-services-seniors\/"]}]},{"@type":"ImageObject","inLanguage":"fr-FR","@id":"https:\/\/www.mydemenageur.com\/blog\/quest-ce-quune-residence-services-seniors\/#primaryimage","url":"https:\/\/www.mydemenageur.com\/blog\/wp-content\/uploads\/2023\/05\/residences.jpg","contentUrl":"https:\/\/www.mydemenageur.com\/blog\/wp-content\/uploads\/2023\/05\/residences.jpg","width":512,"height":341},{"@type":"BreadcrumbList","@id":"https:\/\/www.mydemenageur.com\/blog\/quest-ce-quune-residence-services-seniors\/#breadcrumb","itemListElement":[{"@type":"ListItem","position":1,"name":"Accueil","item":"https:\/\/www.mydemenageur.com\/blog\/"},{"@type":"ListItem","position":2,"name":"Logement","item":"https:\/\/www.mydemenageur.com\/blog\/categorie\/logement\/"},{"@type":"ListItem","position":3,"name":"Qu\u2019est-ce qu\u2019une r\u00e9sidence services seniors\u2009?"}]},{"@type":"WebSite","@id":"https:\/\/www.mydemenageur.com\/blog\/#website","url":"https:\/\/www.mydemenageur.com\/blog\/","name":"MyDemenageur","description":"Conseils d\u00e9m\u00e9ngement entre particuliers et d\u00e9m\u00e9nagement professionnel","publisher":{"@id":"https:\/\/www.mydemenageur.com\/blog\/#organization"},"potentialAction":[{"@type":"SearchAction","target":{"@type":"EntryPoint","urlTemplate":"https:\/\/www.mydemenageur.com\/blog\/?s={search_term_string}"},"query-input":{"@type":"PropertyValueSpecification","valueRequired":true,"valueName":"search_term_string"}}],"inLanguage":"fr-FR"},{"@type":"Organization","@id":"https:\/\/www.mydemenageur.com\/blog\/#organization","name":"MyDemenageur.com","url":"https:\/\/www.mydemenageur.com\/blog\/","logo":{"@type":"ImageObject","inLanguage":"fr-FR","@id":"https:\/\/www.mydemenageur.com\/blog\/#\/schema\/logo\/image\/","url":"https:\/\/www.mydemenageur.com\/blog\/wp-content\/uploads\/2022\/05\/MyDemenageur_Symbol.jpg","contentUrl":"https:\/\/www.mydemenageur.com\/blog\/wp-content\/uploads\/2022\/05\/MyDemenageur_Symbol.jpg","width":878,"height":877,"caption":"MyDemenageur.com"},"image":{"@id":"https:\/\/www.mydemenageur.com\/blog\/#\/schema\/logo\/image\/"},"sameAs":["https:\/\/www.facebook.com\/mydemenageur","https:\/\/x.com\/mydemenageur","https:\/\/www.pinterest.fr\/mydemenageur\/"]},{"@type":"Person","@id":"https:\/\/www.mydemenageur.com\/blog\/#\/schema\/person\/4540dc333c2e7dc790f0f7bcd5b99569","name":"Mathilde","image":{"@type":"ImageObject","inLanguage":"fr-FR","@id":"https:\/\/www.mydemenageur.com\/blog\/#\/schema\/person\/image\/","url":"https:\/\/secure.gravatar.com\/avatar\/abde069f6f70261ee6ecea93e0437d77?s=96&#038;r=g","contentUrl":"https:\/\/secure.gravatar.com\/avatar\/abde069f6f70261ee6ecea93e0437d77?s=96&#038;r=g","caption":"Mathilde"},"description":"L'harmonie des couleurs et des objets m'a toujours fascin\u00e9e, transformant chaque pi\u00e8ce en un lieu unique et agr\u00e9able \u00e0 vivre. Sur MyDemenageur, vous trouverez non seulement des inspirations personnelles, mais aussi des informations r\u00e9centes sur le monde de la d\u00e9coration, les projets de maison, le d\u00e9m\u00e9nagement et les travaux.","url":"https:\/\/www.mydemenageur.com\/blog\/author\/mathilde\/"}]}},"modified_by":"MyDemenageur","_links":{"self":[{"href":"https:\/\/www.mydemenageur.com\/blog\/wp-json\/wp\/v2\/posts\/29973"}],"collection":[{"href":"https:\/\/www.mydemenageur.com\/blog\/wp-json\/wp\/v2\/posts"}],"about":[{"href":"https:\/\/www.mydemenageur.com\/blog\/wp-json\/wp\/v2\/types\/post"}],"author":[{"embeddable":true,"href":"https:\/\/www.mydemenageur.com\/blog\/wp-json\/wp\/v2\/users\/11"}],"replies":[{"embeddable":true,"href":"https:\/\/www.mydemenageur.com\/blog\/wp-json\/wp\/v2\/comments?post=29973"}],"version-history":[{"count":0,"href":"https:\/\/www.mydemenageur.com\/blog\/wp-json\/wp\/v2\/posts\/29973\/revisions"}],"wp:featuredmedia":[{"embeddable":true,"href":"https:\/\/www.mydemenageur.com\/blog\/wp-json\/wp\/v2\/media\/29977"}],"wp:attachment":[{"href":"https:\/\/www.mydemenageur.com\/blog\/wp-json\/wp\/v2\/media?parent=29973"}],"wp:term":[{"taxonomy":"category","embeddable":true,"href":"https:\/\/www.mydemenageur.com\/blog\/wp-json\/wp\/v2\/categories?post=29973"},{"taxonomy":"post_tag","embeddable":true,"href":"https:\/\/www.mydemenageur.com\/blog\/wp-json\/wp\/v2\/tags?post=29973"}],"curies":[{"name":"wp","href":"https:\/\/api.w.org\/{rel}","templated":true}]}}