{"id":30078,"date":"2023-09-01T12:32:02","date_gmt":"2023-09-01T12:32:02","guid":{"rendered":"https:\/\/www.mydemenageur.com\/blog\/que-pouvez-vous-stocker-dans-un-garde-meuble\/"},"modified":"2024-11-12T12:47:31","modified_gmt":"2024-11-12T11:47:31","slug":"que-pouvez-vous-stocker-dans-un-garde-meuble","status":"publish","type":"post","link":"https:\/\/www.mydemenageur.com\/blog\/que-pouvez-vous-stocker-dans-un-garde-meuble\/","title":{"rendered":"Que pouvez-vous stocker dans un garde-meuble ?"},"content":{"rendered":"<p>Si vous constatez que vous avez <strong>\u00e9norm\u00e9ment d&rsquo;affaires<\/strong> chez vous ou si vous pr\u00e9voyez de <strong>d\u00e9m\u00e9nager<\/strong>, vous vous \u00eates alors d\u00e9j\u00e0 pos\u00e9 la question du<strong> lieu de stockage<\/strong>. Notez qu&rsquo;il est plus avantageux d&rsquo;utiliser un <strong>garde-meuble<\/strong> qu&rsquo;une <strong>cave<\/strong> comme <strong>espace de stockage<\/strong>. Le risque de <strong>moisissures<\/strong> est moins \u00e9lev\u00e9, car il s&rsquo;agit d&rsquo;un lieu dans lequel la <strong>temp\u00e9rature<\/strong> et le t<strong>aux d&rsquo;humidit\u00e9<\/strong> sont r\u00e9gul\u00e9s. Voici un tour d&rsquo;horizon des <strong>affaires<\/strong> que vous pouvez <strong>stocker<\/strong> dans un <strong>garde-meuble<\/strong>.<\/p>\n<div id=\"ez-toc-container\" class=\"ez-toc-v2_0_82_2 counter-hierarchy ez-toc-counter ez-toc-custom ez-toc-container-direction\">\n<div class=\"ez-toc-title-container\">\n<p class=\"ez-toc-title\" style=\"cursor:inherit\">Ce que vous allez apprendre<\/p>\n<span class=\"ez-toc-title-toggle\"><\/span><\/div>\n<nav><ul class='ez-toc-list ez-toc-list-level-1 ' ><li class='ez-toc-page-1 ez-toc-heading-level-2'><a class=\"ez-toc-link ez-toc-heading-1\" href=\"https:\/\/www.mydemenageur.com\/blog\/que-pouvez-vous-stocker-dans-un-garde-meuble\/#stockez-des-meubles-que-vous-aimez-mais-que-vous-ne-voulez-pas-chez-vous\" >Stockez des meubles que vous aimez, mais que vous ne voulez pas chez vous<\/a><\/li><li class='ez-toc-page-1 ez-toc-heading-level-2'><a class=\"ez-toc-link ez-toc-heading-2\" href=\"https:\/\/www.mydemenageur.com\/blog\/que-pouvez-vous-stocker-dans-un-garde-meuble\/#organisez-vous-en-stockant-vos-documents-importants\" >Organisez-vous en stockant vos documents importants<\/a><\/li><li class='ez-toc-page-1 ez-toc-heading-level-2'><a class=\"ez-toc-link ez-toc-heading-3\" href=\"https:\/\/www.mydemenageur.com\/blog\/que-pouvez-vous-stocker-dans-un-garde-meuble\/#stockez-les-affaires-dhiver-en-ete-et-inversement\" >Stockez les affaires d&rsquo;hiver en \u00e9t\u00e9, et inversement<\/a><\/li><li class='ez-toc-page-1 ez-toc-heading-level-2'><a class=\"ez-toc-link ez-toc-heading-4\" href=\"https:\/\/www.mydemenageur.com\/blog\/que-pouvez-vous-stocker-dans-un-garde-meuble\/#comment-preserver-les-vetements-saisonniers\" >Comment pr\u00e9server les v\u00eatements saisonniers ?<\/a><\/li><li class='ez-toc-page-1 ez-toc-heading-level-2'><a class=\"ez-toc-link ez-toc-heading-5\" href=\"https:\/\/www.mydemenageur.com\/blog\/que-pouvez-vous-stocker-dans-un-garde-meuble\/#un-box-de-stockage-climatise-pour-les-bouteilles-de-vin\" >Un box de stockage climatis\u00e9 pour les bouteilles de vin<\/a><\/li><li class='ez-toc-page-1 ez-toc-heading-level-2'><a class=\"ez-toc-link ez-toc-heading-6\" href=\"https:\/\/www.mydemenageur.com\/blog\/que-pouvez-vous-stocker-dans-un-garde-meuble\/#comment-stocker-des-appareils-electroniques\" >Comment stocker des appareils \u00e9lectroniques ?<\/a><\/li><\/ul><\/nav><\/div>\n<h2><span class=\"ez-toc-section\" id=\"stockez-des-meubles-que-vous-aimez-mais-que-vous-ne-voulez-pas-chez-vous\"><\/span>Stockez des meubles que vous aimez, mais que vous ne voulez pas chez vous<span class=\"ez-toc-section-end\"><\/span><\/h2>\n<p><a href=\"https:\/\/www.mydemenageur.com\/blog\/stockage-meuble-demenagement-garde-meuble\/\">Un garde-meuble<\/a> peut servir \u00e0 stocker des meubles comme une armoire, un canap\u00e9, une commode ou une biblioth\u00e8que. Il peut m\u00eame accueillir du mobilier de grande dimension. Dans ce cas, le box doit poss\u00e9der un espace de stockage adapt\u00e9. Avant de ranger les meubles, il faut les d\u00e9monter (si leur configuration l&rsquo;autorise). Cela permet de <strong>gagner de la place dans le box. <\/strong>Le <a href=\"https:\/\/www.mydemenageur.com\/blog\/comment-bien-emballer-des-objets-fragiles\/\">risque de casse<\/a> est \u00e9galement r\u00e9duit.<\/p>\n<p>Attention aux erreurs de d\u00e9butants\u2026 Les \u00e9crous et les vis d&rsquo;assemblage doivent \u00eatre tous rassembl\u00e9s au m\u00eame endroit ! Veillez \u00e9galement \u00e0 ne pas d\u00e9poser des objets lourds sur les pi\u00e8ces d\u00e9mont\u00e9es, afin qu&rsquo;elles ne se d\u00e9forment pas. Il faut les poser \u00e0 l&rsquo;horizontale. Si vous voulez exploiter l&rsquo;espace de mani\u00e8re intelligente, il est possible d&#8217;empiler les meubles. Pour cela, il faut vous assurer de mettre les pi\u00e8ces les plus l\u00e9g\u00e8res sur les pi\u00e8ces plus lourdes. Les canap\u00e9s ne doivent pas servir de supports, sauf pour des objets tr\u00e8s l\u00e9gers.<\/p>\n<p>Les meubles doivent \u00eatre recouverts. Ainsi, la poussi\u00e8re ne s&rsquo;accumule pas sur les surfaces. Notez que les coussins et les meubles rembourr\u00e9s sont sensibles \u00e0 l&rsquo;humidit\u00e9. En outre, il ne faut surtout pas utiliser des b\u00e2ches en plastique sur ces surfaces. Elles ne sont pas respirantes, ce qui entra\u00eene de la condensation. Sur le long terme, cela peut provoquer des moisissures sur les meubles. Il est \u00e9galement recommand\u00e9 de mettre les meubles sur des palettes. Assurez-vous aussi qu&rsquo;ils ne sont pas coll\u00e9s aux murs de l&rsquo;espace de stockage.<\/p>\n<p>Un box \u00e9quip\u00e9 d&rsquo;un syst\u00e8me de ventilation est une excellente option pour entreposer tes meubles. Il faut aussi v\u00e9rifier la localisation g\u00e9ographique du garde-meuble. Il doit \u00eatre situ\u00e9 dans la m\u00eame r\u00e9gion que votre habitation. Ainsi, si vous r\u00e9sidez dans le Finist\u00e8re, il faudra vous tourner vers un <strong>espace de stockage<\/strong> situ\u00e9 \u00e0 Brest. Si vous habitez de l&rsquo;autre c\u00f4t\u00e9 de l&rsquo;Hexagone, dans les Alpes-Maritimes, il faudra alors choisir un service de <a href=\"https:\/\/www.shurgard.com\/fr-fr\/garde-meuble\/nice\">location d&rsquo;espace de rangement \u00e0 Nice<\/a>, \u00e0 Grasse ou \u00e0 Villeneuve-Loubet. Le prestataire que vous s\u00e9lectionnez doit aussi proposer des box de diff\u00e9rentes dimensions. Cela vous \u00e9vitera de payer pour de l&rsquo;espace qui n&rsquo;est pas exploit\u00e9. La pr\u00e9sence de syst\u00e8me de s\u00e9curit\u00e9, comme la vid\u00e9osurveillance, doit \u00eatre un crit\u00e8re important dans le choix du garde-meuble.<\/p>\n<p><img decoding=\"async\" style=\"display: block; margin-left: auto; margin-right: auto;\" src=\"https:\/\/www.mydemenageur.com\/blog\/wp-content\/uploads\/2023\/09\/28551.jpg\" alt=\"stockage de meubles\" \/><\/p>\n<h2><span class=\"ez-toc-section\" id=\"organisez-vous-en-stockant-vos-documents-importants\"><\/span>Organisez-vous en stockant vos documents importants<span class=\"ez-toc-section-end\"><\/span><\/h2>\n<p>Le papier ne doit pas \u00eatre stock\u00e9 dans un espace trop chaud ou trop humide. Le garde-meuble doit donc \u00eatre \u00e9quip\u00e9 d&rsquo;un syst\u00e8me d&rsquo;a\u00e9ration pour accueillir vos documents importants. La temp\u00e9rature ambiante id\u00e9ale pour conserver longtemps des livres est de 18 \u00b0C. Avant de les stocker, il est recommand\u00e9 de les couvrir. Cela permet de prolonger leur dur\u00e9e de vie. Si les livres sont rang\u00e9s dans des cartons, il faut \u00e9viter de les poser directement sur le sol. Cela limite les risques de moisissure.<\/p>\n<p>Un <strong>classeur<\/strong> est \u00e9galement utile pour ranger le papier. Il prot\u00e8ge des conditions ext\u00e9rieures et \u00e9vite que les feuilles se froissent. Un tri est n\u00e9cessaire au pr\u00e9alable. Un <strong>box de stockage<\/strong> n&rsquo;est pas un d\u00e9barras. Il faut \u00e9viter de ranger par exemple des factures de gaz et d&rsquo;\u00e9lectricit\u00e9 trop anciennes. Leur dur\u00e9e de conservation l\u00e9gale est fix\u00e9e \u00e0 5 ans. De m\u00eame, il n&rsquo;est pas utile de conserver un document fiscal qui est vieux de plus de 6 ans.<\/p>\n<p>Les photos doivent \u00eatre empil\u00e9es dans une bo\u00eete en carton. Il ne faut pas utiliser un \u00e9lastique pour les assembler. Cela les ab\u00eeme au fil du temps. Intercalez du papier non acide entre les photos. Ainsi, elles se colleront entre elles.<\/p>\n<h2><span class=\"ez-toc-section\" id=\"stockez-les-affaires-dhiver-en-ete-et-inversement\"><\/span>Stockez les affaires d&rsquo;hiver en \u00e9t\u00e9, et inversement<span class=\"ez-toc-section-end\"><\/span><\/h2>\n<p>\u00c0 la fin de la saison, le garde-meuble peut aussi <a href=\"https:\/\/www.mydemenageur.com\/blog\/centres-de-self-stockage-demenagement\/\">servir \u00e0 stocker les affaires<\/a> dont vous n&rsquo;avez plus besoin de mani\u00e8re temporaire. <a href=\"https:\/\/www.mydemenageur.com\/blog\/stocker-affaires-tour-du-monde\/\">Apr\u00e8s un s\u00e9jour<\/a> dans une station de ski par exemple, il faut ranger les \u00e9quipements dans de bonnes conditions. De m\u00eame, \u00e0 la fin des vacances, le mat\u00e9riel de camping doit \u00eatre rang\u00e9. Plut\u00f4t que de ranger ces affaires chez vous, vous pouvez opter pour un espace de stockage. Cela permet de gagner de l&rsquo;espace. Il faut proc\u00e9der \u00e0 un nettoyage avant de <strong>ranger le mat\u00e9riel de camping et de ski dans un box<\/strong>.<\/p>\n<p>Assurez-vous de ne pas importer des insectes et autres nuisibles dans la pi\u00e8ce. Si vous avez une tente, il faut bien la s\u00e9cher et la ranger dans un sac respirant avant de l&rsquo;entreposer. Le sac de couchage doit \u00eatre pli\u00e9 de mani\u00e8re d\u00e9sordonn\u00e9e dans une housse. Cette m\u00e9thode \u00e9vite l&rsquo;apparition de points de pression, ce qui \u00e9vite une mauvaise r\u00e9partition du garnissage.<\/p>\n<h2><span class=\"ez-toc-section\" id=\"comment-preserver-les-vetements-saisonniers\"><\/span>Comment pr\u00e9server les v\u00eatements saisonniers ?<span class=\"ez-toc-section-end\"><\/span><\/h2>\n<p>Le textile est sensible \u00e0 la moisissure. Il faut donc prendre les pr\u00e9cautions pour pr\u00e9server les v\u00eatements saisonniers. Ils doivent <strong>\u00eatre nettoy\u00e9s avant le stockage<\/strong>. En effet, les taches pr\u00e9sentes sur les v\u00eatements deviennent plus difficiles \u00e0 laver apr\u00e8s une longue p\u00e9riode. Les mauvaises odeurs et la salet\u00e9 peuvent attirer les insectes dans le garde-meuble. Il faut plier les affaires avec soin avant de les ranger dans un sac. Afin de lutter contre l&rsquo;humidit\u00e9, il est conseill\u00e9 de poser des sachets de silice \u00e0 l&rsquo;int\u00e9rieur. Cependant, les v\u00eatements saisonniers comme les manteaux et les doudounes doivent \u00eatre suspendus apr\u00e8s avoir \u00e9t\u00e9 envelopp\u00e9s dans une housse. Il est possible d&#8217;emballer sous vide d&rsquo;air les vestes et les v\u00eatements en laine. Cette technique permet de garder les affaires en bon \u00e9tat.<\/p>\n<p>Les box de stockage ne sont pas toujours \u00e0 l&rsquo;abri d&rsquo;une invasion de nuisibles. Il est recommand\u00e9 d&rsquo;utiliser des solutions antimites naturelles \u00e0 base de thym, lavande ou romarin.<\/p>\n<h2><span class=\"ez-toc-section\" id=\"un-box-de-stockage-climatise-pour-les-bouteilles-de-vin\"><\/span>Un box de stockage climatis\u00e9 pour les bouteilles de vin<span class=\"ez-toc-section-end\"><\/span><\/h2>\n<p>Les bouteilles de vin doivent \u00eatre rang\u00e9es dans de bonnes conditions de temp\u00e9rature et d&rsquo;hygrom\u00e9trie. Cela permet de sauvegarder les caract\u00e9ristiques de la boisson. <a href=\"https:\/\/www.mydemenageur.com\/blog\/comment-choisir-un-box-de-demenagement\/\">Le box<\/a> choisi doit \u00eatre \u00e9quip\u00e9 d&rsquo;un syst\u00e8me de climatisation. Pour une conservation optimale, la temp\u00e9rature ambiante dans le local doit \u00eatre comprise <strong>entre 5 \u00b0C et 18 \u00b0C<\/strong>. L&rsquo;id\u00e9al est un box dont les cloisons garantissent une bonne isolation thermique. Ainsi, en p\u00e9riode hivernale, le vin ne sera pas soumis \u00e0 de fortes variations de temp\u00e9rature. La pi\u00e8ce doit poss\u00e9der un taux d&rsquo;humidit\u00e9 situ\u00e9 entre 55 % et 75 %. Quand l&rsquo;atmosph\u00e8re est trop humide, cela cr\u00e9e des moisissures au niveau du bouchon. De m\u00eame, quand elle est trop s\u00e8che, cela peut faire perdre de l&rsquo;\u00e9tanch\u00e9it\u00e9 au li\u00e8ge.<\/p>\n<p>Les bouteilles de vin doivent \u00eatre conserv\u00e9es en position horizontale. Ainsi, le liquide humidifie le bouchon en permanence. Cela r\u00e9duit le risque d&rsquo;oxydation. Il faut utiliser des casiers pour entreposer les bouteilles. Le niveau de luminosit\u00e9 agit aussi sur le vin. Une forte exposition \u00e0 une source de lumi\u00e8re entra\u00eene un go\u00fbt \u00e2cre. Avant de consommer votre vin avec mod\u00e9ration, il sera donc important de <strong>le stocker<\/strong> \u00e0 la mani\u00e8re d&rsquo;un caviste professionnel.<\/p>\n<p><img decoding=\"async\" style=\"display: block; margin-left: auto; margin-right: auto;\" src=\"https:\/\/www.mydemenageur.com\/blog\/wp-content\/uploads\/2023\/09\/28552.jpg\" alt=\"bouteille de vin stock\u00e9e\" \/><\/p>\n<h2><span class=\"ez-toc-section\" id=\"comment-stocker-des-appareils-electroniques\"><\/span>Comment stocker des appareils \u00e9lectroniques ?<span class=\"ez-toc-section-end\"><\/span><\/h2>\n<p>Les appareils \u00e9lectroniques peuvent cesser de fonctionner s&rsquo;ils sont entrepos\u00e9s dans de mauvaises conditions. Ils sont tr\u00e8s sensibles \u00e0 la poussi\u00e8re et \u00e0 l&rsquo;humidit\u00e9. Il faut donc les emballer avant de les entreposer. Pour cela, il faut utiliser le carton d&rsquo;origine. Si vous vous \u00eates d\u00e9j\u00e0 d\u00e9barrass\u00e9 de ce carton, il est possible d&rsquo;utiliser du papier \u00e0 bulles \u00e0 la place. Ce dernier assure une bonne \u00e9tanch\u00e9it\u00e9 et peut \u00eatre utilis\u00e9 pour les plus grands appareils \u00e9lectroniques.<\/p>\n<p>Si l&rsquo;appareil \u00e9lectronique utilise une pile ou une batterie amovible, veillez \u00e0 l&rsquo;enlever avant d&rsquo;entreposer l&rsquo;\u00e9quipement. Cela \u00e9vite l&rsquo;apparition de traces de corrosion. Si vous pr\u00e9voyez de <strong>stocker une imprimante<\/strong>, il faut utiliser des cartouches de nettoyage. Cette pr\u00e9caution permet de maintenir les buses en bon \u00e9tat. Si des cartouches d&rsquo;encre ont d\u00e9j\u00e0 \u00e9t\u00e9 entam\u00e9es, il faut les conserver dans un r\u00e9cipient humidifi\u00e9 et herm\u00e9tique. Les buses doivent \u00eatre positionn\u00e9es de mani\u00e8re \u00e0 ce qu&rsquo;elles ne soient pas en contact avec les parois du r\u00e9cipient. Pour plus de pr\u00e9cautions, vous pouvez vous r\u00e9f\u00e9rer aux consignes du fabricant de la cartouche d&rsquo;encre.<\/p>\n<p>Vous pouvez donc stocker beaucoup d&rsquo;affaires en garde-meuble, mais attention \u00e0 l&rsquo;hydrom\u00e9trie et la mani\u00e8re dont vous entreposez vos biens. Un bon stockage pr\u00e9serve les affaires des al\u00e9as du temps qui passe. Soyez vigilant selon l&#8217;emploi que vous voudrez faire plus tard des archives et du mat\u00e9riel stock\u00e9s.<\/p>\n","protected":false},"excerpt":{"rendered":"<p>Si vous constatez que vous avez \u00e9norm\u00e9ment d&rsquo;affaires chez vous ou si vous pr\u00e9voyez de d\u00e9m\u00e9nager, vous vous \u00eates alors<\/p>\n","protected":false},"author":11,"featured_media":30079,"comment_status":"closed","ping_status":"closed","sticky":false,"template":"","format":"standard","meta":{"_lmt_disableupdate":"no","_lmt_disable":"no","footnotes":""},"categories":[111],"tags":[],"yoast_head":"<!-- This site is optimized with the Yoast SEO Premium plugin v24.2 (Yoast SEO v24.5) - https:\/\/yoast.com\/wordpress\/plugins\/seo\/ -->\n<title>Que pouvez-vous stocker dans un garde-meuble ?<\/title>\n<meta name=\"description\" content=\"%\" \/>\n<meta name=\"robots\" content=\"index, follow, max-snippet:-1, max-image-preview:large, max-video-preview:-1\" \/>\n<link rel=\"canonical\" href=\"https:\/\/www.mydemenageur.com\/blog\/que-pouvez-vous-stocker-dans-un-garde-meuble\/\" \/>\n<meta property=\"og:locale\" content=\"fr_FR\" \/>\n<meta property=\"og:type\" content=\"article\" \/>\n<meta property=\"og:title\" content=\"Que pouvez-vous stocker dans un garde-meuble ?\" \/>\n<meta property=\"og:description\" content=\"%\" \/>\n<meta property=\"og:url\" content=\"https:\/\/www.mydemenageur.com\/blog\/que-pouvez-vous-stocker-dans-un-garde-meuble\/\" \/>\n<meta property=\"og:site_name\" content=\"MyDemenageur\" \/>\n<meta property=\"article:publisher\" content=\"https:\/\/www.facebook.com\/mydemenageur\" \/>\n<meta property=\"article:published_time\" content=\"2023-09-01T12:32:02+00:00\" \/>\n<meta property=\"article:modified_time\" content=\"2024-11-12T11:47:31+00:00\" \/>\n<meta property=\"og:image\" content=\"https:\/\/www.mydemenageur.com\/blog\/wp-content\/uploads\/2023\/09\/30217.jpg\" \/>\n\t<meta property=\"og:image:width\" content=\"1254\" \/>\n\t<meta property=\"og:image:height\" content=\"836\" \/>\n\t<meta property=\"og:image:type\" content=\"image\/jpeg\" \/>\n<meta name=\"author\" content=\"Mathilde\" \/>\n<meta name=\"twitter:card\" content=\"summary_large_image\" \/>\n<meta name=\"twitter:creator\" content=\"@mydemenageur\" \/>\n<meta name=\"twitter:site\" content=\"@mydemenageur\" \/>\n<meta name=\"twitter:label1\" content=\"\u00c9crit par\" \/>\n\t<meta name=\"twitter:data1\" content=\"Mathilde\" \/>\n\t<meta name=\"twitter:label2\" content=\"Dur\u00e9e de lecture estim\u00e9e\" \/>\n\t<meta name=\"twitter:data2\" content=\"9 minutes\" \/>\n<script type=\"application\/ld+json\" class=\"yoast-schema-graph\">{\"@context\":\"https:\/\/schema.org\",\"@graph\":[{\"@type\":\"Article\",\"@id\":\"https:\/\/www.mydemenageur.com\/blog\/que-pouvez-vous-stocker-dans-un-garde-meuble\/#article\",\"isPartOf\":{\"@id\":\"https:\/\/www.mydemenageur.com\/blog\/que-pouvez-vous-stocker-dans-un-garde-meuble\/\"},\"author\":{\"name\":\"Mathilde\",\"@id\":\"https:\/\/www.mydemenageur.com\/blog\/#\/schema\/person\/4540dc333c2e7dc790f0f7bcd5b99569\"},\"headline\":\"Que pouvez-vous stocker dans un garde-meuble ?\",\"datePublished\":\"2023-09-01T12:32:02+00:00\",\"dateModified\":\"2024-11-12T11:47:31+00:00\",\"mainEntityOfPage\":{\"@id\":\"https:\/\/www.mydemenageur.com\/blog\/que-pouvez-vous-stocker-dans-un-garde-meuble\/\"},\"wordCount\":1619,\"publisher\":{\"@id\":\"https:\/\/www.mydemenageur.com\/blog\/#organization\"},\"image\":{\"@id\":\"https:\/\/www.mydemenageur.com\/blog\/que-pouvez-vous-stocker-dans-un-garde-meuble\/#primaryimage\"},\"thumbnailUrl\":\"https:\/\/www.mydemenageur.com\/blog\/wp-content\/uploads\/2023\/09\/30217.jpg\",\"articleSection\":[\"Stockage\"],\"inLanguage\":\"fr-FR\"},{\"@type\":\"WebPage\",\"@id\":\"https:\/\/www.mydemenageur.com\/blog\/que-pouvez-vous-stocker-dans-un-garde-meuble\/\",\"url\":\"https:\/\/www.mydemenageur.com\/blog\/que-pouvez-vous-stocker-dans-un-garde-meuble\/\",\"name\":\"Que pouvez-vous stocker dans un garde-meuble ?\",\"isPartOf\":{\"@id\":\"https:\/\/www.mydemenageur.com\/blog\/#website\"},\"primaryImageOfPage\":{\"@id\":\"https:\/\/www.mydemenageur.com\/blog\/que-pouvez-vous-stocker-dans-un-garde-meuble\/#primaryimage\"},\"image\":{\"@id\":\"https:\/\/www.mydemenageur.com\/blog\/que-pouvez-vous-stocker-dans-un-garde-meuble\/#primaryimage\"},\"thumbnailUrl\":\"https:\/\/www.mydemenageur.com\/blog\/wp-content\/uploads\/2023\/09\/30217.jpg\",\"datePublished\":\"2023-09-01T12:32:02+00:00\",\"dateModified\":\"2024-11-12T11:47:31+00:00\",\"description\":\"%\",\"breadcrumb\":{\"@id\":\"https:\/\/www.mydemenageur.com\/blog\/que-pouvez-vous-stocker-dans-un-garde-meuble\/#breadcrumb\"},\"inLanguage\":\"fr-FR\",\"potentialAction\":[{\"@type\":\"ReadAction\",\"target\":[\"https:\/\/www.mydemenageur.com\/blog\/que-pouvez-vous-stocker-dans-un-garde-meuble\/\"]}]},{\"@type\":\"ImageObject\",\"inLanguage\":\"fr-FR\",\"@id\":\"https:\/\/www.mydemenageur.com\/blog\/que-pouvez-vous-stocker-dans-un-garde-meuble\/#primaryimage\",\"url\":\"https:\/\/www.mydemenageur.com\/blog\/wp-content\/uploads\/2023\/09\/30217.jpg\",\"contentUrl\":\"https:\/\/www.mydemenageur.com\/blog\/wp-content\/uploads\/2023\/09\/30217.jpg\",\"width\":1254,\"height\":836},{\"@type\":\"BreadcrumbList\",\"@id\":\"https:\/\/www.mydemenageur.com\/blog\/que-pouvez-vous-stocker-dans-un-garde-meuble\/#breadcrumb\",\"itemListElement\":[{\"@type\":\"ListItem\",\"position\":1,\"name\":\"Accueil\",\"item\":\"https:\/\/www.mydemenageur.com\/blog\/\"},{\"@type\":\"ListItem\",\"position\":2,\"name\":\"Stockage\",\"item\":\"https:\/\/www.mydemenageur.com\/blog\/categorie\/stockage\/\"},{\"@type\":\"ListItem\",\"position\":3,\"name\":\"Que pouvez-vous stocker dans un garde-meuble ?\"}]},{\"@type\":\"WebSite\",\"@id\":\"https:\/\/www.mydemenageur.com\/blog\/#website\",\"url\":\"https:\/\/www.mydemenageur.com\/blog\/\",\"name\":\"MyDemenageur\",\"description\":\"Conseils d\u00e9m\u00e9ngement entre particuliers et d\u00e9m\u00e9nagement professionnel\",\"publisher\":{\"@id\":\"https:\/\/www.mydemenageur.com\/blog\/#organization\"},\"potentialAction\":[{\"@type\":\"SearchAction\",\"target\":{\"@type\":\"EntryPoint\",\"urlTemplate\":\"https:\/\/www.mydemenageur.com\/blog\/?s={search_term_string}\"},\"query-input\":{\"@type\":\"PropertyValueSpecification\",\"valueRequired\":true,\"valueName\":\"search_term_string\"}}],\"inLanguage\":\"fr-FR\"},{\"@type\":\"Organization\",\"@id\":\"https:\/\/www.mydemenageur.com\/blog\/#organization\",\"name\":\"MyDemenageur.com\",\"url\":\"https:\/\/www.mydemenageur.com\/blog\/\",\"logo\":{\"@type\":\"ImageObject\",\"inLanguage\":\"fr-FR\",\"@id\":\"https:\/\/www.mydemenageur.com\/blog\/#\/schema\/logo\/image\/\",\"url\":\"https:\/\/www.mydemenageur.com\/blog\/wp-content\/uploads\/2022\/05\/MyDemenageur_Symbol.jpg\",\"contentUrl\":\"https:\/\/www.mydemenageur.com\/blog\/wp-content\/uploads\/2022\/05\/MyDemenageur_Symbol.jpg\",\"width\":878,\"height\":877,\"caption\":\"MyDemenageur.com\"},\"image\":{\"@id\":\"https:\/\/www.mydemenageur.com\/blog\/#\/schema\/logo\/image\/\"},\"sameAs\":[\"https:\/\/www.facebook.com\/mydemenageur\",\"https:\/\/x.com\/mydemenageur\",\"https:\/\/www.pinterest.fr\/mydemenageur\/\"]},{\"@type\":\"Person\",\"@id\":\"https:\/\/www.mydemenageur.com\/blog\/#\/schema\/person\/4540dc333c2e7dc790f0f7bcd5b99569\",\"name\":\"Mathilde\",\"image\":{\"@type\":\"ImageObject\",\"inLanguage\":\"fr-FR\",\"@id\":\"https:\/\/www.mydemenageur.com\/blog\/#\/schema\/person\/image\/\",\"url\":\"https:\/\/secure.gravatar.com\/avatar\/abde069f6f70261ee6ecea93e0437d77?s=96&#038;r=g\",\"contentUrl\":\"https:\/\/secure.gravatar.com\/avatar\/abde069f6f70261ee6ecea93e0437d77?s=96&#038;r=g\",\"caption\":\"Mathilde\"},\"description\":\"L'harmonie des couleurs et des objets m'a toujours fascin\u00e9e, transformant chaque pi\u00e8ce en un lieu unique et agr\u00e9able \u00e0 vivre. Sur MyDemenageur, vous trouverez non seulement des inspirations personnelles, mais aussi des informations r\u00e9centes sur le monde de la d\u00e9coration, les projets de maison, le d\u00e9m\u00e9nagement et les travaux.\",\"url\":\"https:\/\/www.mydemenageur.com\/blog\/author\/mathilde\/\"}]}<\/script>\n<!-- \/ Yoast SEO Premium plugin. -->","yoast_head_json":{"title":"Que pouvez-vous stocker dans un garde-meuble ?","description":"%","robots":{"index":"index","follow":"follow","max-snippet":"max-snippet:-1","max-image-preview":"max-image-preview:large","max-video-preview":"max-video-preview:-1"},"canonical":"https:\/\/www.mydemenageur.com\/blog\/que-pouvez-vous-stocker-dans-un-garde-meuble\/","og_locale":"fr_FR","og_type":"article","og_title":"Que pouvez-vous stocker dans un garde-meuble ?","og_description":"%","og_url":"https:\/\/www.mydemenageur.com\/blog\/que-pouvez-vous-stocker-dans-un-garde-meuble\/","og_site_name":"MyDemenageur","article_publisher":"https:\/\/www.facebook.com\/mydemenageur","article_published_time":"2023-09-01T12:32:02+00:00","article_modified_time":"2024-11-12T11:47:31+00:00","og_image":[{"width":1254,"height":836,"url":"https:\/\/www.mydemenageur.com\/blog\/wp-content\/uploads\/2023\/09\/30217.jpg","type":"image\/jpeg"}],"author":"Mathilde","twitter_card":"summary_large_image","twitter_creator":"@mydemenageur","twitter_site":"@mydemenageur","twitter_misc":{"\u00c9crit par":"Mathilde","Dur\u00e9e de lecture estim\u00e9e":"9 minutes"},"schema":{"@context":"https:\/\/schema.org","@graph":[{"@type":"Article","@id":"https:\/\/www.mydemenageur.com\/blog\/que-pouvez-vous-stocker-dans-un-garde-meuble\/#article","isPartOf":{"@id":"https:\/\/www.mydemenageur.com\/blog\/que-pouvez-vous-stocker-dans-un-garde-meuble\/"},"author":{"name":"Mathilde","@id":"https:\/\/www.mydemenageur.com\/blog\/#\/schema\/person\/4540dc333c2e7dc790f0f7bcd5b99569"},"headline":"Que pouvez-vous stocker dans un garde-meuble ?","datePublished":"2023-09-01T12:32:02+00:00","dateModified":"2024-11-12T11:47:31+00:00","mainEntityOfPage":{"@id":"https:\/\/www.mydemenageur.com\/blog\/que-pouvez-vous-stocker-dans-un-garde-meuble\/"},"wordCount":1619,"publisher":{"@id":"https:\/\/www.mydemenageur.com\/blog\/#organization"},"image":{"@id":"https:\/\/www.mydemenageur.com\/blog\/que-pouvez-vous-stocker-dans-un-garde-meuble\/#primaryimage"},"thumbnailUrl":"https:\/\/www.mydemenageur.com\/blog\/wp-content\/uploads\/2023\/09\/30217.jpg","articleSection":["Stockage"],"inLanguage":"fr-FR"},{"@type":"WebPage","@id":"https:\/\/www.mydemenageur.com\/blog\/que-pouvez-vous-stocker-dans-un-garde-meuble\/","url":"https:\/\/www.mydemenageur.com\/blog\/que-pouvez-vous-stocker-dans-un-garde-meuble\/","name":"Que pouvez-vous stocker dans un garde-meuble ?","isPartOf":{"@id":"https:\/\/www.mydemenageur.com\/blog\/#website"},"primaryImageOfPage":{"@id":"https:\/\/www.mydemenageur.com\/blog\/que-pouvez-vous-stocker-dans-un-garde-meuble\/#primaryimage"},"image":{"@id":"https:\/\/www.mydemenageur.com\/blog\/que-pouvez-vous-stocker-dans-un-garde-meuble\/#primaryimage"},"thumbnailUrl":"https:\/\/www.mydemenageur.com\/blog\/wp-content\/uploads\/2023\/09\/30217.jpg","datePublished":"2023-09-01T12:32:02+00:00","dateModified":"2024-11-12T11:47:31+00:00","description":"%","breadcrumb":{"@id":"https:\/\/www.mydemenageur.com\/blog\/que-pouvez-vous-stocker-dans-un-garde-meuble\/#breadcrumb"},"inLanguage":"fr-FR","potentialAction":[{"@type":"ReadAction","target":["https:\/\/www.mydemenageur.com\/blog\/que-pouvez-vous-stocker-dans-un-garde-meuble\/"]}]},{"@type":"ImageObject","inLanguage":"fr-FR","@id":"https:\/\/www.mydemenageur.com\/blog\/que-pouvez-vous-stocker-dans-un-garde-meuble\/#primaryimage","url":"https:\/\/www.mydemenageur.com\/blog\/wp-content\/uploads\/2023\/09\/30217.jpg","contentUrl":"https:\/\/www.mydemenageur.com\/blog\/wp-content\/uploads\/2023\/09\/30217.jpg","width":1254,"height":836},{"@type":"BreadcrumbList","@id":"https:\/\/www.mydemenageur.com\/blog\/que-pouvez-vous-stocker-dans-un-garde-meuble\/#breadcrumb","itemListElement":[{"@type":"ListItem","position":1,"name":"Accueil","item":"https:\/\/www.mydemenageur.com\/blog\/"},{"@type":"ListItem","position":2,"name":"Stockage","item":"https:\/\/www.mydemenageur.com\/blog\/categorie\/stockage\/"},{"@type":"ListItem","position":3,"name":"Que pouvez-vous stocker dans un garde-meuble ?"}]},{"@type":"WebSite","@id":"https:\/\/www.mydemenageur.com\/blog\/#website","url":"https:\/\/www.mydemenageur.com\/blog\/","name":"MyDemenageur","description":"Conseils d\u00e9m\u00e9ngement entre particuliers et d\u00e9m\u00e9nagement professionnel","publisher":{"@id":"https:\/\/www.mydemenageur.com\/blog\/#organization"},"potentialAction":[{"@type":"SearchAction","target":{"@type":"EntryPoint","urlTemplate":"https:\/\/www.mydemenageur.com\/blog\/?s={search_term_string}"},"query-input":{"@type":"PropertyValueSpecification","valueRequired":true,"valueName":"search_term_string"}}],"inLanguage":"fr-FR"},{"@type":"Organization","@id":"https:\/\/www.mydemenageur.com\/blog\/#organization","name":"MyDemenageur.com","url":"https:\/\/www.mydemenageur.com\/blog\/","logo":{"@type":"ImageObject","inLanguage":"fr-FR","@id":"https:\/\/www.mydemenageur.com\/blog\/#\/schema\/logo\/image\/","url":"https:\/\/www.mydemenageur.com\/blog\/wp-content\/uploads\/2022\/05\/MyDemenageur_Symbol.jpg","contentUrl":"https:\/\/www.mydemenageur.com\/blog\/wp-content\/uploads\/2022\/05\/MyDemenageur_Symbol.jpg","width":878,"height":877,"caption":"MyDemenageur.com"},"image":{"@id":"https:\/\/www.mydemenageur.com\/blog\/#\/schema\/logo\/image\/"},"sameAs":["https:\/\/www.facebook.com\/mydemenageur","https:\/\/x.com\/mydemenageur","https:\/\/www.pinterest.fr\/mydemenageur\/"]},{"@type":"Person","@id":"https:\/\/www.mydemenageur.com\/blog\/#\/schema\/person\/4540dc333c2e7dc790f0f7bcd5b99569","name":"Mathilde","image":{"@type":"ImageObject","inLanguage":"fr-FR","@id":"https:\/\/www.mydemenageur.com\/blog\/#\/schema\/person\/image\/","url":"https:\/\/secure.gravatar.com\/avatar\/abde069f6f70261ee6ecea93e0437d77?s=96&#038;r=g","contentUrl":"https:\/\/secure.gravatar.com\/avatar\/abde069f6f70261ee6ecea93e0437d77?s=96&#038;r=g","caption":"Mathilde"},"description":"L'harmonie des couleurs et des objets m'a toujours fascin\u00e9e, transformant chaque pi\u00e8ce en un lieu unique et agr\u00e9able \u00e0 vivre. Sur MyDemenageur, vous trouverez non seulement des inspirations personnelles, mais aussi des informations r\u00e9centes sur le monde de la d\u00e9coration, les projets de maison, le d\u00e9m\u00e9nagement et les travaux.","url":"https:\/\/www.mydemenageur.com\/blog\/author\/mathilde\/"}]}},"modified_by":"MyDemenageur","_links":{"self":[{"href":"https:\/\/www.mydemenageur.com\/blog\/wp-json\/wp\/v2\/posts\/30078"}],"collection":[{"href":"https:\/\/www.mydemenageur.com\/blog\/wp-json\/wp\/v2\/posts"}],"about":[{"href":"https:\/\/www.mydemenageur.com\/blog\/wp-json\/wp\/v2\/types\/post"}],"author":[{"embeddable":true,"href":"https:\/\/www.mydemenageur.com\/blog\/wp-json\/wp\/v2\/users\/11"}],"replies":[{"embeddable":true,"href":"https:\/\/www.mydemenageur.com\/blog\/wp-json\/wp\/v2\/comments?post=30078"}],"version-history":[{"count":0,"href":"https:\/\/www.mydemenageur.com\/blog\/wp-json\/wp\/v2\/posts\/30078\/revisions"}],"wp:featuredmedia":[{"embeddable":true,"href":"https:\/\/www.mydemenageur.com\/blog\/wp-json\/wp\/v2\/media\/30079"}],"wp:attachment":[{"href":"https:\/\/www.mydemenageur.com\/blog\/wp-json\/wp\/v2\/media?parent=30078"}],"wp:term":[{"taxonomy":"category","embeddable":true,"href":"https:\/\/www.mydemenageur.com\/blog\/wp-json\/wp\/v2\/categories?post=30078"},{"taxonomy":"post_tag","embeddable":true,"href":"https:\/\/www.mydemenageur.com\/blog\/wp-json\/wp\/v2\/tags?post=30078"}],"curies":[{"name":"wp","href":"https:\/\/api.w.org\/{rel}","templated":true}]}}