{"id":30397,"date":"2023-09-20T14:59:18","date_gmt":"2023-09-20T14:59:18","guid":{"rendered":"https:\/\/www.mydemenageur.com\/blog\/?p=30397"},"modified":"2024-11-12T12:47:04","modified_gmt":"2024-11-12T11:47:04","slug":"concevoir-cuisine-angle-adaptee-espace","status":"publish","type":"post","link":"https:\/\/www.mydemenageur.com\/blog\/concevoir-cuisine-angle-adaptee-espace\/","title":{"rendered":"Comment concevoir une cuisine en angle adapt\u00e9e \u00e0 votre espace ?"},"content":{"rendered":"<p>La cuisine en angle offre plusieurs avantages et tient compte des crit\u00e8res essentiels pour avoir une cuisine adapt\u00e9e \u00e0 son espace. Sa conception requiert de choisir les mat\u00e9riaux ad\u00e9quats et d&rsquo;utiliser des rangements malins. Pour vous aider \u00e0 accomplir cette t\u00e2che, nous passons en revue les informations importantes \u00e0 conna\u00eetre pour concevoir et am\u00e9nager votre cuisine en angle.<\/p>\n<div id=\"ez-toc-container\" class=\"ez-toc-v2_0_82_2 counter-hierarchy ez-toc-counter ez-toc-custom ez-toc-container-direction\">\n<div class=\"ez-toc-title-container\">\n<p class=\"ez-toc-title\" style=\"cursor:inherit\">Ce que vous allez apprendre<\/p>\n<span class=\"ez-toc-title-toggle\"><\/span><\/div>\n<nav><ul class='ez-toc-list ez-toc-list-level-1 ' ><li class='ez-toc-page-1 ez-toc-heading-level-2'><a class=\"ez-toc-link ez-toc-heading-1\" href=\"https:\/\/www.mydemenageur.com\/blog\/concevoir-cuisine-angle-adaptee-espace\/#la-cuisine-en-l-ideale-pour-optimiser-lespace-et-la-circulation\" >La cuisine en L, id\u00e9ale pour optimiser l&rsquo;espace et la circulation<\/a><\/li><li class='ez-toc-page-1 ez-toc-heading-level-2'><a class=\"ez-toc-link ez-toc-heading-2\" href=\"https:\/\/www.mydemenageur.com\/blog\/concevoir-cuisine-angle-adaptee-espace\/#quels-materiaux-choisir-pour-votre-cuisine-sur-mesure\" >Quels mat\u00e9riaux choisir pour votre cuisine sur mesure ?<\/a><\/li><li class='ez-toc-page-1 ez-toc-heading-level-2'><a class=\"ez-toc-link ez-toc-heading-3\" href=\"https:\/\/www.mydemenageur.com\/blog\/concevoir-cuisine-angle-adaptee-espace\/#des-rangements-malins-pour-utiliser-votre-espace-au-maximum\" >Des rangements malins pour utiliser votre espace au maximum<\/a><\/li><\/ul><\/nav><\/div>\n<h2><span class=\"ez-toc-section\" id=\"la-cuisine-en-l-ideale-pour-optimiser-lespace-et-la-circulation\"><\/span>La cuisine en L, id\u00e9ale pour optimiser l&rsquo;espace et la circulation<span class=\"ez-toc-section-end\"><\/span><\/h2>\n<p>La cuisine en L est une cuisine positionn\u00e9e le long de deux murs adjacents formant un angle. Gr\u00e2ce \u00e0 cette disposition, la <a href=\"https:\/\/www.socooc.com\/cuisine\/filtres\/cuisine-en-l\">cuisine en L<\/a> permet de r\u00e9aliser un v\u00e9ritable gain de place et d&rsquo;offrir un <strong>plan de travail plus important<\/strong>. En n&rsquo;occupant que deux murs, la cuisine d&rsquo;angle, comme on l&rsquo;appelle aussi, permet de lib\u00e9rer de l&rsquo;espace au centre. Elle permet \u00e9galement d&rsquo;avoir de nombreux espaces de rangement pratiques. L&rsquo;espace lib\u00e9r\u00e9 au centre peut, par exemple, \u00eatre utilis\u00e9 pour installer un coin repas plus ou moins important.<\/p>\n<p>En n&rsquo;occupant que deux murs, <strong>la cuisine en L<\/strong> donne \u00e0 la pi\u00e8ce plusieurs possibilit\u00e9s d&rsquo;am\u00e9nagement additionnelles. Au besoin, elle peut m\u00eame \u00eatre allong\u00e9e pour cr\u00e9er un grand lin\u00e9aire de rangements. Cette implantation facilite consid\u00e9rablement la circulation dans la cuisine. Et pour cause, elle respecte le confort de circulation qui est d\u00e9termin\u00e9 par le triangle d&rsquo;activit\u00e9 d&rsquo;une cuisine (lavage, cuisson, froid). Elle permet aussi de respecter le sens d&rsquo;ouverture des portes de placards, notamment celle du r\u00e9frig\u00e9rateur qui doit s&rsquo;ouvrir de sorte que l&rsquo;int\u00e9rieur soit visible des autres postes.<\/p>\n<p><img decoding=\"async\" class=\"aligncenter size-full wp-image-30398\" src=\"https:\/\/www.mydemenageur.com\/blog\/wp-content\/uploads\/2023\/09\/visu-concevoir-cuisine.jpg\" alt=\"concevoir cuisine en angle\" width=\"1024\" height=\"682\" srcset=\"https:\/\/www.mydemenageur.com\/blog\/wp-content\/uploads\/2023\/09\/visu-concevoir-cuisine.jpg 1024w, https:\/\/www.mydemenageur.com\/blog\/wp-content\/uploads\/2023\/09\/visu-concevoir-cuisine-300x200.jpg 300w, https:\/\/www.mydemenageur.com\/blog\/wp-content\/uploads\/2023\/09\/visu-concevoir-cuisine-768x512.jpg 768w\" sizes=\"(max-width: 1024px) 100vw, 1024px\" \/><\/p>\n<h2><span class=\"ez-toc-section\" id=\"quels-materiaux-choisir-pour-votre-cuisine-sur-mesure\"><\/span>Quels mat\u00e9riaux choisir pour votre cuisine sur mesure ?<span class=\"ez-toc-section-end\"><\/span><\/h2>\n<p>Les mat\u00e9riaux \u00e0 choisir pour am\u00e9nager votre <strong>cuisine sur mesure<\/strong> varient en fonction du style et de l&rsquo;ambiance que vous recherchez. Pour une cuisine chaleureuse et moderne, le mat\u00e9riau \u00e0 privil\u00e9gier est le bois. Dans ce cas, votre plan de travail devra \u00eatre en bois brut, fonc\u00e9 ou clair et vos fa\u00e7ades en bois noir mat ou blanc laqu\u00e9. Pour une cuisine moderne et contemporaine, priorisez l&rsquo;inox. Il supporte toutes les temp\u00e9ratures, se nettoie en un coup de chiffon et est tr\u00e8s solide.<\/p>\n<p>Pour une cuisine moderne et lumineuse, choisissez le verre. Sa texture d\u00e9licate et robuste lui offre une tr\u00e8s bonne r\u00e9sistance \u00e0 la chaleur et aux chocs. Il est aussi facile \u00e0 nettoyer. Pour une cuisine sur mesure haut de gamme, portez votre choix sur le quartz. Il est r\u00e9sistant aux chocs, aux moisissures, \u00e0 la chaleur, aux salissures, aux rayures et tr\u00e8s design. Pour une cuisine qui dure, privil\u00e9giez le <strong>granit et le marbre<\/strong>. En plus d&rsquo;\u00eatre robuste et simple d&rsquo;entretien, ce sont des antibact\u00e9riens naturels.<\/p>\n<h2><span class=\"ez-toc-section\" id=\"des-rangements-malins-pour-utiliser-votre-espace-au-maximum\"><\/span>Des rangements malins pour utiliser votre espace au maximum<span class=\"ez-toc-section-end\"><\/span><\/h2>\n<p>Pour utiliser votre espace au maximum dans votre cuisine sur mesure, vous avez le choix entre plusieurs <strong>rangements malins<\/strong>. Vous pouvez utiliser une cloison multifonction, des tiroirs de cuisine \u00ab \u00e0 l&rsquo;anglaise \u00bb, des \u00e9tag\u00e8res ouvertes, des rangements verticaux, des racks \u00e0 po\u00eales, des plateaux tournants, etc. Chaque rangement malin joue un r\u00f4le pr\u00e9cis.<\/p>\n<p>La cloison multifonction par exemple vous permet d&rsquo;ajouter des <strong>espaces de stockage<\/strong>. Elle peut aussi servir de transition entre votre cuisine et le reste de la pi\u00e8ce. Les tiroirs de cuisine \u00ab \u00e0 l&rsquo;anglaise \u00bb sont dot\u00e9s de plusieurs formats et niveaux de rangements qui permettent de multiplier l&rsquo;espace disponible pour stocker les aliments et les ustensiles. Les \u00e9tag\u00e8res ouvertes permettent d&rsquo;ajouter des rangements sans encombrer visuellement les espaces.<\/p>\n","protected":false},"excerpt":{"rendered":"<p>La cuisine en angle offre plusieurs avantages et tient compte des crit\u00e8res essentiels pour avoir une cuisine adapt\u00e9e \u00e0 son<\/p>\n","protected":false},"author":11,"featured_media":30400,"comment_status":"closed","ping_status":"closed","sticky":false,"template":"","format":"standard","meta":{"_lmt_disableupdate":"no","_lmt_disable":"no","footnotes":""},"categories":[127,102],"tags":[],"yoast_head":"<!-- This site is optimized with the Yoast SEO Premium plugin v24.2 (Yoast SEO v24.5) - https:\/\/yoast.com\/wordpress\/plugins\/seo\/ -->\n<title>Conception d&#039;une cuisine en angle<\/title>\n<meta name=\"description\" content=\"%\" \/>\n<meta name=\"robots\" content=\"index, follow, max-snippet:-1, max-image-preview:large, max-video-preview:-1\" \/>\n<link rel=\"canonical\" href=\"https:\/\/www.mydemenageur.com\/blog\/concevoir-cuisine-angle-adaptee-espace\/\" \/>\n<meta property=\"og:locale\" content=\"fr_FR\" \/>\n<meta property=\"og:type\" content=\"article\" \/>\n<meta property=\"og:title\" content=\"Comment concevoir une cuisine en angle adapt\u00e9e \u00e0 votre espace ?\" \/>\n<meta property=\"og:description\" content=\"%\" \/>\n<meta property=\"og:url\" content=\"https:\/\/www.mydemenageur.com\/blog\/concevoir-cuisine-angle-adaptee-espace\/\" \/>\n<meta property=\"og:site_name\" content=\"MyDemenageur\" \/>\n<meta property=\"article:publisher\" content=\"https:\/\/www.facebook.com\/mydemenageur\" \/>\n<meta property=\"article:published_time\" content=\"2023-09-20T14:59:18+00:00\" \/>\n<meta property=\"article:modified_time\" content=\"2024-11-12T11:47:04+00:00\" \/>\n<meta property=\"og:image\" content=\"https:\/\/www.mydemenageur.com\/blog\/wp-content\/uploads\/2023\/09\/concevoir-cuisine-comment-adaptee.jpg\" \/>\n\t<meta property=\"og:image:width\" content=\"1200\" \/>\n\t<meta property=\"og:image:height\" content=\"798\" \/>\n\t<meta property=\"og:image:type\" content=\"image\/jpeg\" \/>\n<meta name=\"author\" content=\"Mathilde\" \/>\n<meta name=\"twitter:card\" content=\"summary_large_image\" \/>\n<meta name=\"twitter:creator\" content=\"@mydemenageur\" \/>\n<meta name=\"twitter:site\" content=\"@mydemenageur\" \/>\n<meta name=\"twitter:label1\" content=\"\u00c9crit par\" \/>\n\t<meta name=\"twitter:data1\" content=\"Mathilde\" \/>\n\t<meta name=\"twitter:label2\" content=\"Dur\u00e9e de lecture estim\u00e9e\" \/>\n\t<meta name=\"twitter:data2\" content=\"4 minutes\" \/>\n<script type=\"application\/ld+json\" class=\"yoast-schema-graph\">{\"@context\":\"https:\/\/schema.org\",\"@graph\":[{\"@type\":\"Article\",\"@id\":\"https:\/\/www.mydemenageur.com\/blog\/concevoir-cuisine-angle-adaptee-espace\/#article\",\"isPartOf\":{\"@id\":\"https:\/\/www.mydemenageur.com\/blog\/concevoir-cuisine-angle-adaptee-espace\/\"},\"author\":{\"name\":\"Mathilde\",\"@id\":\"https:\/\/www.mydemenageur.com\/blog\/#\/schema\/person\/4540dc333c2e7dc790f0f7bcd5b99569\"},\"headline\":\"Comment concevoir une cuisine en angle adapt\u00e9e \u00e0 votre espace ?\",\"datePublished\":\"2023-09-20T14:59:18+00:00\",\"dateModified\":\"2024-11-12T11:47:04+00:00\",\"mainEntityOfPage\":{\"@id\":\"https:\/\/www.mydemenageur.com\/blog\/concevoir-cuisine-angle-adaptee-espace\/\"},\"wordCount\":621,\"publisher\":{\"@id\":\"https:\/\/www.mydemenageur.com\/blog\/#organization\"},\"image\":{\"@id\":\"https:\/\/www.mydemenageur.com\/blog\/concevoir-cuisine-angle-adaptee-espace\/#primaryimage\"},\"thumbnailUrl\":\"https:\/\/www.mydemenageur.com\/blog\/wp-content\/uploads\/2023\/09\/concevoir-cuisine-comment-adaptee.jpg\",\"articleSection\":[\"Actualit\u00e9\",\"Logement\"],\"inLanguage\":\"fr-FR\"},{\"@type\":\"WebPage\",\"@id\":\"https:\/\/www.mydemenageur.com\/blog\/concevoir-cuisine-angle-adaptee-espace\/\",\"url\":\"https:\/\/www.mydemenageur.com\/blog\/concevoir-cuisine-angle-adaptee-espace\/\",\"name\":\"Conception d'une cuisine en angle\",\"isPartOf\":{\"@id\":\"https:\/\/www.mydemenageur.com\/blog\/#website\"},\"primaryImageOfPage\":{\"@id\":\"https:\/\/www.mydemenageur.com\/blog\/concevoir-cuisine-angle-adaptee-espace\/#primaryimage\"},\"image\":{\"@id\":\"https:\/\/www.mydemenageur.com\/blog\/concevoir-cuisine-angle-adaptee-espace\/#primaryimage\"},\"thumbnailUrl\":\"https:\/\/www.mydemenageur.com\/blog\/wp-content\/uploads\/2023\/09\/concevoir-cuisine-comment-adaptee.jpg\",\"datePublished\":\"2023-09-20T14:59:18+00:00\",\"dateModified\":\"2024-11-12T11:47:04+00:00\",\"description\":\"%\",\"breadcrumb\":{\"@id\":\"https:\/\/www.mydemenageur.com\/blog\/concevoir-cuisine-angle-adaptee-espace\/#breadcrumb\"},\"inLanguage\":\"fr-FR\",\"potentialAction\":[{\"@type\":\"ReadAction\",\"target\":[\"https:\/\/www.mydemenageur.com\/blog\/concevoir-cuisine-angle-adaptee-espace\/\"]}]},{\"@type\":\"ImageObject\",\"inLanguage\":\"fr-FR\",\"@id\":\"https:\/\/www.mydemenageur.com\/blog\/concevoir-cuisine-angle-adaptee-espace\/#primaryimage\",\"url\":\"https:\/\/www.mydemenageur.com\/blog\/wp-content\/uploads\/2023\/09\/concevoir-cuisine-comment-adaptee.jpg\",\"contentUrl\":\"https:\/\/www.mydemenageur.com\/blog\/wp-content\/uploads\/2023\/09\/concevoir-cuisine-comment-adaptee.jpg\",\"width\":1200,\"height\":798},{\"@type\":\"BreadcrumbList\",\"@id\":\"https:\/\/www.mydemenageur.com\/blog\/concevoir-cuisine-angle-adaptee-espace\/#breadcrumb\",\"itemListElement\":[{\"@type\":\"ListItem\",\"position\":1,\"name\":\"Accueil\",\"item\":\"https:\/\/www.mydemenageur.com\/blog\/\"},{\"@type\":\"ListItem\",\"position\":2,\"name\":\"Logement\",\"item\":\"https:\/\/www.mydemenageur.com\/blog\/categorie\/logement\/\"},{\"@type\":\"ListItem\",\"position\":3,\"name\":\"Comment concevoir une cuisine en angle adapt\u00e9e \u00e0 votre espace ?\"}]},{\"@type\":\"WebSite\",\"@id\":\"https:\/\/www.mydemenageur.com\/blog\/#website\",\"url\":\"https:\/\/www.mydemenageur.com\/blog\/\",\"name\":\"MyDemenageur\",\"description\":\"Conseils d\u00e9m\u00e9ngement entre particuliers et d\u00e9m\u00e9nagement professionnel\",\"publisher\":{\"@id\":\"https:\/\/www.mydemenageur.com\/blog\/#organization\"},\"potentialAction\":[{\"@type\":\"SearchAction\",\"target\":{\"@type\":\"EntryPoint\",\"urlTemplate\":\"https:\/\/www.mydemenageur.com\/blog\/?s={search_term_string}\"},\"query-input\":{\"@type\":\"PropertyValueSpecification\",\"valueRequired\":true,\"valueName\":\"search_term_string\"}}],\"inLanguage\":\"fr-FR\"},{\"@type\":\"Organization\",\"@id\":\"https:\/\/www.mydemenageur.com\/blog\/#organization\",\"name\":\"MyDemenageur.com\",\"url\":\"https:\/\/www.mydemenageur.com\/blog\/\",\"logo\":{\"@type\":\"ImageObject\",\"inLanguage\":\"fr-FR\",\"@id\":\"https:\/\/www.mydemenageur.com\/blog\/#\/schema\/logo\/image\/\",\"url\":\"https:\/\/www.mydemenageur.com\/blog\/wp-content\/uploads\/2022\/05\/MyDemenageur_Symbol.jpg\",\"contentUrl\":\"https:\/\/www.mydemenageur.com\/blog\/wp-content\/uploads\/2022\/05\/MyDemenageur_Symbol.jpg\",\"width\":878,\"height\":877,\"caption\":\"MyDemenageur.com\"},\"image\":{\"@id\":\"https:\/\/www.mydemenageur.com\/blog\/#\/schema\/logo\/image\/\"},\"sameAs\":[\"https:\/\/www.facebook.com\/mydemenageur\",\"https:\/\/x.com\/mydemenageur\",\"https:\/\/www.pinterest.fr\/mydemenageur\/\"]},{\"@type\":\"Person\",\"@id\":\"https:\/\/www.mydemenageur.com\/blog\/#\/schema\/person\/4540dc333c2e7dc790f0f7bcd5b99569\",\"name\":\"Mathilde\",\"image\":{\"@type\":\"ImageObject\",\"inLanguage\":\"fr-FR\",\"@id\":\"https:\/\/www.mydemenageur.com\/blog\/#\/schema\/person\/image\/\",\"url\":\"https:\/\/secure.gravatar.com\/avatar\/abde069f6f70261ee6ecea93e0437d77?s=96&#038;r=g\",\"contentUrl\":\"https:\/\/secure.gravatar.com\/avatar\/abde069f6f70261ee6ecea93e0437d77?s=96&#038;r=g\",\"caption\":\"Mathilde\"},\"description\":\"L'harmonie des couleurs et des objets m'a toujours fascin\u00e9e, transformant chaque pi\u00e8ce en un lieu unique et agr\u00e9able \u00e0 vivre. Sur MyDemenageur, vous trouverez non seulement des inspirations personnelles, mais aussi des informations r\u00e9centes sur le monde de la d\u00e9coration, les projets de maison, le d\u00e9m\u00e9nagement et les travaux.\",\"url\":\"https:\/\/www.mydemenageur.com\/blog\/author\/mathilde\/\"}]}<\/script>\n<!-- \/ Yoast SEO Premium plugin. -->","yoast_head_json":{"title":"Conception d'une cuisine en angle","description":"%","robots":{"index":"index","follow":"follow","max-snippet":"max-snippet:-1","max-image-preview":"max-image-preview:large","max-video-preview":"max-video-preview:-1"},"canonical":"https:\/\/www.mydemenageur.com\/blog\/concevoir-cuisine-angle-adaptee-espace\/","og_locale":"fr_FR","og_type":"article","og_title":"Comment concevoir une cuisine en angle adapt\u00e9e \u00e0 votre espace ?","og_description":"%","og_url":"https:\/\/www.mydemenageur.com\/blog\/concevoir-cuisine-angle-adaptee-espace\/","og_site_name":"MyDemenageur","article_publisher":"https:\/\/www.facebook.com\/mydemenageur","article_published_time":"2023-09-20T14:59:18+00:00","article_modified_time":"2024-11-12T11:47:04+00:00","og_image":[{"width":1200,"height":798,"url":"https:\/\/www.mydemenageur.com\/blog\/wp-content\/uploads\/2023\/09\/concevoir-cuisine-comment-adaptee.jpg","type":"image\/jpeg"}],"author":"Mathilde","twitter_card":"summary_large_image","twitter_creator":"@mydemenageur","twitter_site":"@mydemenageur","twitter_misc":{"\u00c9crit par":"Mathilde","Dur\u00e9e de lecture estim\u00e9e":"4 minutes"},"schema":{"@context":"https:\/\/schema.org","@graph":[{"@type":"Article","@id":"https:\/\/www.mydemenageur.com\/blog\/concevoir-cuisine-angle-adaptee-espace\/#article","isPartOf":{"@id":"https:\/\/www.mydemenageur.com\/blog\/concevoir-cuisine-angle-adaptee-espace\/"},"author":{"name":"Mathilde","@id":"https:\/\/www.mydemenageur.com\/blog\/#\/schema\/person\/4540dc333c2e7dc790f0f7bcd5b99569"},"headline":"Comment concevoir une cuisine en angle adapt\u00e9e \u00e0 votre espace ?","datePublished":"2023-09-20T14:59:18+00:00","dateModified":"2024-11-12T11:47:04+00:00","mainEntityOfPage":{"@id":"https:\/\/www.mydemenageur.com\/blog\/concevoir-cuisine-angle-adaptee-espace\/"},"wordCount":621,"publisher":{"@id":"https:\/\/www.mydemenageur.com\/blog\/#organization"},"image":{"@id":"https:\/\/www.mydemenageur.com\/blog\/concevoir-cuisine-angle-adaptee-espace\/#primaryimage"},"thumbnailUrl":"https:\/\/www.mydemenageur.com\/blog\/wp-content\/uploads\/2023\/09\/concevoir-cuisine-comment-adaptee.jpg","articleSection":["Actualit\u00e9","Logement"],"inLanguage":"fr-FR"},{"@type":"WebPage","@id":"https:\/\/www.mydemenageur.com\/blog\/concevoir-cuisine-angle-adaptee-espace\/","url":"https:\/\/www.mydemenageur.com\/blog\/concevoir-cuisine-angle-adaptee-espace\/","name":"Conception d'une cuisine en angle","isPartOf":{"@id":"https:\/\/www.mydemenageur.com\/blog\/#website"},"primaryImageOfPage":{"@id":"https:\/\/www.mydemenageur.com\/blog\/concevoir-cuisine-angle-adaptee-espace\/#primaryimage"},"image":{"@id":"https:\/\/www.mydemenageur.com\/blog\/concevoir-cuisine-angle-adaptee-espace\/#primaryimage"},"thumbnailUrl":"https:\/\/www.mydemenageur.com\/blog\/wp-content\/uploads\/2023\/09\/concevoir-cuisine-comment-adaptee.jpg","datePublished":"2023-09-20T14:59:18+00:00","dateModified":"2024-11-12T11:47:04+00:00","description":"%","breadcrumb":{"@id":"https:\/\/www.mydemenageur.com\/blog\/concevoir-cuisine-angle-adaptee-espace\/#breadcrumb"},"inLanguage":"fr-FR","potentialAction":[{"@type":"ReadAction","target":["https:\/\/www.mydemenageur.com\/blog\/concevoir-cuisine-angle-adaptee-espace\/"]}]},{"@type":"ImageObject","inLanguage":"fr-FR","@id":"https:\/\/www.mydemenageur.com\/blog\/concevoir-cuisine-angle-adaptee-espace\/#primaryimage","url":"https:\/\/www.mydemenageur.com\/blog\/wp-content\/uploads\/2023\/09\/concevoir-cuisine-comment-adaptee.jpg","contentUrl":"https:\/\/www.mydemenageur.com\/blog\/wp-content\/uploads\/2023\/09\/concevoir-cuisine-comment-adaptee.jpg","width":1200,"height":798},{"@type":"BreadcrumbList","@id":"https:\/\/www.mydemenageur.com\/blog\/concevoir-cuisine-angle-adaptee-espace\/#breadcrumb","itemListElement":[{"@type":"ListItem","position":1,"name":"Accueil","item":"https:\/\/www.mydemenageur.com\/blog\/"},{"@type":"ListItem","position":2,"name":"Logement","item":"https:\/\/www.mydemenageur.com\/blog\/categorie\/logement\/"},{"@type":"ListItem","position":3,"name":"Comment concevoir une cuisine en angle adapt\u00e9e \u00e0 votre espace ?"}]},{"@type":"WebSite","@id":"https:\/\/www.mydemenageur.com\/blog\/#website","url":"https:\/\/www.mydemenageur.com\/blog\/","name":"MyDemenageur","description":"Conseils d\u00e9m\u00e9ngement entre particuliers et d\u00e9m\u00e9nagement professionnel","publisher":{"@id":"https:\/\/www.mydemenageur.com\/blog\/#organization"},"potentialAction":[{"@type":"SearchAction","target":{"@type":"EntryPoint","urlTemplate":"https:\/\/www.mydemenageur.com\/blog\/?s={search_term_string}"},"query-input":{"@type":"PropertyValueSpecification","valueRequired":true,"valueName":"search_term_string"}}],"inLanguage":"fr-FR"},{"@type":"Organization","@id":"https:\/\/www.mydemenageur.com\/blog\/#organization","name":"MyDemenageur.com","url":"https:\/\/www.mydemenageur.com\/blog\/","logo":{"@type":"ImageObject","inLanguage":"fr-FR","@id":"https:\/\/www.mydemenageur.com\/blog\/#\/schema\/logo\/image\/","url":"https:\/\/www.mydemenageur.com\/blog\/wp-content\/uploads\/2022\/05\/MyDemenageur_Symbol.jpg","contentUrl":"https:\/\/www.mydemenageur.com\/blog\/wp-content\/uploads\/2022\/05\/MyDemenageur_Symbol.jpg","width":878,"height":877,"caption":"MyDemenageur.com"},"image":{"@id":"https:\/\/www.mydemenageur.com\/blog\/#\/schema\/logo\/image\/"},"sameAs":["https:\/\/www.facebook.com\/mydemenageur","https:\/\/x.com\/mydemenageur","https:\/\/www.pinterest.fr\/mydemenageur\/"]},{"@type":"Person","@id":"https:\/\/www.mydemenageur.com\/blog\/#\/schema\/person\/4540dc333c2e7dc790f0f7bcd5b99569","name":"Mathilde","image":{"@type":"ImageObject","inLanguage":"fr-FR","@id":"https:\/\/www.mydemenageur.com\/blog\/#\/schema\/person\/image\/","url":"https:\/\/secure.gravatar.com\/avatar\/abde069f6f70261ee6ecea93e0437d77?s=96&#038;r=g","contentUrl":"https:\/\/secure.gravatar.com\/avatar\/abde069f6f70261ee6ecea93e0437d77?s=96&#038;r=g","caption":"Mathilde"},"description":"L'harmonie des couleurs et des objets m'a toujours fascin\u00e9e, transformant chaque pi\u00e8ce en un lieu unique et agr\u00e9able \u00e0 vivre. Sur MyDemenageur, vous trouverez non seulement des inspirations personnelles, mais aussi des informations r\u00e9centes sur le monde de la d\u00e9coration, les projets de maison, le d\u00e9m\u00e9nagement et les travaux.","url":"https:\/\/www.mydemenageur.com\/blog\/author\/mathilde\/"}]}},"modified_by":"MyDemenageur","_links":{"self":[{"href":"https:\/\/www.mydemenageur.com\/blog\/wp-json\/wp\/v2\/posts\/30397"}],"collection":[{"href":"https:\/\/www.mydemenageur.com\/blog\/wp-json\/wp\/v2\/posts"}],"about":[{"href":"https:\/\/www.mydemenageur.com\/blog\/wp-json\/wp\/v2\/types\/post"}],"author":[{"embeddable":true,"href":"https:\/\/www.mydemenageur.com\/blog\/wp-json\/wp\/v2\/users\/11"}],"replies":[{"embeddable":true,"href":"https:\/\/www.mydemenageur.com\/blog\/wp-json\/wp\/v2\/comments?post=30397"}],"version-history":[{"count":0,"href":"https:\/\/www.mydemenageur.com\/blog\/wp-json\/wp\/v2\/posts\/30397\/revisions"}],"wp:featuredmedia":[{"embeddable":true,"href":"https:\/\/www.mydemenageur.com\/blog\/wp-json\/wp\/v2\/media\/30400"}],"wp:attachment":[{"href":"https:\/\/www.mydemenageur.com\/blog\/wp-json\/wp\/v2\/media?parent=30397"}],"wp:term":[{"taxonomy":"category","embeddable":true,"href":"https:\/\/www.mydemenageur.com\/blog\/wp-json\/wp\/v2\/categories?post=30397"},{"taxonomy":"post_tag","embeddable":true,"href":"https:\/\/www.mydemenageur.com\/blog\/wp-json\/wp\/v2\/tags?post=30397"}],"curies":[{"name":"wp","href":"https:\/\/api.w.org\/{rel}","templated":true}]}}