{"id":30423,"date":"2023-09-25T08:54:40","date_gmt":"2023-09-25T08:54:40","guid":{"rendered":"https:\/\/www.mydemenageur.com\/blog\/?p=30423"},"modified":"2024-09-14T16:52:12","modified_gmt":"2024-09-14T16:52:12","slug":"comment-choisir-un-matelas-memoire-de-forme","status":"publish","type":"post","link":"https:\/\/www.mydemenageur.com\/blog\/comment-choisir-un-matelas-memoire-de-forme\/","title":{"rendered":"Comment choisir un matelas \u00e0 m\u00e9moire de forme"},"content":{"rendered":"<p>La m\u00e9moire de forme est une mati\u00e8re fascinante qui \u00e9pouse les formes du corps, qui r\u00e9agit \u00e0 la chaleur, et qui dure longtemps. Elle est synonyme de confort. En literie, les fabricants l\u2019ont largement int\u00e9gr\u00e9 dans leur produit, autant dans les matelas que les oreillers. La m\u00e9moire de forme ou mousse visco\u00e9lastique pr\u00e9sente de nombreux avantages, mais ne convient pas \u00e0 tout le monde non plus. D\u00e9couvrez les propri\u00e9t\u00e9s de la mati\u00e8re et comment choisir un matelas \u00e0 m\u00e9moire de forme\u00a0:<\/p>\n<div id=\"ez-toc-container\" class=\"ez-toc-v2_0_82_2 counter-hierarchy ez-toc-counter ez-toc-custom ez-toc-container-direction\">\n<div class=\"ez-toc-title-container\">\n<p class=\"ez-toc-title\" style=\"cursor:inherit\">Ce que vous allez apprendre<\/p>\n<span class=\"ez-toc-title-toggle\"><\/span><\/div>\n<nav><ul class='ez-toc-list ez-toc-list-level-1 ' ><li class='ez-toc-page-1 ez-toc-heading-level-2'><a class=\"ez-toc-link ez-toc-heading-1\" href=\"https:\/\/www.mydemenageur.com\/blog\/comment-choisir-un-matelas-memoire-de-forme\/#la-memoire-de-forme-ou-mousse-viscoelastique\" >La m\u00e9moire de forme ou mousse visco\u00e9lastique<\/a><\/li><li class='ez-toc-page-1 ez-toc-heading-level-2'><a class=\"ez-toc-link ez-toc-heading-2\" href=\"https:\/\/www.mydemenageur.com\/blog\/comment-choisir-un-matelas-memoire-de-forme\/#les-avantages-dun-matelas-a-memoire-de-forme\" >Les avantages d\u2019un matelas \u00e0 m\u00e9moire de forme<\/a><\/li><li class='ez-toc-page-1 ez-toc-heading-level-2'><a class=\"ez-toc-link ez-toc-heading-3\" href=\"https:\/\/www.mydemenageur.com\/blog\/comment-choisir-un-matelas-memoire-de-forme\/#choisir-un-matelas-memoire-de-forme\" >Choisir un matelas m\u00e9moire de forme<\/a><ul class='ez-toc-list-level-3' ><li class='ez-toc-heading-level-3'><a class=\"ez-toc-link ez-toc-heading-4\" href=\"https:\/\/www.mydemenageur.com\/blog\/comment-choisir-un-matelas-memoire-de-forme\/#le-soutien-du-matelas\" >Le soutien du matelas<\/a><\/li><li class='ez-toc-page-1 ez-toc-heading-level-3'><a class=\"ez-toc-link ez-toc-heading-5\" href=\"https:\/\/www.mydemenageur.com\/blog\/comment-choisir-un-matelas-memoire-de-forme\/#laccueil-du-matelas\" >L\u2019accueil du matelas<\/a><\/li><\/ul><\/li><li class='ez-toc-page-1 ez-toc-heading-level-2'><a class=\"ez-toc-link ez-toc-heading-6\" href=\"https:\/\/www.mydemenageur.com\/blog\/comment-choisir-un-matelas-memoire-de-forme\/#le-prix-dun-matelas-memoire-de-forme\" >Le prix d\u2019un matelas m\u00e9moire de forme<\/a><\/li><\/ul><\/nav><\/div>\n<h2><span class=\"ez-toc-section\" id=\"la-memoire-de-forme-ou-mousse-viscoelastique\"><\/span>La m\u00e9moire de forme ou mousse visco\u00e9lastique<span class=\"ez-toc-section-end\"><\/span><\/h2>\n<p>La mousse \u00e0 m\u00e9moire de forme offre un soutien personnalis\u00e9 et une r\u00e9partition \u00e9quilibr\u00e9e de votre poids, ce qui peut r\u00e9duire les points de pression et soulager les douleurs musculaires. Elle offre \u00e9galement une ind\u00e9pendance de couchage, ce qui signifie que les mouvements de votre partenaire ne vous d\u00e9rangeront pas pendant la nuit.<\/p>\n<p>La m\u00e9moire de forme est utilis\u00e9e dans <a href=\"https:\/\/www.mydemenageur.com\/blog\/nuits-difficiles-nos-conseils-pour-choisir-le-bon-matelas\/\">les matelas<\/a> en mati\u00e8re principale ou associ\u00e9e \u00e0 d\u2019autres technologies, et aussi dans les oreillers et les coussins.<\/p>\n<p>Selon sa densit\u00e9, cette mati\u00e8re peut \u00eatre tr\u00e8s moelleuse comme tr\u00e8s ferme.<\/p>\n<p>Enfin, la m\u00e9moire de forme est thermosensible, le matelas va donc prendre peu \u00e0 peu votre forme sous l\u2019effet de votre chaleur corporelle. Cette mati\u00e8re est conseill\u00e9e dans des chambres chauff\u00e9es, sinon elle sera trop dure et mettra beaucoup de temps \u00e0 se d\u00e9tendre. La temp\u00e9rature ambiante doit \u00eatre autour de 20 ou 21\u00b0.<\/p>\n<p>Les matelas \u00e0 m\u00e9moire de forme sont souvent livr\u00e9s roul\u00e9s ou sous vide. Laissez-les quelques heures reprendre leur forme initiale dans un int\u00e9rieur \u00e0 bonne temp\u00e9rature.<\/p>\n<h2><span class=\"ez-toc-section\" id=\"les-avantages-dun-matelas-a-memoire-de-forme\"><\/span>Les avantages d\u2019un matelas \u00e0 m\u00e9moire de forme<span class=\"ez-toc-section-end\"><\/span><\/h2>\n<p>La mousse \u00e0 m\u00e9moire de forme \u00e9pouse les contours du corps, ce qui peut aider \u00e0 r\u00e9partir le poids de mani\u00e8re uniforme sur le matelas et r\u00e9duit les points de pression. Elle peut aider \u00e0 soulager les douleurs aux \u00e9paules et au niveau des hanches.<\/p>\n<p>Cette mousse est aussi id\u00e9ale si vous dormez avec un partenaire, les mouvements de l\u2019un n\u2019affectent pas beaucoup l\u2019autre. La visco absorbe les mouvements, vous \u00eates donc moins d\u00e9rang\u00e9 par votre moiti\u00e9 qui bouge beaucoup ou se l\u00e8ve la nuit.<\/p>\n<p>La durabilit\u00e9 des matelas \u00e0 m\u00e9moire de forme est aussi un avantage non n\u00e9gligeable, ils durent longtemps avec un confort optimum. La mati\u00e8re est ultra r\u00e9siliente et hypoallerg\u00e9nique, anti-acarien et anti-moisissure\u2009! Rien de moins. C\u2019est le type de matelas \u00e0 adopter si vous \u00eates allergique ou sensible \u00e0 la poussi\u00e8re.<\/p>\n<p>La visco\u00e9lastique, si vous choisissez une densit\u00e9 correspondante \u00e0 votre gabarit, permet un soutien adapt\u00e9 et personnalis\u00e9 au dormeur. Que vous pesiez 50\u00a0kg ou 80\u00a0kg, que vous dormiez sur le ventre ou sur le c\u00f4t\u00e9, la m\u00e9moire de forme s\u2019adapte \u00e0 vous\u2009!<\/p>\n<p>Du fait du confort et du soutien offerts, les adeptes de cette mati\u00e8re trouvent qu\u2019ils changent moins souvent de position pendant la nuit, ce qui peut conduire \u00e0 un sommeil plus profond et plus r\u00e9parateur.<\/p>\n<p>En r\u00e9sum\u00e9, les avantages d\u2019un matelas \u00e0 m\u00e9moire de forme\u00a0:<\/p>\n<ul>\n<li>sensation de confort, accueil doux\u2009;<\/li>\n<li>soulage les points d\u2019appui\u2009;<\/li>\n<li>ind\u00e9pendance de couchage pour les couples\u2009;<\/li>\n<li>soutien personnalis\u00e9\u2009;<\/li>\n<li>la durabilit\u00e9 du matelas\u2009;<\/li>\n<li>adaptabilit\u00e9 \u00e0 chaque dormeur\u2009;<\/li>\n<li>hygi\u00e9nique, anti-acarien, anti-moisissure, parfait pour les personnes allergiques.<\/li>\n<\/ul>\n<h2><span class=\"ez-toc-section\" id=\"choisir-un-matelas-memoire-de-forme\"><\/span>Choisir un matelas m\u00e9moire de forme<span class=\"ez-toc-section-end\"><\/span><\/h2>\n<h3><span class=\"ez-toc-section\" id=\"le-soutien-du-matelas\"><\/span>Le soutien du matelas<span class=\"ez-toc-section-end\"><\/span><\/h3>\n<p>La qualit\u00e9 du sommeil et le soutien de la colonne vert\u00e9brale sont des aspects cruciaux lors de l\u2019<a href=\"https:\/\/www.mydemenageur.com\/blog\/meilleurs-matelas-en-ligne\/\">achat d\u2019un matelas<\/a> \u00e0 m\u00e9moire de forme. Recherchez des matelas qui offrent une bonne ind\u00e9pendance de couchage, une \u00e9lasticit\u00e9 et une r\u00e9silience \u00e9lev\u00e9es. Ces caract\u00e9ristiques garantissent un soutien optimal de votre colonne vert\u00e9brale et une r\u00e9partition \u00e9quilibr\u00e9e de votre poids.<\/p>\n<p>L\u2019\u00e2me du matelas, la mati\u00e8re premi\u00e8re au centre du matelas peut \u00eatre compos\u00e9e de\u00a0:<\/p>\n<ul>\n<li>mousse visco\u00e9lastique\u2009;<\/li>\n<li><a href=\"https:\/\/www.mydemenageur.com\/blog\/avantages-matelas-latex-naturel\/\">latex naturel<\/a>\u2009;<\/li>\n<li>latex synth\u00e9tique\u2009;<\/li>\n<li>ressorts\u2009;<\/li>\n<li>mousse polyur\u00e9thane.<\/li>\n<\/ul>\n<p>Ensuite, diff\u00e9rentes mati\u00e8res peuvent s\u2019ajouter pour cr\u00e9er des conforts de matelas diff\u00e9rents. Un matelas \u00e0 ressorts est souvent compos\u00e9 de mousse polyur\u00e9thane ou visco\u00e9lastique tout autour des ressorts pour apporter un confort douillet \u00e0 l\u2019\u00e2me du matelas tonique.<\/p>\n<p>Un matelas 100\u00a0% en m\u00e9moire de forme peut \u00eatre un couchage moelleux comme ferme. Attention \u00e0 la densit\u00e9 de la mousse. Vous devez choisir votre matelas en fonction de votre gabarit et de vos habitudes de couchage. Si le matelas pr\u00e9sente une densit\u00e9 \u00e9lev\u00e9e la sensation sera ferme, et plus la densit\u00e9 est faible plus vous vous enfoncez dans le matelas.<\/p>\n<p>Encore une fois tout d\u00e9pend de votre poids, un poids plume n\u2019aura pas besoin d\u2019une densit\u00e9 \u00e9lev\u00e9e pour avoir un bon soutien. En revanche, les personnes avec une forte corpulence n\u00e9cessitent un soutien suffisant et devront faire attention \u00e0 choisir un matelas ferme.<\/p>\n<p>Il est important de noter que les matelas \u00e0 m\u00e9moire de forme ne conviennent pas n\u00e9cessairement \u00e0 tout le monde. Certains utilisateurs peuvent trouver ces matelas trop chauds, trop fermes ou trop mous. Il est donc recommand\u00e9 d\u2019essayer un matelas avant de l\u2019acheter, ou d\u2019opter pour des marques qui offrent une p\u00e9riode d\u2019essai.<\/p>\n<h3><span class=\"ez-toc-section\" id=\"laccueil-du-matelas\"><\/span>L\u2019accueil du matelas<span class=\"ez-toc-section-end\"><\/span><\/h3>\n<p>L\u2019accueil du matelas repr\u00e9sente la premi\u00e8re \u00e9paisseur que vous sentez imm\u00e9diatement en vous allongeant. Ces 5\u00a0cm \u00e0 7\u00a0cm ou plus de topping qui vous procure la sensation de confort imm\u00e9diat.<\/p>\n<p>Cet accueil est compos\u00e9 d\u2019un garnissage et d\u2019une enveloppe appel\u00e9e le coutil. Ce dernier peut \u00eatre compos\u00e9 de coton, de soie, de laine, de bambou, de polyester\u2026<\/p>\n<p>Le garnissage du matelas \u00e0 m\u00e9moire de forme est le plus souvent de la m\u00e9moire de forme. Mais, vous pouvez aussi retrouver une alliance avec du latex ou de la mousse polyur\u00e9thane.<\/p>\n<p>La mousse polyur\u00e9thane peut \u00eatre int\u00e9ressante pour les personnes qui transpirent par exemple, la sensation de confort sera plus s\u00e8che en sensation d\u2019accueil.<\/p>\n<p>L\u2019accueil du matelas peut aussi \u00eatre repr\u00e9sent\u00e9 par un surmatelas. Il est courant d\u2019ajouter un surmatelas en m\u00e9moire de forme par-dessus un matelas jug\u00e9 trop ferme par l\u2019utilisateur.<\/p>\n<p>Vous pouvez \u00e9galement opter pour un matelas \u00e0 ressorts ensach\u00e9s associ\u00e9 \u00e0 une couche d\u2019accueil en mousse visco\u00e9lastique. Les ressorts ensach\u00e9s offrent un soutien ferme et une bonne a\u00e9ration, tandis que la mousse \u00e0 m\u00e9moire de forme ajoute une couche de confort suppl\u00e9mentaire.<\/p>\n<h2><span class=\"ez-toc-section\" id=\"le-prix-dun-matelas-memoire-de-forme\"><\/span>Le prix d\u2019un matelas m\u00e9moire de forme<span class=\"ez-toc-section-end\"><\/span><\/h2>\n<p>Le prix d\u2019un matelas m\u00e9moire de forme peut varier consid\u00e9rablement en fonction de la marque, de la qualit\u00e9, de la densit\u00e9 de la mousse, des technologies incorpor\u00e9es\u2026<\/p>\n<p>Voici cependant une gamme de prix approximative en fonction des tailles\u00a0:<\/p>\n<table>\n<tbody>\n<tr>\n<td>Taille du matelas<\/td>\n<td>Entr\u00e9e de gamme<\/td>\n<td>Milieu de gamme<\/td>\n<td>Haut de gamme<\/td>\n<\/tr>\n<tr>\n<td>80&#215;200\/90&#215;190<\/td>\n<td>300\u00a0\u20ac<\/td>\n<td>500\u00a0\u20ac<\/td>\n<td>800\u00a0\u20ac et plus<\/td>\n<\/tr>\n<tr>\n<td>140&#215;190\/140&#215;200<\/td>\n<td>400\u00a0\u20ac<\/td>\n<td>750\u00a0\u20ac<\/td>\n<td>1\u2009000\u00a0\u20ac<\/td>\n<\/tr>\n<tr>\n<td>160&#215;200<\/td>\n<td>450\u00a0\u20ac<\/td>\n<td>750\u00a0\u20ac<\/td>\n<td>1\u2009100\u00a0\u20ac<\/td>\n<\/tr>\n<tr>\n<td>180&#215;200<\/td>\n<td>650\u00a0\u20ac<\/td>\n<td>900\u00a0\u20ac<\/td>\n<td>1\u2009500\u00a0\u20ac<\/td>\n<\/tr>\n<\/tbody>\n<\/table>\n<p>Il est \u00e9galement bon de noter que certains matelas \u00e0 m\u00e9moire de forme peuvent incorporer d\u2019autres mat\u00e9riaux ou technologies, comme des couches de gel refroidissant, des zones de soutien diff\u00e9renci\u00e9es, des couches hypoallerg\u00e9niques, etc., ce qui peut influencer le prix.<\/p>\n<p>Renseignez-vous sur les garanties, personne n\u2019est \u00e0 l\u2019abri d\u2019un coutil qui se d\u00e9coud.<\/p>\n<p>Lors de votre recherche, tenez compte de votre morphologie et de vos pr\u00e9f\u00e9rences en termes de fermet\u00e9. Les matelas \u00e0 m\u00e9moire de forme sont disponibles dans une large gamme de densit\u00e9, du moelleux au tr\u00e8s ferme. Choisissez le degr\u00e9 de fermet\u00e9 qui correspond le mieux \u00e0 vos besoins et \u00e0 votre confort personnel. La ventilation est \u00e9galement un facteur important \u00e0 prendre en compte lors du choix d\u2019un matelas \u00e0 m\u00e9moire de forme. Assurez-vous que le matelas offre une bonne a\u00e9ration pour \u00e9viter l\u2019accumulation de chaleur et de transpiration pendant la nuit.<\/p>\n<p>\u21d2 Pour en savoir plus sur l\u2019entretien de votre matelas, lisez cet article sur le <a href=\"https:\/\/www.mydemenageur.com\/blog\/nettoyer-un-matelas\/\">nettoyage de votre literie<\/a>.<\/p>\n<p>Vous savez d\u00e9sormais comment choisir un matelas \u00e0 m\u00e9moire de forme. Si vous \u00eates convaincu par les avantages de cette mati\u00e8re incroyable, il vous reste \u00e0 tester le meilleur matelas pour vous. Les matelas hybrides, avec de la m\u00e9moire de forme parmi leurs composantes, sont \u00e9galement une alternative int\u00e9ressante.<\/p>\n","protected":false},"excerpt":{"rendered":"<p>La m\u00e9moire de forme est une mati\u00e8re fascinante qui \u00e9pouse les formes du corps, qui r\u00e9agit \u00e0 la chaleur, et<\/p>\n","protected":false},"author":12,"featured_media":30426,"comment_status":"closed","ping_status":"closed","sticky":false,"template":"","format":"standard","meta":{"_lmt_disableupdate":"no","_lmt_disable":"no","footnotes":""},"categories":[102],"tags":[],"yoast_head":"<!-- This site is optimized with the Yoast SEO Premium plugin v24.2 (Yoast SEO v24.5) - https:\/\/yoast.com\/wordpress\/plugins\/seo\/ -->\n<title>Comment choisir un matelas \u00e0 m\u00e9moire de forme<\/title>\n<meta name=\"description\" content=\"Choisir un matelas \u00e0 m\u00e9moire de forme requiert quelques connaissances indispensables pour trouver un confort adapt\u00e9 \u00e0 vos besoins.\" \/>\n<meta name=\"robots\" content=\"index, follow, max-snippet:-1, max-image-preview:large, max-video-preview:-1\" \/>\n<link rel=\"canonical\" href=\"https:\/\/www.mydemenageur.com\/blog\/comment-choisir-un-matelas-memoire-de-forme\/\" \/>\n<meta property=\"og:locale\" content=\"fr_FR\" \/>\n<meta property=\"og:type\" content=\"article\" \/>\n<meta property=\"og:title\" content=\"Comment choisir un matelas \u00e0 m\u00e9moire de forme\" \/>\n<meta property=\"og:description\" content=\"Choisir un matelas \u00e0 m\u00e9moire de forme requiert quelques connaissances indispensables pour trouver un confort adapt\u00e9 \u00e0 vos besoins.\" \/>\n<meta property=\"og:url\" content=\"https:\/\/www.mydemenageur.com\/blog\/comment-choisir-un-matelas-memoire-de-forme\/\" \/>\n<meta property=\"og:site_name\" content=\"MyDemenageur\" \/>\n<meta property=\"article:publisher\" content=\"https:\/\/www.facebook.com\/mydemenageur\" \/>\n<meta property=\"article:published_time\" content=\"2023-09-25T08:54:40+00:00\" \/>\n<meta property=\"article:modified_time\" content=\"2024-09-14T16:52:12+00:00\" \/>\n<meta property=\"og:image\" content=\"https:\/\/www.mydemenageur.com\/blog\/wp-content\/uploads\/2023\/09\/Design-sans-titre.jpg\" \/>\n\t<meta property=\"og:image:width\" content=\"900\" \/>\n\t<meta property=\"og:image:height\" content=\"600\" \/>\n\t<meta property=\"og:image:type\" content=\"image\/jpeg\" \/>\n<meta name=\"author\" content=\"Ma\u00ebl Poullain\" \/>\n<meta name=\"twitter:card\" content=\"summary_large_image\" \/>\n<meta name=\"twitter:creator\" content=\"@mydemenageur\" \/>\n<meta name=\"twitter:site\" content=\"@mydemenageur\" \/>\n<meta name=\"twitter:label1\" content=\"\u00c9crit par\" \/>\n\t<meta name=\"twitter:data1\" content=\"Ma\u00ebl Poullain\" \/>\n\t<meta name=\"twitter:label2\" content=\"Dur\u00e9e de lecture estim\u00e9e\" \/>\n\t<meta name=\"twitter:data2\" content=\"7 minutes\" \/>\n<script type=\"application\/ld+json\" class=\"yoast-schema-graph\">{\"@context\":\"https:\/\/schema.org\",\"@graph\":[{\"@type\":\"Article\",\"@id\":\"https:\/\/www.mydemenageur.com\/blog\/comment-choisir-un-matelas-memoire-de-forme\/#article\",\"isPartOf\":{\"@id\":\"https:\/\/www.mydemenageur.com\/blog\/comment-choisir-un-matelas-memoire-de-forme\/\"},\"author\":{\"name\":\"Ma\u00ebl Poullain\",\"@id\":\"https:\/\/www.mydemenageur.com\/blog\/#\/schema\/person\/1af15b826dbdca6df1e89d257c741b13\"},\"headline\":\"Comment choisir un matelas \u00e0 m\u00e9moire de forme\",\"datePublished\":\"2023-09-25T08:54:40+00:00\",\"dateModified\":\"2024-09-14T16:52:12+00:00\",\"mainEntityOfPage\":{\"@id\":\"https:\/\/www.mydemenageur.com\/blog\/comment-choisir-un-matelas-memoire-de-forme\/\"},\"wordCount\":1406,\"publisher\":{\"@id\":\"https:\/\/www.mydemenageur.com\/blog\/#organization\"},\"image\":{\"@id\":\"https:\/\/www.mydemenageur.com\/blog\/comment-choisir-un-matelas-memoire-de-forme\/#primaryimage\"},\"thumbnailUrl\":\"https:\/\/www.mydemenageur.com\/blog\/wp-content\/uploads\/2023\/09\/Design-sans-titre.jpg\",\"articleSection\":[\"Logement\"],\"inLanguage\":\"fr-FR\"},{\"@type\":\"WebPage\",\"@id\":\"https:\/\/www.mydemenageur.com\/blog\/comment-choisir-un-matelas-memoire-de-forme\/\",\"url\":\"https:\/\/www.mydemenageur.com\/blog\/comment-choisir-un-matelas-memoire-de-forme\/\",\"name\":\"Comment choisir un matelas \u00e0 m\u00e9moire de forme\",\"isPartOf\":{\"@id\":\"https:\/\/www.mydemenageur.com\/blog\/#website\"},\"primaryImageOfPage\":{\"@id\":\"https:\/\/www.mydemenageur.com\/blog\/comment-choisir-un-matelas-memoire-de-forme\/#primaryimage\"},\"image\":{\"@id\":\"https:\/\/www.mydemenageur.com\/blog\/comment-choisir-un-matelas-memoire-de-forme\/#primaryimage\"},\"thumbnailUrl\":\"https:\/\/www.mydemenageur.com\/blog\/wp-content\/uploads\/2023\/09\/Design-sans-titre.jpg\",\"datePublished\":\"2023-09-25T08:54:40+00:00\",\"dateModified\":\"2024-09-14T16:52:12+00:00\",\"description\":\"Choisir un matelas \u00e0 m\u00e9moire de forme requiert quelques connaissances indispensables pour trouver un confort adapt\u00e9 \u00e0 vos besoins.\",\"breadcrumb\":{\"@id\":\"https:\/\/www.mydemenageur.com\/blog\/comment-choisir-un-matelas-memoire-de-forme\/#breadcrumb\"},\"inLanguage\":\"fr-FR\",\"potentialAction\":[{\"@type\":\"ReadAction\",\"target\":[\"https:\/\/www.mydemenageur.com\/blog\/comment-choisir-un-matelas-memoire-de-forme\/\"]}]},{\"@type\":\"ImageObject\",\"inLanguage\":\"fr-FR\",\"@id\":\"https:\/\/www.mydemenageur.com\/blog\/comment-choisir-un-matelas-memoire-de-forme\/#primaryimage\",\"url\":\"https:\/\/www.mydemenageur.com\/blog\/wp-content\/uploads\/2023\/09\/Design-sans-titre.jpg\",\"contentUrl\":\"https:\/\/www.mydemenageur.com\/blog\/wp-content\/uploads\/2023\/09\/Design-sans-titre.jpg\",\"width\":900,\"height\":600,\"caption\":\"choisir un matelas \u00e0 memoire de forme\"},{\"@type\":\"BreadcrumbList\",\"@id\":\"https:\/\/www.mydemenageur.com\/blog\/comment-choisir-un-matelas-memoire-de-forme\/#breadcrumb\",\"itemListElement\":[{\"@type\":\"ListItem\",\"position\":1,\"name\":\"Accueil\",\"item\":\"https:\/\/www.mydemenageur.com\/blog\/\"},{\"@type\":\"ListItem\",\"position\":2,\"name\":\"Logement\",\"item\":\"https:\/\/www.mydemenageur.com\/blog\/categorie\/logement\/\"},{\"@type\":\"ListItem\",\"position\":3,\"name\":\"Comment choisir un matelas \u00e0 m\u00e9moire de forme\"}]},{\"@type\":\"WebSite\",\"@id\":\"https:\/\/www.mydemenageur.com\/blog\/#website\",\"url\":\"https:\/\/www.mydemenageur.com\/blog\/\",\"name\":\"MyDemenageur\",\"description\":\"Conseils d\u00e9m\u00e9ngement entre particuliers et d\u00e9m\u00e9nagement professionnel\",\"publisher\":{\"@id\":\"https:\/\/www.mydemenageur.com\/blog\/#organization\"},\"potentialAction\":[{\"@type\":\"SearchAction\",\"target\":{\"@type\":\"EntryPoint\",\"urlTemplate\":\"https:\/\/www.mydemenageur.com\/blog\/?s={search_term_string}\"},\"query-input\":{\"@type\":\"PropertyValueSpecification\",\"valueRequired\":true,\"valueName\":\"search_term_string\"}}],\"inLanguage\":\"fr-FR\"},{\"@type\":\"Organization\",\"@id\":\"https:\/\/www.mydemenageur.com\/blog\/#organization\",\"name\":\"MyDemenageur.com\",\"url\":\"https:\/\/www.mydemenageur.com\/blog\/\",\"logo\":{\"@type\":\"ImageObject\",\"inLanguage\":\"fr-FR\",\"@id\":\"https:\/\/www.mydemenageur.com\/blog\/#\/schema\/logo\/image\/\",\"url\":\"https:\/\/www.mydemenageur.com\/blog\/wp-content\/uploads\/2022\/05\/MyDemenageur_Symbol.jpg\",\"contentUrl\":\"https:\/\/www.mydemenageur.com\/blog\/wp-content\/uploads\/2022\/05\/MyDemenageur_Symbol.jpg\",\"width\":878,\"height\":877,\"caption\":\"MyDemenageur.com\"},\"image\":{\"@id\":\"https:\/\/www.mydemenageur.com\/blog\/#\/schema\/logo\/image\/\"},\"sameAs\":[\"https:\/\/www.facebook.com\/mydemenageur\",\"https:\/\/x.com\/mydemenageur\",\"https:\/\/www.pinterest.fr\/mydemenageur\/\"]},{\"@type\":\"Person\",\"@id\":\"https:\/\/www.mydemenageur.com\/blog\/#\/schema\/person\/1af15b826dbdca6df1e89d257c741b13\",\"name\":\"Ma\u00ebl Poullain\",\"image\":{\"@type\":\"ImageObject\",\"inLanguage\":\"fr-FR\",\"@id\":\"https:\/\/www.mydemenageur.com\/blog\/#\/schema\/person\/image\/\",\"url\":\"https:\/\/www.mydemenageur.com\/blog\/wp-content\/uploads\/letter-avatar\/8d4669fc40212ec83283649151e2e3d2.svg\",\"contentUrl\":\"https:\/\/www.mydemenageur.com\/blog\/wp-content\/uploads\/letter-avatar\/8d4669fc40212ec83283649151e2e3d2.svg\",\"caption\":\"Ma\u00ebl Poullain\"},\"url\":\"https:\/\/www.mydemenageur.com\/blog\/author\/mael-poullain\/\"}]}<\/script>\n<!-- \/ Yoast SEO Premium plugin. -->","yoast_head_json":{"title":"Comment choisir un matelas \u00e0 m\u00e9moire de forme","description":"Choisir un matelas \u00e0 m\u00e9moire de forme requiert quelques connaissances indispensables pour trouver un confort adapt\u00e9 \u00e0 vos besoins.","robots":{"index":"index","follow":"follow","max-snippet":"max-snippet:-1","max-image-preview":"max-image-preview:large","max-video-preview":"max-video-preview:-1"},"canonical":"https:\/\/www.mydemenageur.com\/blog\/comment-choisir-un-matelas-memoire-de-forme\/","og_locale":"fr_FR","og_type":"article","og_title":"Comment choisir un matelas \u00e0 m\u00e9moire de forme","og_description":"Choisir un matelas \u00e0 m\u00e9moire de forme requiert quelques connaissances indispensables pour trouver un confort adapt\u00e9 \u00e0 vos besoins.","og_url":"https:\/\/www.mydemenageur.com\/blog\/comment-choisir-un-matelas-memoire-de-forme\/","og_site_name":"MyDemenageur","article_publisher":"https:\/\/www.facebook.com\/mydemenageur","article_published_time":"2023-09-25T08:54:40+00:00","article_modified_time":"2024-09-14T16:52:12+00:00","og_image":[{"width":900,"height":600,"url":"https:\/\/www.mydemenageur.com\/blog\/wp-content\/uploads\/2023\/09\/Design-sans-titre.jpg","type":"image\/jpeg"}],"author":"Ma\u00ebl Poullain","twitter_card":"summary_large_image","twitter_creator":"@mydemenageur","twitter_site":"@mydemenageur","twitter_misc":{"\u00c9crit par":"Ma\u00ebl Poullain","Dur\u00e9e de lecture estim\u00e9e":"7 minutes"},"schema":{"@context":"https:\/\/schema.org","@graph":[{"@type":"Article","@id":"https:\/\/www.mydemenageur.com\/blog\/comment-choisir-un-matelas-memoire-de-forme\/#article","isPartOf":{"@id":"https:\/\/www.mydemenageur.com\/blog\/comment-choisir-un-matelas-memoire-de-forme\/"},"author":{"name":"Ma\u00ebl Poullain","@id":"https:\/\/www.mydemenageur.com\/blog\/#\/schema\/person\/1af15b826dbdca6df1e89d257c741b13"},"headline":"Comment choisir un matelas \u00e0 m\u00e9moire de forme","datePublished":"2023-09-25T08:54:40+00:00","dateModified":"2024-09-14T16:52:12+00:00","mainEntityOfPage":{"@id":"https:\/\/www.mydemenageur.com\/blog\/comment-choisir-un-matelas-memoire-de-forme\/"},"wordCount":1406,"publisher":{"@id":"https:\/\/www.mydemenageur.com\/blog\/#organization"},"image":{"@id":"https:\/\/www.mydemenageur.com\/blog\/comment-choisir-un-matelas-memoire-de-forme\/#primaryimage"},"thumbnailUrl":"https:\/\/www.mydemenageur.com\/blog\/wp-content\/uploads\/2023\/09\/Design-sans-titre.jpg","articleSection":["Logement"],"inLanguage":"fr-FR"},{"@type":"WebPage","@id":"https:\/\/www.mydemenageur.com\/blog\/comment-choisir-un-matelas-memoire-de-forme\/","url":"https:\/\/www.mydemenageur.com\/blog\/comment-choisir-un-matelas-memoire-de-forme\/","name":"Comment choisir un matelas \u00e0 m\u00e9moire de forme","isPartOf":{"@id":"https:\/\/www.mydemenageur.com\/blog\/#website"},"primaryImageOfPage":{"@id":"https:\/\/www.mydemenageur.com\/blog\/comment-choisir-un-matelas-memoire-de-forme\/#primaryimage"},"image":{"@id":"https:\/\/www.mydemenageur.com\/blog\/comment-choisir-un-matelas-memoire-de-forme\/#primaryimage"},"thumbnailUrl":"https:\/\/www.mydemenageur.com\/blog\/wp-content\/uploads\/2023\/09\/Design-sans-titre.jpg","datePublished":"2023-09-25T08:54:40+00:00","dateModified":"2024-09-14T16:52:12+00:00","description":"Choisir un matelas \u00e0 m\u00e9moire de forme requiert quelques connaissances indispensables pour trouver un confort adapt\u00e9 \u00e0 vos besoins.","breadcrumb":{"@id":"https:\/\/www.mydemenageur.com\/blog\/comment-choisir-un-matelas-memoire-de-forme\/#breadcrumb"},"inLanguage":"fr-FR","potentialAction":[{"@type":"ReadAction","target":["https:\/\/www.mydemenageur.com\/blog\/comment-choisir-un-matelas-memoire-de-forme\/"]}]},{"@type":"ImageObject","inLanguage":"fr-FR","@id":"https:\/\/www.mydemenageur.com\/blog\/comment-choisir-un-matelas-memoire-de-forme\/#primaryimage","url":"https:\/\/www.mydemenageur.com\/blog\/wp-content\/uploads\/2023\/09\/Design-sans-titre.jpg","contentUrl":"https:\/\/www.mydemenageur.com\/blog\/wp-content\/uploads\/2023\/09\/Design-sans-titre.jpg","width":900,"height":600,"caption":"choisir un matelas \u00e0 memoire de forme"},{"@type":"BreadcrumbList","@id":"https:\/\/www.mydemenageur.com\/blog\/comment-choisir-un-matelas-memoire-de-forme\/#breadcrumb","itemListElement":[{"@type":"ListItem","position":1,"name":"Accueil","item":"https:\/\/www.mydemenageur.com\/blog\/"},{"@type":"ListItem","position":2,"name":"Logement","item":"https:\/\/www.mydemenageur.com\/blog\/categorie\/logement\/"},{"@type":"ListItem","position":3,"name":"Comment choisir un matelas \u00e0 m\u00e9moire de forme"}]},{"@type":"WebSite","@id":"https:\/\/www.mydemenageur.com\/blog\/#website","url":"https:\/\/www.mydemenageur.com\/blog\/","name":"MyDemenageur","description":"Conseils d\u00e9m\u00e9ngement entre particuliers et d\u00e9m\u00e9nagement professionnel","publisher":{"@id":"https:\/\/www.mydemenageur.com\/blog\/#organization"},"potentialAction":[{"@type":"SearchAction","target":{"@type":"EntryPoint","urlTemplate":"https:\/\/www.mydemenageur.com\/blog\/?s={search_term_string}"},"query-input":{"@type":"PropertyValueSpecification","valueRequired":true,"valueName":"search_term_string"}}],"inLanguage":"fr-FR"},{"@type":"Organization","@id":"https:\/\/www.mydemenageur.com\/blog\/#organization","name":"MyDemenageur.com","url":"https:\/\/www.mydemenageur.com\/blog\/","logo":{"@type":"ImageObject","inLanguage":"fr-FR","@id":"https:\/\/www.mydemenageur.com\/blog\/#\/schema\/logo\/image\/","url":"https:\/\/www.mydemenageur.com\/blog\/wp-content\/uploads\/2022\/05\/MyDemenageur_Symbol.jpg","contentUrl":"https:\/\/www.mydemenageur.com\/blog\/wp-content\/uploads\/2022\/05\/MyDemenageur_Symbol.jpg","width":878,"height":877,"caption":"MyDemenageur.com"},"image":{"@id":"https:\/\/www.mydemenageur.com\/blog\/#\/schema\/logo\/image\/"},"sameAs":["https:\/\/www.facebook.com\/mydemenageur","https:\/\/x.com\/mydemenageur","https:\/\/www.pinterest.fr\/mydemenageur\/"]},{"@type":"Person","@id":"https:\/\/www.mydemenageur.com\/blog\/#\/schema\/person\/1af15b826dbdca6df1e89d257c741b13","name":"Ma\u00ebl Poullain","image":{"@type":"ImageObject","inLanguage":"fr-FR","@id":"https:\/\/www.mydemenageur.com\/blog\/#\/schema\/person\/image\/","url":"https:\/\/www.mydemenageur.com\/blog\/wp-content\/uploads\/letter-avatar\/8d4669fc40212ec83283649151e2e3d2.svg","contentUrl":"https:\/\/www.mydemenageur.com\/blog\/wp-content\/uploads\/letter-avatar\/8d4669fc40212ec83283649151e2e3d2.svg","caption":"Ma\u00ebl Poullain"},"url":"https:\/\/www.mydemenageur.com\/blog\/author\/mael-poullain\/"}]}},"modified_by":"MyDemenageur","_links":{"self":[{"href":"https:\/\/www.mydemenageur.com\/blog\/wp-json\/wp\/v2\/posts\/30423"}],"collection":[{"href":"https:\/\/www.mydemenageur.com\/blog\/wp-json\/wp\/v2\/posts"}],"about":[{"href":"https:\/\/www.mydemenageur.com\/blog\/wp-json\/wp\/v2\/types\/post"}],"author":[{"embeddable":true,"href":"https:\/\/www.mydemenageur.com\/blog\/wp-json\/wp\/v2\/users\/12"}],"replies":[{"embeddable":true,"href":"https:\/\/www.mydemenageur.com\/blog\/wp-json\/wp\/v2\/comments?post=30423"}],"version-history":[{"count":0,"href":"https:\/\/www.mydemenageur.com\/blog\/wp-json\/wp\/v2\/posts\/30423\/revisions"}],"wp:featuredmedia":[{"embeddable":true,"href":"https:\/\/www.mydemenageur.com\/blog\/wp-json\/wp\/v2\/media\/30426"}],"wp:attachment":[{"href":"https:\/\/www.mydemenageur.com\/blog\/wp-json\/wp\/v2\/media?parent=30423"}],"wp:term":[{"taxonomy":"category","embeddable":true,"href":"https:\/\/www.mydemenageur.com\/blog\/wp-json\/wp\/v2\/categories?post=30423"},{"taxonomy":"post_tag","embeddable":true,"href":"https:\/\/www.mydemenageur.com\/blog\/wp-json\/wp\/v2\/tags?post=30423"}],"curies":[{"name":"wp","href":"https:\/\/api.w.org\/{rel}","templated":true}]}}