{"id":309,"date":"2015-04-30T11:43:04","date_gmt":"2015-04-30T11:43:04","guid":{"rendered":"http:\/\/www.mydemenageur.com\/blog\/?p=309"},"modified":"2024-09-16T17:18:31","modified_gmt":"2024-09-16T15:18:31","slug":"interview-demarches-souscritoo","status":"publish","type":"post","link":"https:\/\/www.mydemenageur.com\/blog\/interview-demarches-souscritoo\/","title":{"rendered":"Papernest : d\u00e9l\u00e9guer les d\u00e9marches administratives de son d\u00e9m\u00e9nagement"},"content":{"rendered":"<p>Si vous avez d\u00e9j\u00e0 d\u00e9m\u00e9nag\u00e9, vous savez \u00f4 combien toute la <a href=\"\/blog\/demarches-autorisations\/\">paperasserie<\/a> qui entoure cet \u00e9v\u00e9nement peut \u00eatre fastidieuse. Nous avons rencontr\u00e9 Philippe, le fondateur de papernest, qui propose de s&rsquo;occuper de toutes les d\u00e9marches pour vous gratuitement.<\/p>\n<p><a href=\"https:\/\/www.mydemenageur.com\/blog\/wp-content\/uploads\/2015\/04\/Capture-de\u0301cran-2022-02-10-a\u0300-12.12.11.png\"><img decoding=\"async\" class=\"aligncenter size-full wp-image-27635\" src=\"https:\/\/www.mydemenageur.com\/blog\/wp-content\/uploads\/2015\/04\/Capture-de\u0301cran-2022-02-10-a\u0300-12.12.11.png\" alt=\"Papernest home\" width=\"2318\" height=\"1094\" srcset=\"https:\/\/www.mydemenageur.com\/blog\/wp-content\/uploads\/2015\/04\/Capture-de\u0301cran-2022-02-10-a\u0300-12.12.11.png 2318w, https:\/\/www.mydemenageur.com\/blog\/wp-content\/uploads\/2015\/04\/Capture-de\u0301cran-2022-02-10-a\u0300-12.12.11-300x142.png 300w, https:\/\/www.mydemenageur.com\/blog\/wp-content\/uploads\/2015\/04\/Capture-de\u0301cran-2022-02-10-a\u0300-12.12.11-1024x483.png 1024w, https:\/\/www.mydemenageur.com\/blog\/wp-content\/uploads\/2015\/04\/Capture-de\u0301cran-2022-02-10-a\u0300-12.12.11-768x362.png 768w, https:\/\/www.mydemenageur.com\/blog\/wp-content\/uploads\/2015\/04\/Capture-de\u0301cran-2022-02-10-a\u0300-12.12.11-1536x725.png 1536w, https:\/\/www.mydemenageur.com\/blog\/wp-content\/uploads\/2015\/04\/Capture-de\u0301cran-2022-02-10-a\u0300-12.12.11-2048x967.png 2048w\" sizes=\"(max-width: 2318px) 100vw, 2318px\" \/><\/a><br \/>\nEDIT: Souscritoo s&rsquo;est d\u00e9velopp\u00e9, s&rsquo;est agrandi et est devenu Papernest en octobre 2017.<br \/>\nMyDemenageur : Bonjour Philippe, pourriez-vous nous expliquer le concept de Souscritoo en quelques mots ?<br \/>\nPhilippe: Souscritoo est un site web destin\u00e9 aux particuliers, qui leur permet de souscrire en une seule fois leurs abonnements box, assurance et \u00e9nergie, ceci gratuitement et sans papier, par t\u00e9l\u00e9phone et en quelques minutes !<\/p>\n<div id=\"ez-toc-container\" class=\"ez-toc-v2_0_82_2 counter-hierarchy ez-toc-counter ez-toc-custom ez-toc-container-direction\">\n<div class=\"ez-toc-title-container\">\n<p class=\"ez-toc-title\" style=\"cursor:inherit\">Ce que vous allez apprendre<\/p>\n<span class=\"ez-toc-title-toggle\"><\/span><\/div>\n<nav><ul class='ez-toc-list ez-toc-list-level-1 ' ><li class='ez-toc-page-1 ez-toc-heading-level-2'><a class=\"ez-toc-link ez-toc-heading-1\" href=\"https:\/\/www.mydemenageur.com\/blog\/interview-demarches-souscritoo\/#dou-vous-est-venue-cette-idee\" >D&rsquo;o\u00f9 vous est venue cette id\u00e9e ?<\/a><\/li><li class='ez-toc-page-1 ez-toc-heading-level-2'><a class=\"ez-toc-link ez-toc-heading-2\" href=\"https:\/\/www.mydemenageur.com\/blog\/interview-demarches-souscritoo\/#a-qui-sadressent-les-services-proposes-par-souscritoo\" >A qui s&rsquo;adressent les services propos\u00e9s par Souscritoo ?<\/a><\/li><li class='ez-toc-page-1 ez-toc-heading-level-2'><a class=\"ez-toc-link ez-toc-heading-3\" href=\"https:\/\/www.mydemenageur.com\/blog\/interview-demarches-souscritoo\/#qui-est-a-lorigine-de-ce-projet\" >Qui est \u00e0 l&rsquo;origine de ce projet ?<\/a><\/li><li class='ez-toc-page-1 ez-toc-heading-level-2'><a class=\"ez-toc-link ez-toc-heading-4\" href=\"https:\/\/www.mydemenageur.com\/blog\/interview-demarches-souscritoo\/#combien-de-partenaires-avez-vous\" >Combien de partenaires avez-vous ?<\/a><\/li><li class='ez-toc-page-1 ez-toc-heading-level-2'><a class=\"ez-toc-link ez-toc-heading-5\" href=\"https:\/\/www.mydemenageur.com\/blog\/interview-demarches-souscritoo\/#bientot-les-abonnements-telephoniques\" >Bient\u00f4t les abonnements t\u00e9l\u00e9phoniques ?<\/a><\/li><li class='ez-toc-page-1 ez-toc-heading-level-2'><a class=\"ez-toc-link ez-toc-heading-6\" href=\"https:\/\/www.mydemenageur.com\/blog\/interview-demarches-souscritoo\/#comment-voyez-vous-papernest-dans-quelques-annees\" >Comment voyez-vous papernest dans quelques ann\u00e9es ?<\/a><\/li><\/ul><\/nav><\/div>\n<h2><span class=\"ez-toc-section\" id=\"dou-vous-est-venue-cette-idee\"><\/span>D&rsquo;o\u00f9 vous est venue cette id\u00e9e ?<span class=\"ez-toc-section-end\"><\/span><\/h2>\n<p>Je me souviens de la premi\u00e8re fois que j&rsquo;ai d\u00e9m\u00e9nag\u00e9. J\u2019ai du m\u2019occuper de g\u00e9rer l\u2019\u00e9lectricit\u00e9, la box et l\u2019assurance habitation pour mon logement. Je ne savais absolument pas comment faire ni qui contacter. J&rsquo;\u00e9tais en stage en banque d\u2019affaire, je rentrais \u00e0 3h du matin tous les jours et je n\u2019avais absolument pas le temps ni l&rsquo;envie de r\u00e9gler toutes ces formalit\u00e9s administratives, ce qui fait que je suis rest\u00e9 deux semaines sans \u00e9lectricit\u00e9 !<\/p>\n<p>Avec Souscritoo, nous avons cr\u00e9\u00e9 le premier service permettant d\u2019exp\u00e9dier en une seule fois et gratuitement toutes ces formalit\u00e9s gr\u00e2ce \u00e0 un business model innovant : ce sont les fournisseurs qui nous payent pour effectuer les d\u00e9marches administratives \u00e0 la place des utilisateurs. Je suis particuli\u00e8rement amus\u00e9 aujourd\u2019hui lorsque des \u00e9tudiants ou des jeunes actifs nous contactent pour r\u00e9gler ces probl\u00e8mes auxquels j&rsquo;\u00e9tais confront\u00e9 il y a trois ans !<br \/>\n<img decoding=\"async\" src=\"\/\/www.mydemenageur.com\/blog\/wp-content\/uploads\/2015\/04\/souscritoo_comment_ca_marche.jpg\" alt=\"souscritoo comment ca marche\" width=\"680\" height=\"287\" \/><\/p>\n<h2><span class=\"ez-toc-section\" id=\"a-qui-sadressent-les-services-proposes-par-souscritoo\"><\/span>A qui s&rsquo;adressent les services propos\u00e9s par Souscritoo ?<span class=\"ez-toc-section-end\"><\/span><\/h2>\n<p>Souscritoo s&rsquo;adresse majoritairement aux particuliers qui d\u00e9m\u00e9nagent et qui sont amen\u00e9s \u00e0 souscrire de nouveaux contrats d&rsquo;assurance, de box, d&rsquo;\u00e9lectricit\u00e9 ou de gaz. Ces particuliers sont pour la plupart des jeunes actifs qui n&rsquo;ont jamais \u00e9t\u00e9 confront\u00e9s \u00e0 ce genre de contraintes administratives et qui attendent une solution cl\u00e9 en main ultra rapide. Nous nous positionnons bien \u00e9videmment en parall\u00e8le sur les personnes qui d\u00e9m\u00e9nagent, de fa\u00e7on g\u00e9n\u00e9rale, et qui souhaitent souscrire les offres pr\u00e9sentant le meilleur rapport qualit\u00e9\/ prix du march\u00e9.<br \/>\nQuel est votre business model ?<\/p>\n<p>Souscritoo est un service gratuit, se positionnant en apporteur d\u2019affaires pour les fournisseurs. A chaque client apport\u00e9, Souscritoo per\u00e7oit une commission du ou des fournisseurs concern\u00e9s. Nous faisons l&rsquo;interm\u00e9diaire entre le client et le fournisseur, apportant d&rsquo;une part un client au fournisseur, et facilitant toutes les d\u00e9marches au maximum pour le client d&rsquo;autre part.<br \/>\n<img decoding=\"async\" src=\"\/\/www.mydemenageur.com\/blog\/wp-content\/uploads\/2015\/04\/souscritoo_gratuit.jpg\" alt=\"souscritoo est gratuit\" width=\"680\" height=\"183\" \/><\/p>\n<h2><span class=\"ez-toc-section\" id=\"qui-est-a-lorigine-de-ce-projet\"><\/span>Qui est \u00e0 l&rsquo;origine de ce projet ?<span class=\"ez-toc-section-end\"><\/span><\/h2>\n<p>Souscritoo a \u00e9t\u00e9 fond\u00e9 par Beno\u00eet Fabre et moi-m\u00eame Philippe de La Chevasnerie. Nous avons tous les deux simultan\u00e9ment d\u00e9missionn\u00e9 en mars 2015 pour se consacrer \u00e0 100% \u00e0 la start-up. Nous nous sommes rencontr\u00e9s sur les bancs de leur \u00e9cole pr\u00e9paratoire en 2007.<\/p>\n<p>Philippe de la Chevasnerie (25 ans &#8211; pr\u00e9sident) , en charge des partenariats et du marketing, est dipl\u00f4m\u00e9 de l\u2019Ecole Polytechnique et d\u2019HEC. Philippe a acquis une grande connaissance des domaines de l\u2019\u00e9nergie, des t\u00e9l\u00e9coms et de l\u2019assurance apr\u00e8s avoir travaill\u00e9 deux ans chez McKinsey et Goldman Sachs. Philippe a commenc\u00e9 dans la Marine Nationale en service \u00e0 Djibouti.<\/p>\n<p>Beno\u00eet Fabre (25 ans &#8211; directeur g\u00e9n\u00e9ral), en charge des op\u00e9rations web et du call center. Beno\u00eet est dipl\u00f4m\u00e9 de Sup\u00e9lec et de l\u2019ESCP et d\u00e9cide de s\u2019associer \u00e0 Philippe apr\u00e8s deux ans d\u2019exp\u00e9rience chez Advancy puis BNP Paribas et la cr\u00e9ation d\u2019une premi\u00e8re startup Visit1museum.com<\/p>\n<h2><span class=\"ez-toc-section\" id=\"combien-de-partenaires-avez-vous\"><\/span>Combien de partenaires avez-vous ?<span class=\"ez-toc-section-end\"><\/span><\/h2>\n<p>Souscritoo compte une dizaine de partenaires \u00e0 ce jour. Parmi lesquels Direct Energie, Direct Assurance, Orange, SFR, Bouygues T\u00e9l\u00e9com, Num\u00e9ricable. Nous cherchons bien entendu \u00e0 d\u00e9velopper notre panel de partenaires !<\/p>\n<h2><span class=\"ez-toc-section\" id=\"bientot-les-abonnements-telephoniques\"><\/span>Bient\u00f4t les abonnements t\u00e9l\u00e9phoniques ?<span class=\"ez-toc-section-end\"><\/span><\/h2>\n<p>C&rsquo;est pr\u00e9vu ! Une application smartphone aussi, pour simplifier encore plus l&rsquo;acc\u00e8s au service.<\/p>\n<h2><span class=\"ez-toc-section\" id=\"comment-voyez-vous-papernest-dans-quelques-annees\"><\/span>Comment voyez-vous papernest dans quelques ann\u00e9es ?<span class=\"ez-toc-section-end\"><\/span><\/h2>\n<p>Souscritoo compte \u00e9largir son r\u00e9seau de partenaires mais \u00e9galement son champ d&rsquo;action g\u00e9ographique : nous avons pour ambition de nous \u00e9tendre autant que possible dans les pays voisins o\u00f9 la demande sera la plus forte.<\/p>\n<p>Le site : https:\/\/www.papernest.com\/<\/p>\n","protected":false},"excerpt":{"rendered":"<p>Si vous avez d\u00e9j\u00e0 d\u00e9m\u00e9nag\u00e9, vous savez \u00f4 combien toute la paperasserie qui entoure cet \u00e9v\u00e9nement peut \u00eatre fastidieuse. Nous<\/p>\n","protected":false},"author":11,"featured_media":311,"comment_status":"closed","ping_status":"closed","sticky":false,"template":"","format":"standard","meta":{"_lmt_disableupdate":"no","_lmt_disable":"no","footnotes":""},"categories":[105],"tags":[],"yoast_head":"<!-- This site is optimized with the Yoast SEO Premium plugin v24.2 (Yoast SEO v24.5) - https:\/\/yoast.com\/wordpress\/plugins\/seo\/ -->\n<title>[Interview] papernest se charge des d\u00e9marches administratives<\/title>\n<meta name=\"description\" content=\"D\u00e9couvrez papernest, startup qui se charge de simplifier toutes vos d\u00e9marches. La plateforme s&#039;ocuppe de tout et c&#039;est gratuit!\" \/>\n<meta name=\"robots\" content=\"index, follow, max-snippet:-1, max-image-preview:large, max-video-preview:-1\" \/>\n<link rel=\"canonical\" href=\"https:\/\/www.mydemenageur.com\/blog\/interview-demarches-souscritoo\/\" \/>\n<meta property=\"og:locale\" content=\"fr_FR\" \/>\n<meta property=\"og:type\" content=\"article\" \/>\n<meta property=\"og:title\" content=\"Papernest : d\u00e9l\u00e9guer les d\u00e9marches administratives de son d\u00e9m\u00e9nagement\" \/>\n<meta property=\"og:description\" content=\"D\u00e9couvrez papernest, startup qui se charge de simplifier toutes vos d\u00e9marches. La plateforme s&#039;ocuppe de tout et c&#039;est gratuit!\" \/>\n<meta property=\"og:url\" content=\"https:\/\/www.mydemenageur.com\/blog\/interview-demarches-souscritoo\/\" \/>\n<meta property=\"og:site_name\" content=\"MyDemenageur\" \/>\n<meta property=\"article:publisher\" content=\"https:\/\/www.facebook.com\/mydemenageur\" \/>\n<meta property=\"article:published_time\" content=\"2015-04-30T11:43:04+00:00\" \/>\n<meta property=\"article:modified_time\" content=\"2024-09-16T15:18:31+00:00\" \/>\n<meta property=\"og:image\" content=\"https:\/\/www.mydemenageur.com\/blog\/wp-content\/uploads\/2015\/04\/souscritoo_lolo.jpg\" \/>\n\t<meta property=\"og:image:width\" content=\"150\" \/>\n\t<meta property=\"og:image:height\" content=\"150\" \/>\n\t<meta property=\"og:image:type\" content=\"image\/jpeg\" \/>\n<meta name=\"author\" content=\"Mathilde\" \/>\n<meta name=\"twitter:card\" content=\"summary_large_image\" \/>\n<meta name=\"twitter:creator\" content=\"@mydemenageur\" \/>\n<meta name=\"twitter:site\" content=\"@mydemenageur\" \/>\n<meta name=\"twitter:label1\" content=\"\u00c9crit par\" \/>\n\t<meta name=\"twitter:data1\" content=\"Mathilde\" \/>\n\t<meta name=\"twitter:label2\" content=\"Dur\u00e9e de lecture estim\u00e9e\" \/>\n\t<meta name=\"twitter:data2\" content=\"5 minutes\" \/>\n<script type=\"application\/ld+json\" class=\"yoast-schema-graph\">{\"@context\":\"https:\/\/schema.org\",\"@graph\":[{\"@type\":\"Article\",\"@id\":\"https:\/\/www.mydemenageur.com\/blog\/interview-demarches-souscritoo\/#article\",\"isPartOf\":{\"@id\":\"https:\/\/www.mydemenageur.com\/blog\/interview-demarches-souscritoo\/\"},\"author\":{\"name\":\"Mathilde\",\"@id\":\"https:\/\/www.mydemenageur.com\/blog\/#\/schema\/person\/4540dc333c2e7dc790f0f7bcd5b99569\"},\"headline\":\"Papernest : d\u00e9l\u00e9guer les d\u00e9marches administratives de son d\u00e9m\u00e9nagement\",\"datePublished\":\"2015-04-30T11:43:04+00:00\",\"dateModified\":\"2024-09-16T15:18:31+00:00\",\"mainEntityOfPage\":{\"@id\":\"https:\/\/www.mydemenageur.com\/blog\/interview-demarches-souscritoo\/\"},\"wordCount\":755,\"publisher\":{\"@id\":\"https:\/\/www.mydemenageur.com\/blog\/#organization\"},\"image\":{\"@id\":\"https:\/\/www.mydemenageur.com\/blog\/interview-demarches-souscritoo\/#primaryimage\"},\"thumbnailUrl\":\"https:\/\/www.mydemenageur.com\/blog\/wp-content\/uploads\/2015\/04\/souscritoo_lolo.jpg\",\"articleSection\":[\"D\u00e9marches et autorisations\"],\"inLanguage\":\"fr-FR\"},{\"@type\":\"WebPage\",\"@id\":\"https:\/\/www.mydemenageur.com\/blog\/interview-demarches-souscritoo\/\",\"url\":\"https:\/\/www.mydemenageur.com\/blog\/interview-demarches-souscritoo\/\",\"name\":\"[Interview] papernest se charge des d\u00e9marches administratives\",\"isPartOf\":{\"@id\":\"https:\/\/www.mydemenageur.com\/blog\/#website\"},\"primaryImageOfPage\":{\"@id\":\"https:\/\/www.mydemenageur.com\/blog\/interview-demarches-souscritoo\/#primaryimage\"},\"image\":{\"@id\":\"https:\/\/www.mydemenageur.com\/blog\/interview-demarches-souscritoo\/#primaryimage\"},\"thumbnailUrl\":\"https:\/\/www.mydemenageur.com\/blog\/wp-content\/uploads\/2015\/04\/souscritoo_lolo.jpg\",\"datePublished\":\"2015-04-30T11:43:04+00:00\",\"dateModified\":\"2024-09-16T15:18:31+00:00\",\"description\":\"D\u00e9couvrez papernest, startup qui se charge de simplifier toutes vos d\u00e9marches. La plateforme s'ocuppe de tout et c'est gratuit!\",\"breadcrumb\":{\"@id\":\"https:\/\/www.mydemenageur.com\/blog\/interview-demarches-souscritoo\/#breadcrumb\"},\"inLanguage\":\"fr-FR\",\"potentialAction\":[{\"@type\":\"ReadAction\",\"target\":[\"https:\/\/www.mydemenageur.com\/blog\/interview-demarches-souscritoo\/\"]}]},{\"@type\":\"ImageObject\",\"inLanguage\":\"fr-FR\",\"@id\":\"https:\/\/www.mydemenageur.com\/blog\/interview-demarches-souscritoo\/#primaryimage\",\"url\":\"https:\/\/www.mydemenageur.com\/blog\/wp-content\/uploads\/2015\/04\/souscritoo_lolo.jpg\",\"contentUrl\":\"https:\/\/www.mydemenageur.com\/blog\/wp-content\/uploads\/2015\/04\/souscritoo_lolo.jpg\",\"width\":150,\"height\":150},{\"@type\":\"BreadcrumbList\",\"@id\":\"https:\/\/www.mydemenageur.com\/blog\/interview-demarches-souscritoo\/#breadcrumb\",\"itemListElement\":[{\"@type\":\"ListItem\",\"position\":1,\"name\":\"Accueil\",\"item\":\"https:\/\/www.mydemenageur.com\/blog\/\"},{\"@type\":\"ListItem\",\"position\":2,\"name\":\"D\u00e9marches et autorisations\",\"item\":\"https:\/\/www.mydemenageur.com\/blog\/categorie\/demarches\/\"},{\"@type\":\"ListItem\",\"position\":3,\"name\":\"Papernest : d\u00e9l\u00e9guer les d\u00e9marches administratives de son d\u00e9m\u00e9nagement\"}]},{\"@type\":\"WebSite\",\"@id\":\"https:\/\/www.mydemenageur.com\/blog\/#website\",\"url\":\"https:\/\/www.mydemenageur.com\/blog\/\",\"name\":\"MyDemenageur\",\"description\":\"Conseils d\u00e9m\u00e9ngement entre particuliers et d\u00e9m\u00e9nagement professionnel\",\"publisher\":{\"@id\":\"https:\/\/www.mydemenageur.com\/blog\/#organization\"},\"potentialAction\":[{\"@type\":\"SearchAction\",\"target\":{\"@type\":\"EntryPoint\",\"urlTemplate\":\"https:\/\/www.mydemenageur.com\/blog\/?s={search_term_string}\"},\"query-input\":{\"@type\":\"PropertyValueSpecification\",\"valueRequired\":true,\"valueName\":\"search_term_string\"}}],\"inLanguage\":\"fr-FR\"},{\"@type\":\"Organization\",\"@id\":\"https:\/\/www.mydemenageur.com\/blog\/#organization\",\"name\":\"MyDemenageur.com\",\"url\":\"https:\/\/www.mydemenageur.com\/blog\/\",\"logo\":{\"@type\":\"ImageObject\",\"inLanguage\":\"fr-FR\",\"@id\":\"https:\/\/www.mydemenageur.com\/blog\/#\/schema\/logo\/image\/\",\"url\":\"https:\/\/www.mydemenageur.com\/blog\/wp-content\/uploads\/2022\/05\/MyDemenageur_Symbol.jpg\",\"contentUrl\":\"https:\/\/www.mydemenageur.com\/blog\/wp-content\/uploads\/2022\/05\/MyDemenageur_Symbol.jpg\",\"width\":878,\"height\":877,\"caption\":\"MyDemenageur.com\"},\"image\":{\"@id\":\"https:\/\/www.mydemenageur.com\/blog\/#\/schema\/logo\/image\/\"},\"sameAs\":[\"https:\/\/www.facebook.com\/mydemenageur\",\"https:\/\/x.com\/mydemenageur\",\"https:\/\/www.pinterest.fr\/mydemenageur\/\"]},{\"@type\":\"Person\",\"@id\":\"https:\/\/www.mydemenageur.com\/blog\/#\/schema\/person\/4540dc333c2e7dc790f0f7bcd5b99569\",\"name\":\"Mathilde\",\"image\":{\"@type\":\"ImageObject\",\"inLanguage\":\"fr-FR\",\"@id\":\"https:\/\/www.mydemenageur.com\/blog\/#\/schema\/person\/image\/\",\"url\":\"https:\/\/secure.gravatar.com\/avatar\/abde069f6f70261ee6ecea93e0437d77?s=96&#038;r=g\",\"contentUrl\":\"https:\/\/secure.gravatar.com\/avatar\/abde069f6f70261ee6ecea93e0437d77?s=96&#038;r=g\",\"caption\":\"Mathilde\"},\"description\":\"L'harmonie des couleurs et des objets m'a toujours fascin\u00e9e, transformant chaque pi\u00e8ce en un lieu unique et agr\u00e9able \u00e0 vivre. Sur MyDemenageur, vous trouverez non seulement des inspirations personnelles, mais aussi des informations r\u00e9centes sur le monde de la d\u00e9coration, les projets de maison, le d\u00e9m\u00e9nagement et les travaux.\",\"url\":\"https:\/\/www.mydemenageur.com\/blog\/author\/mathilde\/\"}]}<\/script>\n<!-- \/ Yoast SEO Premium plugin. -->","yoast_head_json":{"title":"[Interview] papernest se charge des d\u00e9marches administratives","description":"D\u00e9couvrez papernest, startup qui se charge de simplifier toutes vos d\u00e9marches. La plateforme s'ocuppe de tout et c'est gratuit!","robots":{"index":"index","follow":"follow","max-snippet":"max-snippet:-1","max-image-preview":"max-image-preview:large","max-video-preview":"max-video-preview:-1"},"canonical":"https:\/\/www.mydemenageur.com\/blog\/interview-demarches-souscritoo\/","og_locale":"fr_FR","og_type":"article","og_title":"Papernest : d\u00e9l\u00e9guer les d\u00e9marches administratives de son d\u00e9m\u00e9nagement","og_description":"D\u00e9couvrez papernest, startup qui se charge de simplifier toutes vos d\u00e9marches. La plateforme s'ocuppe de tout et c'est gratuit!","og_url":"https:\/\/www.mydemenageur.com\/blog\/interview-demarches-souscritoo\/","og_site_name":"MyDemenageur","article_publisher":"https:\/\/www.facebook.com\/mydemenageur","article_published_time":"2015-04-30T11:43:04+00:00","article_modified_time":"2024-09-16T15:18:31+00:00","og_image":[{"width":150,"height":150,"url":"https:\/\/www.mydemenageur.com\/blog\/wp-content\/uploads\/2015\/04\/souscritoo_lolo.jpg","type":"image\/jpeg"}],"author":"Mathilde","twitter_card":"summary_large_image","twitter_creator":"@mydemenageur","twitter_site":"@mydemenageur","twitter_misc":{"\u00c9crit par":"Mathilde","Dur\u00e9e de lecture estim\u00e9e":"5 minutes"},"schema":{"@context":"https:\/\/schema.org","@graph":[{"@type":"Article","@id":"https:\/\/www.mydemenageur.com\/blog\/interview-demarches-souscritoo\/#article","isPartOf":{"@id":"https:\/\/www.mydemenageur.com\/blog\/interview-demarches-souscritoo\/"},"author":{"name":"Mathilde","@id":"https:\/\/www.mydemenageur.com\/blog\/#\/schema\/person\/4540dc333c2e7dc790f0f7bcd5b99569"},"headline":"Papernest : d\u00e9l\u00e9guer les d\u00e9marches administratives de son d\u00e9m\u00e9nagement","datePublished":"2015-04-30T11:43:04+00:00","dateModified":"2024-09-16T15:18:31+00:00","mainEntityOfPage":{"@id":"https:\/\/www.mydemenageur.com\/blog\/interview-demarches-souscritoo\/"},"wordCount":755,"publisher":{"@id":"https:\/\/www.mydemenageur.com\/blog\/#organization"},"image":{"@id":"https:\/\/www.mydemenageur.com\/blog\/interview-demarches-souscritoo\/#primaryimage"},"thumbnailUrl":"https:\/\/www.mydemenageur.com\/blog\/wp-content\/uploads\/2015\/04\/souscritoo_lolo.jpg","articleSection":["D\u00e9marches et autorisations"],"inLanguage":"fr-FR"},{"@type":"WebPage","@id":"https:\/\/www.mydemenageur.com\/blog\/interview-demarches-souscritoo\/","url":"https:\/\/www.mydemenageur.com\/blog\/interview-demarches-souscritoo\/","name":"[Interview] papernest se charge des d\u00e9marches administratives","isPartOf":{"@id":"https:\/\/www.mydemenageur.com\/blog\/#website"},"primaryImageOfPage":{"@id":"https:\/\/www.mydemenageur.com\/blog\/interview-demarches-souscritoo\/#primaryimage"},"image":{"@id":"https:\/\/www.mydemenageur.com\/blog\/interview-demarches-souscritoo\/#primaryimage"},"thumbnailUrl":"https:\/\/www.mydemenageur.com\/blog\/wp-content\/uploads\/2015\/04\/souscritoo_lolo.jpg","datePublished":"2015-04-30T11:43:04+00:00","dateModified":"2024-09-16T15:18:31+00:00","description":"D\u00e9couvrez papernest, startup qui se charge de simplifier toutes vos d\u00e9marches. La plateforme s'ocuppe de tout et c'est gratuit!","breadcrumb":{"@id":"https:\/\/www.mydemenageur.com\/blog\/interview-demarches-souscritoo\/#breadcrumb"},"inLanguage":"fr-FR","potentialAction":[{"@type":"ReadAction","target":["https:\/\/www.mydemenageur.com\/blog\/interview-demarches-souscritoo\/"]}]},{"@type":"ImageObject","inLanguage":"fr-FR","@id":"https:\/\/www.mydemenageur.com\/blog\/interview-demarches-souscritoo\/#primaryimage","url":"https:\/\/www.mydemenageur.com\/blog\/wp-content\/uploads\/2015\/04\/souscritoo_lolo.jpg","contentUrl":"https:\/\/www.mydemenageur.com\/blog\/wp-content\/uploads\/2015\/04\/souscritoo_lolo.jpg","width":150,"height":150},{"@type":"BreadcrumbList","@id":"https:\/\/www.mydemenageur.com\/blog\/interview-demarches-souscritoo\/#breadcrumb","itemListElement":[{"@type":"ListItem","position":1,"name":"Accueil","item":"https:\/\/www.mydemenageur.com\/blog\/"},{"@type":"ListItem","position":2,"name":"D\u00e9marches et autorisations","item":"https:\/\/www.mydemenageur.com\/blog\/categorie\/demarches\/"},{"@type":"ListItem","position":3,"name":"Papernest : d\u00e9l\u00e9guer les d\u00e9marches administratives de son d\u00e9m\u00e9nagement"}]},{"@type":"WebSite","@id":"https:\/\/www.mydemenageur.com\/blog\/#website","url":"https:\/\/www.mydemenageur.com\/blog\/","name":"MyDemenageur","description":"Conseils d\u00e9m\u00e9ngement entre particuliers et d\u00e9m\u00e9nagement professionnel","publisher":{"@id":"https:\/\/www.mydemenageur.com\/blog\/#organization"},"potentialAction":[{"@type":"SearchAction","target":{"@type":"EntryPoint","urlTemplate":"https:\/\/www.mydemenageur.com\/blog\/?s={search_term_string}"},"query-input":{"@type":"PropertyValueSpecification","valueRequired":true,"valueName":"search_term_string"}}],"inLanguage":"fr-FR"},{"@type":"Organization","@id":"https:\/\/www.mydemenageur.com\/blog\/#organization","name":"MyDemenageur.com","url":"https:\/\/www.mydemenageur.com\/blog\/","logo":{"@type":"ImageObject","inLanguage":"fr-FR","@id":"https:\/\/www.mydemenageur.com\/blog\/#\/schema\/logo\/image\/","url":"https:\/\/www.mydemenageur.com\/blog\/wp-content\/uploads\/2022\/05\/MyDemenageur_Symbol.jpg","contentUrl":"https:\/\/www.mydemenageur.com\/blog\/wp-content\/uploads\/2022\/05\/MyDemenageur_Symbol.jpg","width":878,"height":877,"caption":"MyDemenageur.com"},"image":{"@id":"https:\/\/www.mydemenageur.com\/blog\/#\/schema\/logo\/image\/"},"sameAs":["https:\/\/www.facebook.com\/mydemenageur","https:\/\/x.com\/mydemenageur","https:\/\/www.pinterest.fr\/mydemenageur\/"]},{"@type":"Person","@id":"https:\/\/www.mydemenageur.com\/blog\/#\/schema\/person\/4540dc333c2e7dc790f0f7bcd5b99569","name":"Mathilde","image":{"@type":"ImageObject","inLanguage":"fr-FR","@id":"https:\/\/www.mydemenageur.com\/blog\/#\/schema\/person\/image\/","url":"https:\/\/secure.gravatar.com\/avatar\/abde069f6f70261ee6ecea93e0437d77?s=96&#038;r=g","contentUrl":"https:\/\/secure.gravatar.com\/avatar\/abde069f6f70261ee6ecea93e0437d77?s=96&#038;r=g","caption":"Mathilde"},"description":"L'harmonie des couleurs et des objets m'a toujours fascin\u00e9e, transformant chaque pi\u00e8ce en un lieu unique et agr\u00e9able \u00e0 vivre. Sur MyDemenageur, vous trouverez non seulement des inspirations personnelles, mais aussi des informations r\u00e9centes sur le monde de la d\u00e9coration, les projets de maison, le d\u00e9m\u00e9nagement et les travaux.","url":"https:\/\/www.mydemenageur.com\/blog\/author\/mathilde\/"}]}},"modified_by":"MyDemenageur","_links":{"self":[{"href":"https:\/\/www.mydemenageur.com\/blog\/wp-json\/wp\/v2\/posts\/309"}],"collection":[{"href":"https:\/\/www.mydemenageur.com\/blog\/wp-json\/wp\/v2\/posts"}],"about":[{"href":"https:\/\/www.mydemenageur.com\/blog\/wp-json\/wp\/v2\/types\/post"}],"author":[{"embeddable":true,"href":"https:\/\/www.mydemenageur.com\/blog\/wp-json\/wp\/v2\/users\/11"}],"replies":[{"embeddable":true,"href":"https:\/\/www.mydemenageur.com\/blog\/wp-json\/wp\/v2\/comments?post=309"}],"version-history":[{"count":0,"href":"https:\/\/www.mydemenageur.com\/blog\/wp-json\/wp\/v2\/posts\/309\/revisions"}],"wp:featuredmedia":[{"embeddable":true,"href":"https:\/\/www.mydemenageur.com\/blog\/wp-json\/wp\/v2\/media\/311"}],"wp:attachment":[{"href":"https:\/\/www.mydemenageur.com\/blog\/wp-json\/wp\/v2\/media?parent=309"}],"wp:term":[{"taxonomy":"category","embeddable":true,"href":"https:\/\/www.mydemenageur.com\/blog\/wp-json\/wp\/v2\/categories?post=309"},{"taxonomy":"post_tag","embeddable":true,"href":"https:\/\/www.mydemenageur.com\/blog\/wp-json\/wp\/v2\/tags?post=309"}],"curies":[{"name":"wp","href":"https:\/\/api.w.org\/{rel}","templated":true}]}}