{"id":31298,"date":"2024-07-22T13:14:47","date_gmt":"2024-07-22T13:14:47","guid":{"rendered":"https:\/\/www.mydemenageur.com\/blog\/?p=31298"},"modified":"2024-11-12T12:46:07","modified_gmt":"2024-11-12T11:46:07","slug":"demenageurs-marketing-objet","status":"publish","type":"post","link":"https:\/\/www.mydemenageur.com\/blog\/demenageurs-marketing-objet\/","title":{"rendered":"D\u00e9m\u00e9nageurs : faites parler de vous gr\u00e2ce au marketing par l&rsquo;objet"},"content":{"rendered":"<p>Le secteur du d\u00e9m\u00e9nagement regorge de d\u00e9fis et de comp\u00e9titions. Comment se d\u00e9marquer lorsque vous \u00eates responsable d&rsquo;une entreprise de d\u00e9m\u00e9nagement ? Les outils de communication traditionnels jouent un r\u00f4le cl\u00e9, mais avez-vous r\u00e9fl\u00e9chi \u00e0 exploiter le marketing par l&rsquo;objet pour propulser votre activit\u00e9 vers de nouveaux sommets ? Explorez avec nous les innombrables avantages d&rsquo;int\u00e9grer ces strat\u00e9gies originales dans votre plan marketing.<\/p>\n<div id=\"ez-toc-container\" class=\"ez-toc-v2_0_82_2 counter-hierarchy ez-toc-counter ez-toc-custom ez-toc-container-direction\">\n<div class=\"ez-toc-title-container\">\n<p class=\"ez-toc-title\" style=\"cursor:inherit\">Ce que vous allez apprendre<\/p>\n<span class=\"ez-toc-title-toggle\"><\/span><\/div>\n<nav><ul class='ez-toc-list ez-toc-list-level-1 ' ><li class='ez-toc-page-1 ez-toc-heading-level-2'><a class=\"ez-toc-link ez-toc-heading-1\" href=\"https:\/\/www.mydemenageur.com\/blog\/demenageurs-marketing-objet\/#les-avantages-du-marketing-par-lobjet-pour-une-entreprise-de-demenagement\" >Les avantages du marketing par l&rsquo;objet pour une entreprise de d\u00e9m\u00e9nagement<\/a><ul class='ez-toc-list-level-3' ><li class='ez-toc-heading-level-3'><a class=\"ez-toc-link ez-toc-heading-2\" href=\"https:\/\/www.mydemenageur.com\/blog\/demenageurs-marketing-objet\/#renforcement-de-la-notoriete-de-marque\" >Renforcement de la notori\u00e9t\u00e9 de marque<\/a><\/li><li class='ez-toc-page-1 ez-toc-heading-level-3'><a class=\"ez-toc-link ez-toc-heading-3\" href=\"https:\/\/www.mydemenageur.com\/blog\/demenageurs-marketing-objet\/#creation-dun-lien-durable-avec-les-clients\" >Cr\u00e9ation d&rsquo;un lien durable avec les clients<\/a><\/li><li class='ez-toc-page-1 ez-toc-heading-level-3'><a class=\"ez-toc-link ez-toc-heading-4\" href=\"https:\/\/www.mydemenageur.com\/blog\/demenageurs-marketing-objet\/#differenciation-face-a-la-concurrence\" >Diff\u00e9renciation face \u00e0 la concurrence<\/a><\/li><\/ul><\/li><li class='ez-toc-page-1 ez-toc-heading-level-2'><a class=\"ez-toc-link ez-toc-heading-5\" href=\"https:\/\/www.mydemenageur.com\/blog\/demenageurs-marketing-objet\/#comment-choisir-le-bon-objet-promotionnel\" >Comment choisir le bon objet promotionnel<\/a><ul class='ez-toc-list-level-3' ><li class='ez-toc-heading-level-3'><a class=\"ez-toc-link ez-toc-heading-6\" href=\"https:\/\/www.mydemenageur.com\/blog\/demenageurs-marketing-objet\/#utilite-et-praticite\" >Utilit\u00e9 et praticit\u00e9<\/a><\/li><li class='ez-toc-page-1 ez-toc-heading-level-3'><a class=\"ez-toc-link ez-toc-heading-7\" href=\"https:\/\/www.mydemenageur.com\/blog\/demenageurs-marketing-objet\/#personnalisation-adaptee\" >Personnalisation adapt\u00e9e<\/a><\/li><li class='ez-toc-page-1 ez-toc-heading-level-3'><a class=\"ez-toc-link ez-toc-heading-8\" href=\"https:\/\/www.mydemenageur.com\/blog\/demenageurs-marketing-objet\/#respect-du-budget\" >Respect du budget<\/a><\/li><\/ul><\/li><li class='ez-toc-page-1 ez-toc-heading-level-2'><a class=\"ez-toc-link ez-toc-heading-9\" href=\"https:\/\/www.mydemenageur.com\/blog\/demenageurs-marketing-objet\/#strategies-efficaces-pour-integrer-le-marketing-par-lobjet-dans-votre-entreprise-de-demenagement\" >Strat\u00e9gies efficaces pour int\u00e9grer le marketing par l&rsquo;objet dans votre entreprise de d\u00e9m\u00e9nagement<\/a><ul class='ez-toc-list-level-3' ><li class='ez-toc-heading-level-3'><a class=\"ez-toc-link ez-toc-heading-10\" href=\"https:\/\/www.mydemenageur.com\/blog\/demenageurs-marketing-objet\/#evenements-et-salons-professionnels\" >\u00c9v\u00e9nements et salons professionnels<\/a><\/li><li class='ez-toc-page-1 ez-toc-heading-level-3'><a class=\"ez-toc-link ez-toc-heading-11\" href=\"https:\/\/www.mydemenageur.com\/blog\/demenageurs-marketing-objet\/#kits-de-bienvenue-pour-les-nouveaux-clients\" >Kits de bienvenue pour les nouveaux clients<\/a><\/li><li class='ez-toc-page-1 ez-toc-heading-level-3'><a class=\"ez-toc-link ez-toc-heading-12\" href=\"https:\/\/www.mydemenageur.com\/blog\/demenageurs-marketing-objet\/#programmes-de-fidelisation\" >Programmes de fid\u00e9lisation<\/a><\/li><\/ul><\/li><li class='ez-toc-page-1 ez-toc-heading-level-2'><a class=\"ez-toc-link ez-toc-heading-13\" href=\"https:\/\/www.mydemenageur.com\/blog\/demenageurs-marketing-objet\/#exemples-pratiques-de-marketing-par-lobjet-pour-une-entreprise-de-demenagement\" >Exemples pratiques de marketing par l&rsquo;objet pour une entreprise de d\u00e9m\u00e9nagement<\/a><ul class='ez-toc-list-level-3' ><li class='ez-toc-heading-level-3'><a class=\"ez-toc-link ez-toc-heading-14\" href=\"https:\/\/www.mydemenageur.com\/blog\/demenageurs-marketing-objet\/#calendriers-annuels-personnalises\" >Calendriers annuels personnalis\u00e9s<\/a><\/li><li class='ez-toc-page-1 ez-toc-heading-level-3'><a class=\"ez-toc-link ez-toc-heading-15\" href=\"https:\/\/www.mydemenageur.com\/blog\/demenageurs-marketing-objet\/#boites-de-demenagement-reutilisables\" >Bo\u00eetes de d\u00e9m\u00e9nagement r\u00e9utilisables<\/a><\/li><li class='ez-toc-page-1 ez-toc-heading-level-3'><a class=\"ez-toc-link ez-toc-heading-16\" href=\"https:\/\/www.mydemenageur.com\/blog\/demenageurs-marketing-objet\/#accessoires-de-bureau\" >Accessoires de bureau<\/a><\/li><\/ul><\/li><li class='ez-toc-page-1 ez-toc-heading-level-2'><a class=\"ez-toc-link ez-toc-heading-17\" href=\"https:\/\/www.mydemenageur.com\/blog\/demenageurs-marketing-objet\/#importance-dune-approche-professionnelle-dans-le-choix-et-la-distribution-des-objets\" >Importance d&rsquo;une approche professionnelle dans le choix et la distribution des objets<\/a><ul class='ez-toc-list-level-3' ><li class='ez-toc-heading-level-3'><a class=\"ez-toc-link ez-toc-heading-18\" href=\"https:\/\/www.mydemenageur.com\/blog\/demenageurs-marketing-objet\/#qualite-avant-quantite\" >Qualit\u00e9 avant quantit\u00e9<\/a><\/li><li class='ez-toc-page-1 ez-toc-heading-level-3'><a class=\"ez-toc-link ez-toc-heading-19\" href=\"https:\/\/www.mydemenageur.com\/blog\/demenageurs-marketing-objet\/#formation-des-equipes\" >Formation des \u00e9quipes<\/a><\/li><li class='ez-toc-page-1 ez-toc-heading-level-3'><a class=\"ez-toc-link ez-toc-heading-20\" href=\"https:\/\/www.mydemenageur.com\/blog\/demenageurs-marketing-objet\/#suivi-et-retour-dexperience\" >Suivi et retour d&rsquo;exp\u00e9rience<\/a><\/li><\/ul><\/li><li class='ez-toc-page-1 ez-toc-heading-level-2'><a class=\"ez-toc-link ez-toc-heading-21\" href=\"https:\/\/www.mydemenageur.com\/blog\/demenageurs-marketing-objet\/#conclusion-intermediaire-saisir-les-opportunites-du-marketing-par-lobjet\" >Conclusion interm\u00e9diaire\u00a0\u00a0: saisir les opportunit\u00e9s du marketing par l&rsquo;objet<\/a><\/li><\/ul><\/nav><\/div>\n<h2><span class=\"ez-toc-section\" id=\"les-avantages-du-marketing-par-lobjet-pour-une-entreprise-de-demenagement\"><\/span>Les avantages du marketing par l&rsquo;objet pour une entreprise de d\u00e9m\u00e9nagement<span class=\"ez-toc-section-end\"><\/span><\/h2>\n<p>L&rsquo;utilisation d&rsquo;un\u00a0<a href=\"https:\/\/www.helloprint.fr\/stylo-personnalise\" target=\"_blank\" rel=\"noopener noreferrer\">stylo publicitaire pour entreprise<\/a>\u00a0ou d&rsquo;un <a href=\"https:\/\/www.helloprint.fr\/sac-personnalise\" target=\"_blank\" rel=\"noopener noreferrer\">sac personnalis\u00e9<\/a> peut \u00eatre une excellente mani\u00e8re d&rsquo;am\u00e9liorer la reconnaissance de votre marque tout en offrant quelque chose de pratique \u00e0 vos clients.<\/p>\n<h3><span class=\"ez-toc-section\" id=\"renforcement-de-la-notoriete-de-marque\"><\/span>Renforcement de la notori\u00e9t\u00e9 de marque<span class=\"ez-toc-section-end\"><\/span><\/h3>\n<p>Dans un march\u00e9 dense comme celui du d\u00e9m\u00e9nagement, la\u00a0visibilit\u00e9\u00a0est cruciale. Utiliser des objets promotionnels permet de renforcer cette notori\u00e9t\u00e9 quand ils sont bien con\u00e7us et pertinents. Un client se rappelant facilement de votre logo ou service est plus enclin \u00e0 faire appel \u00e0 vous.<\/p>\n<h3><span class=\"ez-toc-section\" id=\"creation-dun-lien-durable-avec-les-clients\"><\/span>Cr\u00e9ation d&rsquo;un lien durable avec les clients<span class=\"ez-toc-section-end\"><\/span><\/h3>\n<p>Distribuer un objet utile tel qu\u2019un carnet de notes, un stylo, ou m\u00eame un\u00a0mug\u00a0peut rappeler constamment aux clients vos services de d\u00e9m\u00e9nagement chaque fois qu\u2019ils utilisent cet objet. Cela cr\u00e9e une connexion subtile mais forte entre votre entreprise et ses usagers.<\/p>\n<h3><span class=\"ez-toc-section\" id=\"differenciation-face-a-la-concurrence\"><\/span>Diff\u00e9renciation face \u00e0 la concurrence<span class=\"ez-toc-section-end\"><\/span><\/h3>\n<p>Le monde du d\u00e9m\u00e9nagement est comp\u00e9titif. Se distinguer devient ainsi indispensable. En int\u00e9grant des objets personnalis\u00e9s dans votre strat\u00e9gie marketing, vous ajoutez une touche personnelle. Par exemple :<\/p>\n<ul>\n<li>Des bo\u00eetes de rangement marqu\u00e9es \u00e0 votre effigie.<\/li>\n<li>Un\u00a0<a href=\"https:\/\/www.helloprint.fr\/sac-personnalise\" target=\"_blank\" rel=\"noopener noreferrer\">sac personnalis\u00e9<\/a>\u00a0offert lors de consultations gratuites.<\/li>\n<li>Des t-shirts ou casquettes arborant votre logo utilis\u00e9s par vos \u00e9quipes durant les d\u00e9m\u00e9nagements.<\/li>\n<\/ul>\n<h2><span class=\"ez-toc-section\" id=\"comment-choisir-le-bon-objet-promotionnel\"><\/span>Comment choisir le bon objet promotionnel<span class=\"ez-toc-section-end\"><\/span><\/h2>\n<h3><span class=\"ez-toc-section\" id=\"utilite-et-praticite\"><\/span>Utilit\u00e9 et praticit\u00e9<span class=\"ez-toc-section-end\"><\/span><\/h3>\n<p>Choisissez des objets qui seront r\u00e9ellement utilis\u00e9s par vos clients. Une bo\u00eete de rangement est beaucoup plus pr\u00e9cieuse qu&rsquo;un simple flyer. Son usage prolong\u00e9 garantit que votre logo sera vu encore et encore.<\/p>\n<h3><span class=\"ez-toc-section\" id=\"personnalisation-adaptee\"><\/span>Personnalisation adapt\u00e9e<span class=\"ez-toc-section-end\"><\/span><\/h3>\n<p>La personnalisation va au-del\u00e0 de simplement placer votre logo sur un produit. R\u00e9fl\u00e9chissez aux couleurs de votre entreprise, \u00e0 son slogan, et assurez-vous que tout cela refl\u00e8te bien vos valeurs.<\/p>\n<h3><span class=\"ez-toc-section\" id=\"respect-du-budget\"><\/span>Respect du budget<span class=\"ez-toc-section-end\"><\/span><\/h3>\n<p>Bien que le marketing par l\u2019objet soit efficace, veillez \u00e0 ne pas d\u00e9passer votre budget. Priorisez les articles tr\u00e8s utiles et \u00e0 moindre co\u00fbt pour maximiser votre retour sur investissement. Par ailleurs, proc\u00e9der \u00e0 une commande en gros pourrait r\u00e9duire les frais unitaires.<\/p>\n<h2><span class=\"ez-toc-section\" id=\"strategies-efficaces-pour-integrer-le-marketing-par-lobjet-dans-votre-entreprise-de-demenagement\"><\/span>Strat\u00e9gies efficaces pour int\u00e9grer le marketing par l&rsquo;objet dans votre entreprise de d\u00e9m\u00e9nagement<span class=\"ez-toc-section-end\"><\/span><\/h2>\n<h3><span class=\"ez-toc-section\" id=\"evenements-et-salons-professionnels\"><\/span>\u00c9v\u00e9nements et salons professionnels<span class=\"ez-toc-section-end\"><\/span><\/h3>\n<p>Profitez des \u00e9v\u00e9nements d\u00e9di\u00e9s aux entreprises et d\u00e9m\u00e9nagements pour distribuer vos objets. Les personnes pr\u00e9sentes \u00e9tant souvent des d\u00e9cideurs ou futurs clients potentiels, augmentent vos chances de g\u00e9n\u00e9rer des leads qualifi\u00e9s.<\/p>\n<h3><span class=\"ez-toc-section\" id=\"kits-de-bienvenue-pour-les-nouveaux-clients\"><\/span>Kits de bienvenue pour les nouveaux clients<span class=\"ez-toc-section-end\"><\/span><\/h3>\n<p>Impressionnez vos nouveaux clients d\u00e8s le d\u00e9part en leur offrant un kit de bienvenue contenant divers articles utiles, tous marqu\u00e9s de votre logo. Ils percevront non seulement votre professionnalisme, mais \u00e9galement votre attention aux d\u00e9tails.<\/p>\n<h3><span class=\"ez-toc-section\" id=\"programmes-de-fidelisation\"><\/span>Programmes de fid\u00e9lisation<span class=\"ez-toc-section-end\"><\/span><\/h3>\n<p>Mettez en place un programme de\u00a0fid\u00e9lisation\u00a0o\u00f9 vos meilleurs clients re\u00e7oivent r\u00e9guli\u00e8rement des objets exclusifs. Non seulement cela renforce la loyaut\u00e9, mais incite aussi vos clients \u00e0 recommander vos services \u00e0 d\u2019autres.<\/p>\n<h2><span class=\"ez-toc-section\" id=\"exemples-pratiques-de-marketing-par-lobjet-pour-une-entreprise-de-demenagement\"><\/span>Exemples pratiques de marketing par l&rsquo;objet pour une entreprise de d\u00e9m\u00e9nagement<span class=\"ez-toc-section-end\"><\/span><\/h2>\n<h3><span class=\"ez-toc-section\" id=\"calendriers-annuels-personnalises\"><\/span>Calendriers annuels personnalis\u00e9s<span class=\"ez-toc-section-end\"><\/span><\/h3>\n<p>Offrir des calendriers annuels \u00e0 votre client\u00e8le actuelle et potentielle et y inclure un rappel visuel de votre entreprise. C\u2019est un moyen simple mais efficace de rester pr\u00e9sent dans leurs m\u00e9moires tout au long de l\u2019ann\u00e9e.<\/p>\n<h3><span class=\"ez-toc-section\" id=\"boites-de-demenagement-reutilisables\"><\/span>Bo\u00eetes de d\u00e9m\u00e9nagement r\u00e9utilisables<span class=\"ez-toc-section-end\"><\/span><\/h3>\n<p>Au lieu des traditionnelles bo\u00eetes en carton jetables, optez pour des bo\u00eetes r\u00e9utilisables portant votre logo. Elles v\u00e9hiculent une image d\u2019\u00e9co-responsabilit\u00e9 et sont per\u00e7ues comme une valeur ajout\u00e9e int\u00e9ressante par les clients.<\/p>\n<h3><span class=\"ez-toc-section\" id=\"accessoires-de-bureau\"><\/span>Accessoires de bureau<span class=\"ez-toc-section-end\"><\/span><\/h3>\n<p>Fournir des objets tels que des porte-cl\u00e9s, blocs-notes ou stylos finit par ancrer profond\u00e9ment l\u2019image de votre entreprise dans l\u2019esprit du consommateur quotidien. Ces objets trouvant leur utilit\u00e9 fr\u00e9quente, garantissent une exposition continue et soutenue \u00e0 votre marque.<\/p>\n<h2><span class=\"ez-toc-section\" id=\"importance-dune-approche-professionnelle-dans-le-choix-et-la-distribution-des-objets\"><\/span>Importance d&rsquo;une approche professionnelle dans le choix et la distribution des objets<span class=\"ez-toc-section-end\"><\/span><\/h2>\n<h3><span class=\"ez-toc-section\" id=\"qualite-avant-quantite\"><\/span>Qualit\u00e9 avant quantit\u00e9<span class=\"ez-toc-section-end\"><\/span><\/h3>\n<p>Privil\u00e9giez toujours des produits de qualit\u00e9. Un objet robuste et esth\u00e9tique donne une image positive de votre entreprise. Les clients associent naturellement la qualit\u00e9 du produit \u00e0 celle de vos prestations.<\/p>\n<h3><span class=\"ez-toc-section\" id=\"formation-des-equipes\"><\/span>Formation des \u00e9quipes<span class=\"ez-toc-section-end\"><\/span><\/h3>\n<p>Aidez vos employ\u00e9s \u00e0 comprendre l\u2019importance des objets de marketing. Qu\u2019ils sachent comment les distribuer judicieusement et comment pr\u00e9senter ces objets afin que les destinataires sentent la valeur et l\u2019intention derri\u00e8re ce cadeau.<\/p>\n<h3><span class=\"ez-toc-section\" id=\"suivi-et-retour-dexperience\"><\/span>Suivi et retour d&rsquo;exp\u00e9rience<span class=\"ez-toc-section-end\"><\/span><\/h3>\n<p>Mettez en place un syst\u00e8me de suivi pour \u00e9valuer l\u2019impact de vos campagnes de marketing par l\u2019objet. Recueillir les avis ou retours d\u2019exp\u00e9rience permet d\u2019ajuster votre strat\u00e9gie et d\u2019am\u00e9liorer continuellement l\u2019efficacit\u00e9 de vos actions.<\/p>\n<h2><span class=\"ez-toc-section\" id=\"conclusion-intermediaire-saisir-les-opportunites-du-marketing-par-lobjet\"><\/span>Conclusion interm\u00e9diaire\u00a0\u00a0: saisir les opportunit\u00e9s du marketing par l&rsquo;objet<span class=\"ez-toc-section-end\"><\/span><\/h2>\n<p>L\u2019usage strat\u00e9gique des objets promotionnels peut transformer radicalement la perception de votre entreprise de d\u00e9m\u00e9nagement aupr\u00e8s des consommateurs. Une\u00a0campagne de marketing par l\u2019objet\u00a0bien pens\u00e9e g\u00e9n\u00e8re de la reconnaissance, renforce les liens et am\u00e9liore l\u2019identit\u00e9 de la marque, apportant ainsi un avantage concurrentiel inestimable. Faites preuve de cr\u00e9ativit\u00e9 et innovante pour maximiser les b\u00e9n\u00e9fices de cette m\u00e9thode !<\/p>\n","protected":false},"excerpt":{"rendered":"<p>Le secteur du d\u00e9m\u00e9nagement regorge de d\u00e9fis et de comp\u00e9titions. Comment se d\u00e9marquer lorsque vous \u00eates responsable d&rsquo;une entreprise de<\/p>\n","protected":false},"author":11,"featured_media":31299,"comment_status":"closed","ping_status":"closed","sticky":false,"template":"","format":"standard","meta":{"_lmt_disableupdate":"no","_lmt_disable":"no","footnotes":""},"categories":[21],"tags":[],"yoast_head":"<!-- This site is optimized with the Yoast SEO Premium plugin v24.2 (Yoast SEO v24.5) - https:\/\/yoast.com\/wordpress\/plugins\/seo\/ -->\n<title>D\u00e9m\u00e9nageurs : faites parler de vous gr\u00e2ce au marketing par l&#039;objet<\/title>\n<meta name=\"description\" content=\"%\" \/>\n<meta name=\"robots\" content=\"index, follow, max-snippet:-1, max-image-preview:large, max-video-preview:-1\" \/>\n<link rel=\"canonical\" href=\"https:\/\/www.mydemenageur.com\/blog\/demenageurs-marketing-objet\/\" \/>\n<meta property=\"og:locale\" content=\"fr_FR\" \/>\n<meta property=\"og:type\" content=\"article\" \/>\n<meta property=\"og:title\" content=\"D\u00e9m\u00e9nageurs : faites parler de vous gr\u00e2ce au marketing par l&#039;objet\" \/>\n<meta property=\"og:description\" content=\"%\" \/>\n<meta property=\"og:url\" content=\"https:\/\/www.mydemenageur.com\/blog\/demenageurs-marketing-objet\/\" \/>\n<meta property=\"og:site_name\" content=\"MyDemenageur\" \/>\n<meta property=\"article:publisher\" content=\"https:\/\/www.facebook.com\/mydemenageur\" \/>\n<meta property=\"article:published_time\" content=\"2024-07-22T13:14:47+00:00\" \/>\n<meta property=\"article:modified_time\" content=\"2024-11-12T11:46:07+00:00\" \/>\n<meta property=\"og:image\" content=\"https:\/\/www.mydemenageur.com\/blog\/wp-content\/uploads\/2024\/07\/sac-personnalise.jpg\" \/>\n\t<meta property=\"og:image:width\" content=\"1500\" \/>\n\t<meta property=\"og:image:height\" content=\"1000\" \/>\n\t<meta property=\"og:image:type\" content=\"image\/jpeg\" \/>\n<meta name=\"author\" content=\"Mathilde\" \/>\n<meta name=\"twitter:card\" content=\"summary_large_image\" \/>\n<meta name=\"twitter:creator\" content=\"@mydemenageur\" \/>\n<meta name=\"twitter:site\" content=\"@mydemenageur\" \/>\n<meta name=\"twitter:label1\" content=\"\u00c9crit par\" \/>\n\t<meta name=\"twitter:data1\" content=\"Mathilde\" \/>\n\t<meta name=\"twitter:label2\" content=\"Dur\u00e9e de lecture estim\u00e9e\" \/>\n\t<meta name=\"twitter:data2\" content=\"5 minutes\" \/>\n<script type=\"application\/ld+json\" class=\"yoast-schema-graph\">{\"@context\":\"https:\/\/schema.org\",\"@graph\":[{\"@type\":\"Article\",\"@id\":\"https:\/\/www.mydemenageur.com\/blog\/demenageurs-marketing-objet\/#article\",\"isPartOf\":{\"@id\":\"https:\/\/www.mydemenageur.com\/blog\/demenageurs-marketing-objet\/\"},\"author\":{\"name\":\"Mathilde\",\"@id\":\"https:\/\/www.mydemenageur.com\/blog\/#\/schema\/person\/4540dc333c2e7dc790f0f7bcd5b99569\"},\"headline\":\"D\u00e9m\u00e9nageurs : faites parler de vous gr\u00e2ce au marketing par l&rsquo;objet\",\"datePublished\":\"2024-07-22T13:14:47+00:00\",\"dateModified\":\"2024-11-12T11:46:07+00:00\",\"mainEntityOfPage\":{\"@id\":\"https:\/\/www.mydemenageur.com\/blog\/demenageurs-marketing-objet\/\"},\"wordCount\":981,\"publisher\":{\"@id\":\"https:\/\/www.mydemenageur.com\/blog\/#organization\"},\"image\":{\"@id\":\"https:\/\/www.mydemenageur.com\/blog\/demenageurs-marketing-objet\/#primaryimage\"},\"thumbnailUrl\":\"https:\/\/www.mydemenageur.com\/blog\/wp-content\/uploads\/2024\/07\/sac-personnalise.jpg\",\"articleSection\":[\"MyDemenageur\"],\"inLanguage\":\"fr-FR\"},{\"@type\":\"WebPage\",\"@id\":\"https:\/\/www.mydemenageur.com\/blog\/demenageurs-marketing-objet\/\",\"url\":\"https:\/\/www.mydemenageur.com\/blog\/demenageurs-marketing-objet\/\",\"name\":\"D\u00e9m\u00e9nageurs : faites parler de vous gr\u00e2ce au marketing par l'objet\",\"isPartOf\":{\"@id\":\"https:\/\/www.mydemenageur.com\/blog\/#website\"},\"primaryImageOfPage\":{\"@id\":\"https:\/\/www.mydemenageur.com\/blog\/demenageurs-marketing-objet\/#primaryimage\"},\"image\":{\"@id\":\"https:\/\/www.mydemenageur.com\/blog\/demenageurs-marketing-objet\/#primaryimage\"},\"thumbnailUrl\":\"https:\/\/www.mydemenageur.com\/blog\/wp-content\/uploads\/2024\/07\/sac-personnalise.jpg\",\"datePublished\":\"2024-07-22T13:14:47+00:00\",\"dateModified\":\"2024-11-12T11:46:07+00:00\",\"description\":\"%\",\"breadcrumb\":{\"@id\":\"https:\/\/www.mydemenageur.com\/blog\/demenageurs-marketing-objet\/#breadcrumb\"},\"inLanguage\":\"fr-FR\",\"potentialAction\":[{\"@type\":\"ReadAction\",\"target\":[\"https:\/\/www.mydemenageur.com\/blog\/demenageurs-marketing-objet\/\"]}]},{\"@type\":\"ImageObject\",\"inLanguage\":\"fr-FR\",\"@id\":\"https:\/\/www.mydemenageur.com\/blog\/demenageurs-marketing-objet\/#primaryimage\",\"url\":\"https:\/\/www.mydemenageur.com\/blog\/wp-content\/uploads\/2024\/07\/sac-personnalise.jpg\",\"contentUrl\":\"https:\/\/www.mydemenageur.com\/blog\/wp-content\/uploads\/2024\/07\/sac-personnalise.jpg\",\"width\":1500,\"height\":1000,\"caption\":\"sac personnalis\u00e9\"},{\"@type\":\"BreadcrumbList\",\"@id\":\"https:\/\/www.mydemenageur.com\/blog\/demenageurs-marketing-objet\/#breadcrumb\",\"itemListElement\":[{\"@type\":\"ListItem\",\"position\":1,\"name\":\"Accueil\",\"item\":\"https:\/\/www.mydemenageur.com\/blog\/\"},{\"@type\":\"ListItem\",\"position\":2,\"name\":\"MyDemenageur\",\"item\":\"https:\/\/www.mydemenageur.com\/blog\/categorie\/demenagement\/\"},{\"@type\":\"ListItem\",\"position\":3,\"name\":\"D\u00e9m\u00e9nageurs : faites parler de vous gr\u00e2ce au marketing par l&rsquo;objet\"}]},{\"@type\":\"WebSite\",\"@id\":\"https:\/\/www.mydemenageur.com\/blog\/#website\",\"url\":\"https:\/\/www.mydemenageur.com\/blog\/\",\"name\":\"MyDemenageur\",\"description\":\"Conseils d\u00e9m\u00e9ngement entre particuliers et d\u00e9m\u00e9nagement professionnel\",\"publisher\":{\"@id\":\"https:\/\/www.mydemenageur.com\/blog\/#organization\"},\"potentialAction\":[{\"@type\":\"SearchAction\",\"target\":{\"@type\":\"EntryPoint\",\"urlTemplate\":\"https:\/\/www.mydemenageur.com\/blog\/?s={search_term_string}\"},\"query-input\":{\"@type\":\"PropertyValueSpecification\",\"valueRequired\":true,\"valueName\":\"search_term_string\"}}],\"inLanguage\":\"fr-FR\"},{\"@type\":\"Organization\",\"@id\":\"https:\/\/www.mydemenageur.com\/blog\/#organization\",\"name\":\"MyDemenageur.com\",\"url\":\"https:\/\/www.mydemenageur.com\/blog\/\",\"logo\":{\"@type\":\"ImageObject\",\"inLanguage\":\"fr-FR\",\"@id\":\"https:\/\/www.mydemenageur.com\/blog\/#\/schema\/logo\/image\/\",\"url\":\"https:\/\/www.mydemenageur.com\/blog\/wp-content\/uploads\/2022\/05\/MyDemenageur_Symbol.jpg\",\"contentUrl\":\"https:\/\/www.mydemenageur.com\/blog\/wp-content\/uploads\/2022\/05\/MyDemenageur_Symbol.jpg\",\"width\":878,\"height\":877,\"caption\":\"MyDemenageur.com\"},\"image\":{\"@id\":\"https:\/\/www.mydemenageur.com\/blog\/#\/schema\/logo\/image\/\"},\"sameAs\":[\"https:\/\/www.facebook.com\/mydemenageur\",\"https:\/\/x.com\/mydemenageur\",\"https:\/\/www.pinterest.fr\/mydemenageur\/\"]},{\"@type\":\"Person\",\"@id\":\"https:\/\/www.mydemenageur.com\/blog\/#\/schema\/person\/4540dc333c2e7dc790f0f7bcd5b99569\",\"name\":\"Mathilde\",\"image\":{\"@type\":\"ImageObject\",\"inLanguage\":\"fr-FR\",\"@id\":\"https:\/\/www.mydemenageur.com\/blog\/#\/schema\/person\/image\/\",\"url\":\"https:\/\/secure.gravatar.com\/avatar\/abde069f6f70261ee6ecea93e0437d77?s=96&#038;r=g\",\"contentUrl\":\"https:\/\/secure.gravatar.com\/avatar\/abde069f6f70261ee6ecea93e0437d77?s=96&#038;r=g\",\"caption\":\"Mathilde\"},\"description\":\"L'harmonie des couleurs et des objets m'a toujours fascin\u00e9e, transformant chaque pi\u00e8ce en un lieu unique et agr\u00e9able \u00e0 vivre. Sur MyDemenageur, vous trouverez non seulement des inspirations personnelles, mais aussi des informations r\u00e9centes sur le monde de la d\u00e9coration, les projets de maison, le d\u00e9m\u00e9nagement et les travaux.\",\"url\":\"https:\/\/www.mydemenageur.com\/blog\/author\/mathilde\/\"}]}<\/script>\n<!-- \/ Yoast SEO Premium plugin. -->","yoast_head_json":{"title":"D\u00e9m\u00e9nageurs : faites parler de vous gr\u00e2ce au marketing par l'objet","description":"%","robots":{"index":"index","follow":"follow","max-snippet":"max-snippet:-1","max-image-preview":"max-image-preview:large","max-video-preview":"max-video-preview:-1"},"canonical":"https:\/\/www.mydemenageur.com\/blog\/demenageurs-marketing-objet\/","og_locale":"fr_FR","og_type":"article","og_title":"D\u00e9m\u00e9nageurs : faites parler de vous gr\u00e2ce au marketing par l'objet","og_description":"%","og_url":"https:\/\/www.mydemenageur.com\/blog\/demenageurs-marketing-objet\/","og_site_name":"MyDemenageur","article_publisher":"https:\/\/www.facebook.com\/mydemenageur","article_published_time":"2024-07-22T13:14:47+00:00","article_modified_time":"2024-11-12T11:46:07+00:00","og_image":[{"width":1500,"height":1000,"url":"https:\/\/www.mydemenageur.com\/blog\/wp-content\/uploads\/2024\/07\/sac-personnalise.jpg","type":"image\/jpeg"}],"author":"Mathilde","twitter_card":"summary_large_image","twitter_creator":"@mydemenageur","twitter_site":"@mydemenageur","twitter_misc":{"\u00c9crit par":"Mathilde","Dur\u00e9e de lecture estim\u00e9e":"5 minutes"},"schema":{"@context":"https:\/\/schema.org","@graph":[{"@type":"Article","@id":"https:\/\/www.mydemenageur.com\/blog\/demenageurs-marketing-objet\/#article","isPartOf":{"@id":"https:\/\/www.mydemenageur.com\/blog\/demenageurs-marketing-objet\/"},"author":{"name":"Mathilde","@id":"https:\/\/www.mydemenageur.com\/blog\/#\/schema\/person\/4540dc333c2e7dc790f0f7bcd5b99569"},"headline":"D\u00e9m\u00e9nageurs : faites parler de vous gr\u00e2ce au marketing par l&rsquo;objet","datePublished":"2024-07-22T13:14:47+00:00","dateModified":"2024-11-12T11:46:07+00:00","mainEntityOfPage":{"@id":"https:\/\/www.mydemenageur.com\/blog\/demenageurs-marketing-objet\/"},"wordCount":981,"publisher":{"@id":"https:\/\/www.mydemenageur.com\/blog\/#organization"},"image":{"@id":"https:\/\/www.mydemenageur.com\/blog\/demenageurs-marketing-objet\/#primaryimage"},"thumbnailUrl":"https:\/\/www.mydemenageur.com\/blog\/wp-content\/uploads\/2024\/07\/sac-personnalise.jpg","articleSection":["MyDemenageur"],"inLanguage":"fr-FR"},{"@type":"WebPage","@id":"https:\/\/www.mydemenageur.com\/blog\/demenageurs-marketing-objet\/","url":"https:\/\/www.mydemenageur.com\/blog\/demenageurs-marketing-objet\/","name":"D\u00e9m\u00e9nageurs : faites parler de vous gr\u00e2ce au marketing par l'objet","isPartOf":{"@id":"https:\/\/www.mydemenageur.com\/blog\/#website"},"primaryImageOfPage":{"@id":"https:\/\/www.mydemenageur.com\/blog\/demenageurs-marketing-objet\/#primaryimage"},"image":{"@id":"https:\/\/www.mydemenageur.com\/blog\/demenageurs-marketing-objet\/#primaryimage"},"thumbnailUrl":"https:\/\/www.mydemenageur.com\/blog\/wp-content\/uploads\/2024\/07\/sac-personnalise.jpg","datePublished":"2024-07-22T13:14:47+00:00","dateModified":"2024-11-12T11:46:07+00:00","description":"%","breadcrumb":{"@id":"https:\/\/www.mydemenageur.com\/blog\/demenageurs-marketing-objet\/#breadcrumb"},"inLanguage":"fr-FR","potentialAction":[{"@type":"ReadAction","target":["https:\/\/www.mydemenageur.com\/blog\/demenageurs-marketing-objet\/"]}]},{"@type":"ImageObject","inLanguage":"fr-FR","@id":"https:\/\/www.mydemenageur.com\/blog\/demenageurs-marketing-objet\/#primaryimage","url":"https:\/\/www.mydemenageur.com\/blog\/wp-content\/uploads\/2024\/07\/sac-personnalise.jpg","contentUrl":"https:\/\/www.mydemenageur.com\/blog\/wp-content\/uploads\/2024\/07\/sac-personnalise.jpg","width":1500,"height":1000,"caption":"sac personnalis\u00e9"},{"@type":"BreadcrumbList","@id":"https:\/\/www.mydemenageur.com\/blog\/demenageurs-marketing-objet\/#breadcrumb","itemListElement":[{"@type":"ListItem","position":1,"name":"Accueil","item":"https:\/\/www.mydemenageur.com\/blog\/"},{"@type":"ListItem","position":2,"name":"MyDemenageur","item":"https:\/\/www.mydemenageur.com\/blog\/categorie\/demenagement\/"},{"@type":"ListItem","position":3,"name":"D\u00e9m\u00e9nageurs : faites parler de vous gr\u00e2ce au marketing par l&rsquo;objet"}]},{"@type":"WebSite","@id":"https:\/\/www.mydemenageur.com\/blog\/#website","url":"https:\/\/www.mydemenageur.com\/blog\/","name":"MyDemenageur","description":"Conseils d\u00e9m\u00e9ngement entre particuliers et d\u00e9m\u00e9nagement professionnel","publisher":{"@id":"https:\/\/www.mydemenageur.com\/blog\/#organization"},"potentialAction":[{"@type":"SearchAction","target":{"@type":"EntryPoint","urlTemplate":"https:\/\/www.mydemenageur.com\/blog\/?s={search_term_string}"},"query-input":{"@type":"PropertyValueSpecification","valueRequired":true,"valueName":"search_term_string"}}],"inLanguage":"fr-FR"},{"@type":"Organization","@id":"https:\/\/www.mydemenageur.com\/blog\/#organization","name":"MyDemenageur.com","url":"https:\/\/www.mydemenageur.com\/blog\/","logo":{"@type":"ImageObject","inLanguage":"fr-FR","@id":"https:\/\/www.mydemenageur.com\/blog\/#\/schema\/logo\/image\/","url":"https:\/\/www.mydemenageur.com\/blog\/wp-content\/uploads\/2022\/05\/MyDemenageur_Symbol.jpg","contentUrl":"https:\/\/www.mydemenageur.com\/blog\/wp-content\/uploads\/2022\/05\/MyDemenageur_Symbol.jpg","width":878,"height":877,"caption":"MyDemenageur.com"},"image":{"@id":"https:\/\/www.mydemenageur.com\/blog\/#\/schema\/logo\/image\/"},"sameAs":["https:\/\/www.facebook.com\/mydemenageur","https:\/\/x.com\/mydemenageur","https:\/\/www.pinterest.fr\/mydemenageur\/"]},{"@type":"Person","@id":"https:\/\/www.mydemenageur.com\/blog\/#\/schema\/person\/4540dc333c2e7dc790f0f7bcd5b99569","name":"Mathilde","image":{"@type":"ImageObject","inLanguage":"fr-FR","@id":"https:\/\/www.mydemenageur.com\/blog\/#\/schema\/person\/image\/","url":"https:\/\/secure.gravatar.com\/avatar\/abde069f6f70261ee6ecea93e0437d77?s=96&#038;r=g","contentUrl":"https:\/\/secure.gravatar.com\/avatar\/abde069f6f70261ee6ecea93e0437d77?s=96&#038;r=g","caption":"Mathilde"},"description":"L'harmonie des couleurs et des objets m'a toujours fascin\u00e9e, transformant chaque pi\u00e8ce en un lieu unique et agr\u00e9able \u00e0 vivre. Sur MyDemenageur, vous trouverez non seulement des inspirations personnelles, mais aussi des informations r\u00e9centes sur le monde de la d\u00e9coration, les projets de maison, le d\u00e9m\u00e9nagement et les travaux.","url":"https:\/\/www.mydemenageur.com\/blog\/author\/mathilde\/"}]}},"modified_by":"MyDemenageur","_links":{"self":[{"href":"https:\/\/www.mydemenageur.com\/blog\/wp-json\/wp\/v2\/posts\/31298"}],"collection":[{"href":"https:\/\/www.mydemenageur.com\/blog\/wp-json\/wp\/v2\/posts"}],"about":[{"href":"https:\/\/www.mydemenageur.com\/blog\/wp-json\/wp\/v2\/types\/post"}],"author":[{"embeddable":true,"href":"https:\/\/www.mydemenageur.com\/blog\/wp-json\/wp\/v2\/users\/11"}],"replies":[{"embeddable":true,"href":"https:\/\/www.mydemenageur.com\/blog\/wp-json\/wp\/v2\/comments?post=31298"}],"version-history":[{"count":0,"href":"https:\/\/www.mydemenageur.com\/blog\/wp-json\/wp\/v2\/posts\/31298\/revisions"}],"wp:featuredmedia":[{"embeddable":true,"href":"https:\/\/www.mydemenageur.com\/blog\/wp-json\/wp\/v2\/media\/31299"}],"wp:attachment":[{"href":"https:\/\/www.mydemenageur.com\/blog\/wp-json\/wp\/v2\/media?parent=31298"}],"wp:term":[{"taxonomy":"category","embeddable":true,"href":"https:\/\/www.mydemenageur.com\/blog\/wp-json\/wp\/v2\/categories?post=31298"},{"taxonomy":"post_tag","embeddable":true,"href":"https:\/\/www.mydemenageur.com\/blog\/wp-json\/wp\/v2\/tags?post=31298"}],"curies":[{"name":"wp","href":"https:\/\/api.w.org\/{rel}","templated":true}]}}