{"id":31313,"date":"2024-08-29T12:02:27","date_gmt":"2024-08-29T12:02:27","guid":{"rendered":"https:\/\/www.mydemenageur.com\/blog\/?p=31313"},"modified":"2024-11-12T12:45:58","modified_gmt":"2024-11-12T11:45:58","slug":"demenagement-aides-mobilite-professionnelle","status":"publish","type":"post","link":"https:\/\/www.mydemenageur.com\/blog\/demenagement-aides-mobilite-professionnelle\/","title":{"rendered":"D\u00e9m\u00e9nagement : quelles sont les aides \u00e0 la mobilit\u00e9 professionnelle ?"},"content":{"rendered":"<p>La mobilit\u00e9 professionnelle est souvent une \u00e9tape cl\u00e9 dans la carri\u00e8re d&rsquo;une personne. Que ce soit pour d\u00e9crocher un nouvel emploi, \u00e9voluer au sein de la m\u00eame entreprise ou simplement changer d&rsquo;environnement, d\u00e9m\u00e9nager peut entra\u00eener des co\u00fbts significatifs. Heureusement, plusieurs dispositifs existent pour soutenir financi\u00e8rement ceux qui se lancent dans cette aventure. D\u00e9couvrons ensemble les diff\u00e9rentes aides \u00e0 la mobilit\u00e9 disponibles.<\/p>\n<div id=\"ez-toc-container\" class=\"ez-toc-v2_0_82_2 counter-hierarchy ez-toc-counter ez-toc-custom ez-toc-container-direction\">\n<div class=\"ez-toc-title-container\">\n<p class=\"ez-toc-title\" style=\"cursor:inherit\">Ce que vous allez apprendre<\/p>\n<span class=\"ez-toc-title-toggle\"><\/span><\/div>\n<nav><ul class='ez-toc-list ez-toc-list-level-1 ' ><li class='ez-toc-page-1 ez-toc-heading-level-2'><a class=\"ez-toc-link ez-toc-heading-1\" href=\"https:\/\/www.mydemenageur.com\/blog\/demenagement-aides-mobilite-professionnelle\/#la-prime-de-demenagement-de-la-caf\" >La prime de d\u00e9m\u00e9nagement de la CAF<\/a><ul class='ez-toc-list-level-3' ><li class='ez-toc-heading-level-3'><a class=\"ez-toc-link ez-toc-heading-2\" href=\"https:\/\/www.mydemenageur.com\/blog\/demenagement-aides-mobilite-professionnelle\/#conditions-deligibilite\" >Conditions d&rsquo;\u00e9ligibilit\u00e9<\/a><\/li><li class='ez-toc-page-1 ez-toc-heading-level-3'><a class=\"ez-toc-link ez-toc-heading-3\" href=\"https:\/\/www.mydemenageur.com\/blog\/demenagement-aides-mobilite-professionnelle\/#montant-et-prise-en-charge\" >Montant et prise en charge<\/a><\/li><\/ul><\/li><li class='ez-toc-page-1 ez-toc-heading-level-2'><a class=\"ez-toc-link ez-toc-heading-4\" href=\"https:\/\/www.mydemenageur.com\/blog\/demenagement-aides-mobilite-professionnelle\/#laide-du-fonds-de-solidarite-pour-le-logement-fsl\" >L&rsquo;aide du Fonds de solidarit\u00e9 pour le logement (FSL)<\/a><ul class='ez-toc-list-level-3' ><li class='ez-toc-heading-level-3'><a class=\"ez-toc-link ez-toc-heading-5\" href=\"https:\/\/www.mydemenageur.com\/blog\/demenagement-aides-mobilite-professionnelle\/#criteres-dattribution\" >Crit\u00e8res d&rsquo;attribution<\/a><\/li><li class='ez-toc-page-1 ez-toc-heading-level-3'><a class=\"ez-toc-link ez-toc-heading-6\" href=\"https:\/\/www.mydemenageur.com\/blog\/demenagement-aides-mobilite-professionnelle\/#nature-de-laide\" >Nature de l&rsquo;aide<\/a><\/li><\/ul><\/li><li class='ez-toc-page-1 ez-toc-heading-level-2'><a class=\"ez-toc-link ez-toc-heading-7\" href=\"https:\/\/www.mydemenageur.com\/blog\/demenagement-aides-mobilite-professionnelle\/#agri-mobilite%c2%ae-pour-les-salaries-agricoles\" >AGRI-MOBILIT\u00c9\u00ae, pour les salari\u00e9s agricoles<\/a><ul class='ez-toc-list-level-3' ><li class='ez-toc-heading-level-3'><a class=\"ez-toc-link ez-toc-heading-8\" href=\"https:\/\/www.mydemenageur.com\/blog\/demenagement-aides-mobilite-professionnelle\/#admissibilite-et-conditions\" >Admissibilit\u00e9 et conditions<\/a><\/li><li class='ez-toc-page-1 ez-toc-heading-level-3'><a class=\"ez-toc-link ez-toc-heading-9\" href=\"https:\/\/www.mydemenageur.com\/blog\/demenagement-aides-mobilite-professionnelle\/#forme-de-laide\" >Forme de l&rsquo;aide<\/a><\/li><\/ul><\/li><li class='ez-toc-page-1 ez-toc-heading-level-2'><a class=\"ez-toc-link ez-toc-heading-10\" href=\"https:\/\/www.mydemenageur.com\/blog\/demenagement-aides-mobilite-professionnelle\/#laide-mobili-pass\" >L\u2019aide Mobili-Pass<\/a><ul class='ez-toc-list-level-3' ><li class='ez-toc-heading-level-3'><a class=\"ez-toc-link ez-toc-heading-11\" href=\"https:\/\/www.mydemenageur.com\/blog\/demenagement-aides-mobilite-professionnelle\/#quels-salaries-sont-concernes\" >Quels salari\u00e9s sont concern\u00e9s ?<\/a><\/li><li class='ez-toc-page-1 ez-toc-heading-level-3'><a class=\"ez-toc-link ez-toc-heading-12\" href=\"https:\/\/www.mydemenageur.com\/blog\/demenagement-aides-mobilite-professionnelle\/#caracteristiques-de-laide\" >Caract\u00e9ristiques de l&rsquo;aide<\/a><\/li><\/ul><\/li><\/ul><\/nav><\/div>\n<h2><span class=\"ez-toc-section\" id=\"la-prime-de-demenagement-de-la-caf\"><\/span>La prime de d\u00e9m\u00e9nagement de la CAF<span class=\"ez-toc-section-end\"><\/span><\/h2>\n<p>Pour commencer, il est important de savoir que la Caisse d&rsquo;Allocations Familiales (CAF) propose une aide sp\u00e9cifique appel\u00e9e la\u00a0prime de d\u00e9m\u00e9nagement. Cette aide est destin\u00e9e aux familles nombreuses, c&rsquo;est-\u00e0-dire celles qui ont au moins trois enfants \u00e0 charge, n\u00e9s ou \u00e0 na\u00eetre.<\/p>\n<p>Il est \u00e9galement crucial de\u00a0<a href=\"https:\/\/www.lucca.fr\/magazine\/pilotage\/strategie-rh\/definir-strategie-rh\" target=\"_blank\" rel=\"noopener noreferrer\">mettre en place une strat\u00e9gie RH (d\u00e9finition ici)<\/a>\u00a0pour faciliter l&rsquo;int\u00e9gration et le bien-\u00eatre des employ\u00e9s mobiles.<\/p>\n<h3><span class=\"ez-toc-section\" id=\"conditions-deligibilite\"><\/span>Conditions d&rsquo;\u00e9ligibilit\u00e9<span class=\"ez-toc-section-end\"><\/span><\/h3>\n<p>Pour b\u00e9n\u00e9ficier de cette prime, plusieurs crit\u00e8res doivent \u00eatre remplis. Tout d&rsquo;abord, le d\u00e9m\u00e9nagement doit avoir lieu entre le premier jour du mois civil suivant le troisi\u00e8me mois de grossesse et le dernier jour du mois pr\u00e9c\u00e9dant le deuxi\u00e8me anniversaire du dernier enfant. De plus, il faut \u00e9galement \u00eatre \u00e9ligible \u00e0 l&rsquo;Aide personnalis\u00e9e au logement (APL) ou \u00e0 l&rsquo;allocation de logement familial (ALF) pour le nouveau logement.<\/p>\n<h3><span class=\"ez-toc-section\" id=\"montant-et-prise-en-charge\"><\/span>Montant et prise en charge<span class=\"ez-toc-section-end\"><\/span><\/h3>\n<p>Le montant de la prime correspond aux frais engag\u00e9s pour le d\u00e9m\u00e9nagement, avec un plafond qui varie en fonction du nombre d&rsquo;enfants \u00e0 charge. Pour deux enfants, le plafond est fix\u00e9 \u00e0 &lsquo;X&rsquo; euros, tandis que pour trois enfants, il est de &lsquo;Y&rsquo; euros. Il est essentiel de conserver toutes les factures relatives au d\u00e9m\u00e9nagement, car elles seront demand\u00e9es lors de la demande d&rsquo;aide.<\/p>\n<h2><span class=\"ez-toc-section\" id=\"laide-du-fonds-de-solidarite-pour-le-logement-fsl\"><\/span>L&rsquo;aide du Fonds de solidarit\u00e9 pour le logement (FSL)<span class=\"ez-toc-section-end\"><\/span><\/h2>\n<p>Le Fonds de Solidarit\u00e9 pour le Logement (FSL) offre \u00e9galement une\u00a0aide \u00e0 la mobilit\u00e9, mais celle-ci s&rsquo;adresse principalement aux personnes en difficult\u00e9 financi\u00e8re. Cette aide vise \u00e0 faciliter l&rsquo;acc\u00e8s, le maintien et l&rsquo;acquisition d&rsquo;un logement d\u00e9cent.<\/p>\n<h3><span class=\"ez-toc-section\" id=\"criteres-dattribution\"><\/span>Crit\u00e8res d&rsquo;attribution<span class=\"ez-toc-section-end\"><\/span><\/h3>\n<p>Les conditions pour b\u00e9n\u00e9ficier du FSL varient d&rsquo;un d\u00e9partement \u00e0 l&rsquo;autre, mais g\u00e9n\u00e9ralement, l&rsquo;aide est r\u00e9serv\u00e9e aux locataires et propri\u00e9taires occupants rencontrant des difficult\u00e9s financi\u00e8res. Il faut remplir un dossier de demande aupr\u00e8s des services sociaux comp\u00e9tents, qui analyseront la situation financi\u00e8re globale du foyer.<\/p>\n<h3><span class=\"ez-toc-section\" id=\"nature-de-laide\"><\/span>Nature de l&rsquo;aide<span class=\"ez-toc-section-end\"><\/span><\/h3>\n<p>Le FSL peut prendre en charge plusieurs types de d\u00e9penses li\u00e9es au d\u00e9m\u00e9nagement, notamment les\u00a0frais de d\u00e9placement, les frais de premi\u00e8re installation comme les achats de mobilier de base, ainsi que les frais annexes tels que les\u00a0frais d&rsquo;h\u00e9bergement\u00a0temporaire si n\u00e9cessaire. Le montant exact de l&rsquo;aide d\u00e9pend de chaque dossier, avec une\u00a0prise en charge maximale\u00a0possible, d\u00e9finie par les crit\u00e8res locaux.<\/p>\n<h2><span class=\"ez-toc-section\" id=\"agri-mobilite%c2%ae-pour-les-salaries-agricoles\"><\/span>AGRI-MOBILIT\u00c9\u00ae, pour les salari\u00e9s agricoles<span class=\"ez-toc-section-end\"><\/span><\/h2>\n<p>En France, il est aussi possible de b\u00e9n\u00e9ficier de dispositifs sp\u00e9cifiques selon sa profession. Par exemple, AGRI-MOBILIT\u00c9\u00ae\u00a0est une initiative d\u00e9di\u00e9e aux salari\u00e9s du secteur agricole. Cette aide vise \u00e0 faciliter la\u00a0mobilit\u00e9 professionnelle\u00a0des travailleurs agricoles et agroalimentaires.<\/p>\n<h3><span class=\"ez-toc-section\" id=\"admissibilite-et-conditions\"><\/span>Admissibilit\u00e9 et conditions<span class=\"ez-toc-section-end\"><\/span><\/h3>\n<p>Les salari\u00e9s agricoles en CDI, CDD, saisonniers ou en contrat d&rsquo;apprentissage peuvent pr\u00e9tendre \u00e0 cette aide. Comme pour d&rsquo;autres m\u00e9canismes d&rsquo;aide, il y a des crit\u00e8res \u00e0 respecter, notamment en termes de distance minimale entre l&rsquo;ancien et le nouveau domicile, souvent fix\u00e9e \u00e0 50 km ou plus.<\/p>\n<h3><span class=\"ez-toc-section\" id=\"forme-de-laide\"><\/span>Forme de l&rsquo;aide<span class=\"ez-toc-section-end\"><\/span><\/h3>\n<p>AGRI-MOBILIT\u00c9\u00ae\u00a0propose une couverture partielle des\u00a0frais de d\u00e9placement\u00a0et des\u00a0frais d&rsquo;h\u00e9bergement\u00a0pendant la p\u00e9riode d&rsquo;adaptation au nouvel emploi. Une allocation forfaitaire peut \u00e9galement \u00eatre accord\u00e9e pour aider \u00e0 couvrir les autres frais li\u00e9s au d\u00e9m\u00e9nagement.<\/p>\n<h2><span class=\"ez-toc-section\" id=\"laide-mobili-pass\"><\/span>L\u2019aide Mobili-Pass<span class=\"ez-toc-section-end\"><\/span><\/h2>\n<p>Enfin, nous ne pouvions pas conclure sans \u00e9voquer l\u2019aide\u00a0Mobili-Pass, un dispositif g\u00e9r\u00e9 par\u00a0Action Logement. Cette aide concerne principalement les salari\u00e9s des entreprises du secteur priv\u00e9 non agricole, comptant au moins dix employ\u00e9s.<\/p>\n<h3><span class=\"ez-toc-section\" id=\"quels-salaries-sont-concernes\"><\/span>Quels salari\u00e9s sont concern\u00e9s ?<span class=\"ez-toc-section-end\"><\/span><\/h3>\n<p>L\u2019aide Mobili-Pass s\u2019adresse aux salari\u00e9s ayant besoin de d\u00e9m\u00e9nager pour des raisons professionnelles, que ce soit pour une mutation, une nouvelle embauche en CDI ou CDD, \u00e0 condition que le contrat dure au moins six mois. Le nouveau logement doit \u00e9galement se situer \u00e0 une certaine distance de l\u2019ancien, traditionnellement de 70 km ou plus.<\/p>\n<h3><span class=\"ez-toc-section\" id=\"caracteristiques-de-laide\"><\/span>Caract\u00e9ristiques de l&rsquo;aide<span class=\"ez-toc-section-end\"><\/span><\/h3>\n<p>L\u2019aide Mobili-Pass prend la forme d\u2019une subvention et\/ou d\u2019un pr\u00eat \u00e0 taux r\u00e9duit. Cette aide couvre divers frais li\u00e9s au d\u00e9m\u00e9nagement, incluant les frais d\u2019agence immobili\u00e8re, les frais de transport, ainsi que les \u00e9ventuels frais de double r\u00e9sidence (logements temporaires). Le\u00a0montant plafond de l&rsquo;aide\u00a0varie en fonction de la zone g\u00e9ographique et des frais effectifs.<\/p>\n<ul>\n<li>Prime forfaitaire\u00a0pour les frais d&rsquo;agence<\/li>\n<li>Prise en charge des\u00a0frais de d\u00e9m\u00e9nagement<\/li>\n<li>Couverts des frais li\u00e9s \u00e0 la recherche du logement<\/li>\n<\/ul>\n<p>Pour obtenir cette aide, il suffit de remplir une\u00a0demande d&rsquo;aide mobili-pass\u00ae\u00a0et de fournir les documents justificatifs requis. Les d\u00e9lais de traitement peuvent varier, donc mieux vaut anticiper ses d\u00e9marches.<\/p>\n<p>Il existe donc diverses solutions pour recevoir une\u00a0aide \u00e0 la mobilit\u00e9\u00a0lors d\u2019un d\u00e9m\u00e9nagement professionnel. En fonction de votre situation familiale, professionnelle et g\u00e9ographique, certaines options pourront vous convenir mieux que d\u2019autres. N\u2019h\u00e9sitez pas \u00e0 vous renseigner et \u00e0 constituer des dossiers pour maximiser vos chances de b\u00e9n\u00e9ficier de ces aides pr\u00e9cieuses et all\u00e9ger le co\u00fbt de votre transition vers un nouveau d\u00e9part.<\/p>\n","protected":false},"excerpt":{"rendered":"<p>La mobilit\u00e9 professionnelle est souvent une \u00e9tape cl\u00e9 dans la carri\u00e8re d&rsquo;une personne. Que ce soit pour d\u00e9crocher un nouvel<\/p>\n","protected":false},"author":11,"featured_media":29850,"comment_status":"closed","ping_status":"closed","sticky":false,"template":"","format":"standard","meta":{"_lmt_disableupdate":"no","_lmt_disable":"no","footnotes":""},"categories":[106],"tags":[],"yoast_head":"<!-- This site is optimized with the Yoast SEO Premium plugin v24.2 (Yoast SEO v24.5) - https:\/\/yoast.com\/wordpress\/plugins\/seo\/ -->\n<title>Tout savoir sur les aides \u00e0 la mobilit\u00e9 professionnelle<\/title>\n<meta name=\"description\" content=\"%\" \/>\n<meta name=\"robots\" content=\"index, follow, max-snippet:-1, max-image-preview:large, max-video-preview:-1\" \/>\n<link rel=\"canonical\" href=\"https:\/\/www.mydemenageur.com\/blog\/demenagement-aides-mobilite-professionnelle\/\" \/>\n<meta property=\"og:locale\" content=\"fr_FR\" \/>\n<meta property=\"og:type\" content=\"article\" \/>\n<meta property=\"og:title\" content=\"D\u00e9m\u00e9nagement : quelles sont les aides \u00e0 la mobilit\u00e9 professionnelle ?\" \/>\n<meta property=\"og:description\" content=\"%\" \/>\n<meta property=\"og:url\" content=\"https:\/\/www.mydemenageur.com\/blog\/demenagement-aides-mobilite-professionnelle\/\" \/>\n<meta property=\"og:site_name\" content=\"MyDemenageur\" \/>\n<meta property=\"article:publisher\" content=\"https:\/\/www.facebook.com\/mydemenageur\" \/>\n<meta property=\"article:published_time\" content=\"2024-08-29T12:02:27+00:00\" \/>\n<meta property=\"article:modified_time\" content=\"2024-11-12T11:45:58+00:00\" \/>\n<meta property=\"og:image\" content=\"https:\/\/www.mydemenageur.com\/blog\/wp-content\/uploads\/2023\/01\/Couple-en-plein-demenagement.jpg\" \/>\n\t<meta property=\"og:image:width\" content=\"602\" \/>\n\t<meta property=\"og:image:height\" content=\"400\" \/>\n\t<meta property=\"og:image:type\" content=\"image\/jpeg\" \/>\n<meta name=\"author\" content=\"Mathilde\" \/>\n<meta name=\"twitter:card\" content=\"summary_large_image\" \/>\n<meta name=\"twitter:creator\" content=\"@mydemenageur\" \/>\n<meta name=\"twitter:site\" content=\"@mydemenageur\" \/>\n<meta name=\"twitter:label1\" content=\"\u00c9crit par\" \/>\n\t<meta name=\"twitter:data1\" content=\"Mathilde\" \/>\n\t<meta name=\"twitter:label2\" content=\"Dur\u00e9e de lecture estim\u00e9e\" \/>\n\t<meta name=\"twitter:data2\" content=\"5 minutes\" \/>\n<script type=\"application\/ld+json\" class=\"yoast-schema-graph\">{\"@context\":\"https:\/\/schema.org\",\"@graph\":[{\"@type\":\"Article\",\"@id\":\"https:\/\/www.mydemenageur.com\/blog\/demenagement-aides-mobilite-professionnelle\/#article\",\"isPartOf\":{\"@id\":\"https:\/\/www.mydemenageur.com\/blog\/demenagement-aides-mobilite-professionnelle\/\"},\"author\":{\"name\":\"Mathilde\",\"@id\":\"https:\/\/www.mydemenageur.com\/blog\/#\/schema\/person\/4540dc333c2e7dc790f0f7bcd5b99569\"},\"headline\":\"D\u00e9m\u00e9nagement : quelles sont les aides \u00e0 la mobilit\u00e9 professionnelle ?\",\"datePublished\":\"2024-08-29T12:02:27+00:00\",\"dateModified\":\"2024-11-12T11:45:58+00:00\",\"mainEntityOfPage\":{\"@id\":\"https:\/\/www.mydemenageur.com\/blog\/demenagement-aides-mobilite-professionnelle\/\"},\"wordCount\":989,\"publisher\":{\"@id\":\"https:\/\/www.mydemenageur.com\/blog\/#organization\"},\"image\":{\"@id\":\"https:\/\/www.mydemenageur.com\/blog\/demenagement-aides-mobilite-professionnelle\/#primaryimage\"},\"thumbnailUrl\":\"https:\/\/www.mydemenageur.com\/blog\/wp-content\/uploads\/2023\/01\/Couple-en-plein-demenagement.jpg\",\"articleSection\":[\"D\u00e9m\u00e9nagement\"],\"inLanguage\":\"fr-FR\"},{\"@type\":\"WebPage\",\"@id\":\"https:\/\/www.mydemenageur.com\/blog\/demenagement-aides-mobilite-professionnelle\/\",\"url\":\"https:\/\/www.mydemenageur.com\/blog\/demenagement-aides-mobilite-professionnelle\/\",\"name\":\"Tout savoir sur les aides \u00e0 la mobilit\u00e9 professionnelle\",\"isPartOf\":{\"@id\":\"https:\/\/www.mydemenageur.com\/blog\/#website\"},\"primaryImageOfPage\":{\"@id\":\"https:\/\/www.mydemenageur.com\/blog\/demenagement-aides-mobilite-professionnelle\/#primaryimage\"},\"image\":{\"@id\":\"https:\/\/www.mydemenageur.com\/blog\/demenagement-aides-mobilite-professionnelle\/#primaryimage\"},\"thumbnailUrl\":\"https:\/\/www.mydemenageur.com\/blog\/wp-content\/uploads\/2023\/01\/Couple-en-plein-demenagement.jpg\",\"datePublished\":\"2024-08-29T12:02:27+00:00\",\"dateModified\":\"2024-11-12T11:45:58+00:00\",\"description\":\"%\",\"breadcrumb\":{\"@id\":\"https:\/\/www.mydemenageur.com\/blog\/demenagement-aides-mobilite-professionnelle\/#breadcrumb\"},\"inLanguage\":\"fr-FR\",\"potentialAction\":[{\"@type\":\"ReadAction\",\"target\":[\"https:\/\/www.mydemenageur.com\/blog\/demenagement-aides-mobilite-professionnelle\/\"]}]},{\"@type\":\"ImageObject\",\"inLanguage\":\"fr-FR\",\"@id\":\"https:\/\/www.mydemenageur.com\/blog\/demenagement-aides-mobilite-professionnelle\/#primaryimage\",\"url\":\"https:\/\/www.mydemenageur.com\/blog\/wp-content\/uploads\/2023\/01\/Couple-en-plein-demenagement.jpg\",\"contentUrl\":\"https:\/\/www.mydemenageur.com\/blog\/wp-content\/uploads\/2023\/01\/Couple-en-plein-demenagement.jpg\",\"width\":602,\"height\":400,\"caption\":\"Couple en train d'organiser son d\u00e9m\u00e9nagement\"},{\"@type\":\"BreadcrumbList\",\"@id\":\"https:\/\/www.mydemenageur.com\/blog\/demenagement-aides-mobilite-professionnelle\/#breadcrumb\",\"itemListElement\":[{\"@type\":\"ListItem\",\"position\":1,\"name\":\"Accueil\",\"item\":\"https:\/\/www.mydemenageur.com\/blog\/\"},{\"@type\":\"ListItem\",\"position\":2,\"name\":\"D\u00e9m\u00e9nagement\",\"item\":\"https:\/\/www.mydemenageur.com\/blog\/categorie\/transport\/\"},{\"@type\":\"ListItem\",\"position\":3,\"name\":\"D\u00e9m\u00e9nagement : quelles sont les aides \u00e0 la mobilit\u00e9 professionnelle ?\"}]},{\"@type\":\"WebSite\",\"@id\":\"https:\/\/www.mydemenageur.com\/blog\/#website\",\"url\":\"https:\/\/www.mydemenageur.com\/blog\/\",\"name\":\"MyDemenageur\",\"description\":\"Conseils d\u00e9m\u00e9ngement entre particuliers et d\u00e9m\u00e9nagement professionnel\",\"publisher\":{\"@id\":\"https:\/\/www.mydemenageur.com\/blog\/#organization\"},\"potentialAction\":[{\"@type\":\"SearchAction\",\"target\":{\"@type\":\"EntryPoint\",\"urlTemplate\":\"https:\/\/www.mydemenageur.com\/blog\/?s={search_term_string}\"},\"query-input\":{\"@type\":\"PropertyValueSpecification\",\"valueRequired\":true,\"valueName\":\"search_term_string\"}}],\"inLanguage\":\"fr-FR\"},{\"@type\":\"Organization\",\"@id\":\"https:\/\/www.mydemenageur.com\/blog\/#organization\",\"name\":\"MyDemenageur.com\",\"url\":\"https:\/\/www.mydemenageur.com\/blog\/\",\"logo\":{\"@type\":\"ImageObject\",\"inLanguage\":\"fr-FR\",\"@id\":\"https:\/\/www.mydemenageur.com\/blog\/#\/schema\/logo\/image\/\",\"url\":\"https:\/\/www.mydemenageur.com\/blog\/wp-content\/uploads\/2022\/05\/MyDemenageur_Symbol.jpg\",\"contentUrl\":\"https:\/\/www.mydemenageur.com\/blog\/wp-content\/uploads\/2022\/05\/MyDemenageur_Symbol.jpg\",\"width\":878,\"height\":877,\"caption\":\"MyDemenageur.com\"},\"image\":{\"@id\":\"https:\/\/www.mydemenageur.com\/blog\/#\/schema\/logo\/image\/\"},\"sameAs\":[\"https:\/\/www.facebook.com\/mydemenageur\",\"https:\/\/x.com\/mydemenageur\",\"https:\/\/www.pinterest.fr\/mydemenageur\/\"]},{\"@type\":\"Person\",\"@id\":\"https:\/\/www.mydemenageur.com\/blog\/#\/schema\/person\/4540dc333c2e7dc790f0f7bcd5b99569\",\"name\":\"Mathilde\",\"image\":{\"@type\":\"ImageObject\",\"inLanguage\":\"fr-FR\",\"@id\":\"https:\/\/www.mydemenageur.com\/blog\/#\/schema\/person\/image\/\",\"url\":\"https:\/\/secure.gravatar.com\/avatar\/abde069f6f70261ee6ecea93e0437d77?s=96&#038;r=g\",\"contentUrl\":\"https:\/\/secure.gravatar.com\/avatar\/abde069f6f70261ee6ecea93e0437d77?s=96&#038;r=g\",\"caption\":\"Mathilde\"},\"description\":\"L'harmonie des couleurs et des objets m'a toujours fascin\u00e9e, transformant chaque pi\u00e8ce en un lieu unique et agr\u00e9able \u00e0 vivre. Sur MyDemenageur, vous trouverez non seulement des inspirations personnelles, mais aussi des informations r\u00e9centes sur le monde de la d\u00e9coration, les projets de maison, le d\u00e9m\u00e9nagement et les travaux.\",\"url\":\"https:\/\/www.mydemenageur.com\/blog\/author\/mathilde\/\"}]}<\/script>\n<!-- \/ Yoast SEO Premium plugin. -->","yoast_head_json":{"title":"Tout savoir sur les aides \u00e0 la mobilit\u00e9 professionnelle","description":"%","robots":{"index":"index","follow":"follow","max-snippet":"max-snippet:-1","max-image-preview":"max-image-preview:large","max-video-preview":"max-video-preview:-1"},"canonical":"https:\/\/www.mydemenageur.com\/blog\/demenagement-aides-mobilite-professionnelle\/","og_locale":"fr_FR","og_type":"article","og_title":"D\u00e9m\u00e9nagement : quelles sont les aides \u00e0 la mobilit\u00e9 professionnelle ?","og_description":"%","og_url":"https:\/\/www.mydemenageur.com\/blog\/demenagement-aides-mobilite-professionnelle\/","og_site_name":"MyDemenageur","article_publisher":"https:\/\/www.facebook.com\/mydemenageur","article_published_time":"2024-08-29T12:02:27+00:00","article_modified_time":"2024-11-12T11:45:58+00:00","og_image":[{"width":602,"height":400,"url":"https:\/\/www.mydemenageur.com\/blog\/wp-content\/uploads\/2023\/01\/Couple-en-plein-demenagement.jpg","type":"image\/jpeg"}],"author":"Mathilde","twitter_card":"summary_large_image","twitter_creator":"@mydemenageur","twitter_site":"@mydemenageur","twitter_misc":{"\u00c9crit par":"Mathilde","Dur\u00e9e de lecture estim\u00e9e":"5 minutes"},"schema":{"@context":"https:\/\/schema.org","@graph":[{"@type":"Article","@id":"https:\/\/www.mydemenageur.com\/blog\/demenagement-aides-mobilite-professionnelle\/#article","isPartOf":{"@id":"https:\/\/www.mydemenageur.com\/blog\/demenagement-aides-mobilite-professionnelle\/"},"author":{"name":"Mathilde","@id":"https:\/\/www.mydemenageur.com\/blog\/#\/schema\/person\/4540dc333c2e7dc790f0f7bcd5b99569"},"headline":"D\u00e9m\u00e9nagement : quelles sont les aides \u00e0 la mobilit\u00e9 professionnelle ?","datePublished":"2024-08-29T12:02:27+00:00","dateModified":"2024-11-12T11:45:58+00:00","mainEntityOfPage":{"@id":"https:\/\/www.mydemenageur.com\/blog\/demenagement-aides-mobilite-professionnelle\/"},"wordCount":989,"publisher":{"@id":"https:\/\/www.mydemenageur.com\/blog\/#organization"},"image":{"@id":"https:\/\/www.mydemenageur.com\/blog\/demenagement-aides-mobilite-professionnelle\/#primaryimage"},"thumbnailUrl":"https:\/\/www.mydemenageur.com\/blog\/wp-content\/uploads\/2023\/01\/Couple-en-plein-demenagement.jpg","articleSection":["D\u00e9m\u00e9nagement"],"inLanguage":"fr-FR"},{"@type":"WebPage","@id":"https:\/\/www.mydemenageur.com\/blog\/demenagement-aides-mobilite-professionnelle\/","url":"https:\/\/www.mydemenageur.com\/blog\/demenagement-aides-mobilite-professionnelle\/","name":"Tout savoir sur les aides \u00e0 la mobilit\u00e9 professionnelle","isPartOf":{"@id":"https:\/\/www.mydemenageur.com\/blog\/#website"},"primaryImageOfPage":{"@id":"https:\/\/www.mydemenageur.com\/blog\/demenagement-aides-mobilite-professionnelle\/#primaryimage"},"image":{"@id":"https:\/\/www.mydemenageur.com\/blog\/demenagement-aides-mobilite-professionnelle\/#primaryimage"},"thumbnailUrl":"https:\/\/www.mydemenageur.com\/blog\/wp-content\/uploads\/2023\/01\/Couple-en-plein-demenagement.jpg","datePublished":"2024-08-29T12:02:27+00:00","dateModified":"2024-11-12T11:45:58+00:00","description":"%","breadcrumb":{"@id":"https:\/\/www.mydemenageur.com\/blog\/demenagement-aides-mobilite-professionnelle\/#breadcrumb"},"inLanguage":"fr-FR","potentialAction":[{"@type":"ReadAction","target":["https:\/\/www.mydemenageur.com\/blog\/demenagement-aides-mobilite-professionnelle\/"]}]},{"@type":"ImageObject","inLanguage":"fr-FR","@id":"https:\/\/www.mydemenageur.com\/blog\/demenagement-aides-mobilite-professionnelle\/#primaryimage","url":"https:\/\/www.mydemenageur.com\/blog\/wp-content\/uploads\/2023\/01\/Couple-en-plein-demenagement.jpg","contentUrl":"https:\/\/www.mydemenageur.com\/blog\/wp-content\/uploads\/2023\/01\/Couple-en-plein-demenagement.jpg","width":602,"height":400,"caption":"Couple en train d'organiser son d\u00e9m\u00e9nagement"},{"@type":"BreadcrumbList","@id":"https:\/\/www.mydemenageur.com\/blog\/demenagement-aides-mobilite-professionnelle\/#breadcrumb","itemListElement":[{"@type":"ListItem","position":1,"name":"Accueil","item":"https:\/\/www.mydemenageur.com\/blog\/"},{"@type":"ListItem","position":2,"name":"D\u00e9m\u00e9nagement","item":"https:\/\/www.mydemenageur.com\/blog\/categorie\/transport\/"},{"@type":"ListItem","position":3,"name":"D\u00e9m\u00e9nagement : quelles sont les aides \u00e0 la mobilit\u00e9 professionnelle ?"}]},{"@type":"WebSite","@id":"https:\/\/www.mydemenageur.com\/blog\/#website","url":"https:\/\/www.mydemenageur.com\/blog\/","name":"MyDemenageur","description":"Conseils d\u00e9m\u00e9ngement entre particuliers et d\u00e9m\u00e9nagement professionnel","publisher":{"@id":"https:\/\/www.mydemenageur.com\/blog\/#organization"},"potentialAction":[{"@type":"SearchAction","target":{"@type":"EntryPoint","urlTemplate":"https:\/\/www.mydemenageur.com\/blog\/?s={search_term_string}"},"query-input":{"@type":"PropertyValueSpecification","valueRequired":true,"valueName":"search_term_string"}}],"inLanguage":"fr-FR"},{"@type":"Organization","@id":"https:\/\/www.mydemenageur.com\/blog\/#organization","name":"MyDemenageur.com","url":"https:\/\/www.mydemenageur.com\/blog\/","logo":{"@type":"ImageObject","inLanguage":"fr-FR","@id":"https:\/\/www.mydemenageur.com\/blog\/#\/schema\/logo\/image\/","url":"https:\/\/www.mydemenageur.com\/blog\/wp-content\/uploads\/2022\/05\/MyDemenageur_Symbol.jpg","contentUrl":"https:\/\/www.mydemenageur.com\/blog\/wp-content\/uploads\/2022\/05\/MyDemenageur_Symbol.jpg","width":878,"height":877,"caption":"MyDemenageur.com"},"image":{"@id":"https:\/\/www.mydemenageur.com\/blog\/#\/schema\/logo\/image\/"},"sameAs":["https:\/\/www.facebook.com\/mydemenageur","https:\/\/x.com\/mydemenageur","https:\/\/www.pinterest.fr\/mydemenageur\/"]},{"@type":"Person","@id":"https:\/\/www.mydemenageur.com\/blog\/#\/schema\/person\/4540dc333c2e7dc790f0f7bcd5b99569","name":"Mathilde","image":{"@type":"ImageObject","inLanguage":"fr-FR","@id":"https:\/\/www.mydemenageur.com\/blog\/#\/schema\/person\/image\/","url":"https:\/\/secure.gravatar.com\/avatar\/abde069f6f70261ee6ecea93e0437d77?s=96&#038;r=g","contentUrl":"https:\/\/secure.gravatar.com\/avatar\/abde069f6f70261ee6ecea93e0437d77?s=96&#038;r=g","caption":"Mathilde"},"description":"L'harmonie des couleurs et des objets m'a toujours fascin\u00e9e, transformant chaque pi\u00e8ce en un lieu unique et agr\u00e9able \u00e0 vivre. Sur MyDemenageur, vous trouverez non seulement des inspirations personnelles, mais aussi des informations r\u00e9centes sur le monde de la d\u00e9coration, les projets de maison, le d\u00e9m\u00e9nagement et les travaux.","url":"https:\/\/www.mydemenageur.com\/blog\/author\/mathilde\/"}]}},"modified_by":"MyDemenageur","_links":{"self":[{"href":"https:\/\/www.mydemenageur.com\/blog\/wp-json\/wp\/v2\/posts\/31313"}],"collection":[{"href":"https:\/\/www.mydemenageur.com\/blog\/wp-json\/wp\/v2\/posts"}],"about":[{"href":"https:\/\/www.mydemenageur.com\/blog\/wp-json\/wp\/v2\/types\/post"}],"author":[{"embeddable":true,"href":"https:\/\/www.mydemenageur.com\/blog\/wp-json\/wp\/v2\/users\/11"}],"replies":[{"embeddable":true,"href":"https:\/\/www.mydemenageur.com\/blog\/wp-json\/wp\/v2\/comments?post=31313"}],"version-history":[{"count":0,"href":"https:\/\/www.mydemenageur.com\/blog\/wp-json\/wp\/v2\/posts\/31313\/revisions"}],"wp:featuredmedia":[{"embeddable":true,"href":"https:\/\/www.mydemenageur.com\/blog\/wp-json\/wp\/v2\/media\/29850"}],"wp:attachment":[{"href":"https:\/\/www.mydemenageur.com\/blog\/wp-json\/wp\/v2\/media?parent=31313"}],"wp:term":[{"taxonomy":"category","embeddable":true,"href":"https:\/\/www.mydemenageur.com\/blog\/wp-json\/wp\/v2\/categories?post=31313"},{"taxonomy":"post_tag","embeddable":true,"href":"https:\/\/www.mydemenageur.com\/blog\/wp-json\/wp\/v2\/tags?post=31313"}],"curies":[{"name":"wp","href":"https:\/\/api.w.org\/{rel}","templated":true}]}}