{"id":395,"date":"2015-07-10T08:42:47","date_gmt":"2015-07-10T08:42:47","guid":{"rendered":"http:\/\/www.mydemenageur.com\/blog\/?p=395"},"modified":"2021-08-27T07:40:44","modified_gmt":"2021-08-27T07:40:44","slug":"mydemenageur-reportage-20h-france-2","status":"publish","type":"post","link":"https:\/\/www.mydemenageur.com\/blog\/mydemenageur-reportage-20h-france-2\/","title":{"rendered":"Petit reportage MyDemenageur au JT 20h de France 2"},"content":{"rendered":"<p>France 2 a, pour la seconde fois, <a href=\"\/blog\/services\/\">pr\u00e9sent\u00e9 MyDemenageur dans son JT<\/a>. Cette fois-ci c&rsquo;\u00e9tait au 20h de David Pujadas le jeudi 9 juillet 2015. La chaine nous a gratifi\u00e9 d&rsquo;un petit reportage d&rsquo;environ 2 minutes suivant le d\u00e9m\u00e9nagement de Fabienne \u00e0 Nantes aid\u00e9e par les gros bras MyDemenageur Ludovic et Mustapha.<\/p>\n<p>Voici le lien pour (re)voir le replay (\u00e0 partir de 3:55):<br \/>\n<a href=\"https:\/\/www.francetvinfo.fr\/societe\/demenager-en-groupe-pour-payer-moins_991339.html\" target=\"_blank\" rel=\"noopener noreferrer\">https:\/\/www.francetvinfo.fr\/societe\/demenager-en-groupe-pour-payer-moins_991339.html<\/a><\/p>\n<div class=\"btn-wrapper\">\n<p><img decoding=\"async\" class=\"alignnone size-full wp-image-396\" src=\"\/\/www.mydemenageur.com\/blog\/wp-content\/uploads\/2015\/07\/france2-img1.jpg\" alt=\"france2-img1\" width=\"680\" height=\"384\" srcset=\"https:\/\/www.mydemenageur.com\/blog\/wp-content\/uploads\/2015\/07\/france2-img1.jpg 680w, https:\/\/www.mydemenageur.com\/blog\/wp-content\/uploads\/2015\/07\/france2-img1-300x169.jpg 300w\" sizes=\"(max-width: 680px) 100vw, 680px\" \/> <img decoding=\"async\" class=\"alignnone size-full wp-image-397\" src=\"\/\/www.mydemenageur.com\/blog\/wp-content\/uploads\/2015\/07\/france2-img2.jpg\" alt=\"france2-img2\" width=\"680\" height=\"384\" srcset=\"https:\/\/www.mydemenageur.com\/blog\/wp-content\/uploads\/2015\/07\/france2-img2.jpg 680w, https:\/\/www.mydemenageur.com\/blog\/wp-content\/uploads\/2015\/07\/france2-img2-300x169.jpg 300w\" sizes=\"(max-width: 680px) 100vw, 680px\" \/> <img decoding=\"async\" class=\"alignnone size-full wp-image-398\" src=\"\/\/www.mydemenageur.com\/blog\/wp-content\/uploads\/2015\/07\/france2-img3.jpg\" alt=\"france2-img3\" width=\"680\" height=\"384\" srcset=\"https:\/\/www.mydemenageur.com\/blog\/wp-content\/uploads\/2015\/07\/france2-img3.jpg 680w, https:\/\/www.mydemenageur.com\/blog\/wp-content\/uploads\/2015\/07\/france2-img3-300x169.jpg 300w\" sizes=\"(max-width: 680px) 100vw, 680px\" \/><\/p>\n<\/div>\n","protected":false},"excerpt":{"rendered":"<p>France 2 a, pour la seconde fois, pr\u00e9sent\u00e9 MyDemenageur dans son JT. Cette fois-ci c&rsquo;\u00e9tait au 20h de David Pujadas<\/p>\n","protected":false},"author":11,"featured_media":21939,"comment_status":"closed","ping_status":"closed","sticky":false,"template":"","format":"standard","meta":{"_lmt_disableupdate":"","_lmt_disable":"","footnotes":""},"categories":[21],"tags":[113],"yoast_head":"<!-- This site is optimized with the Yoast SEO Premium plugin v24.2 (Yoast SEO v24.5) - https:\/\/yoast.com\/wordpress\/plugins\/seo\/ -->\n<title>Petit reportage MyDemenageur au JT 20h de France 2<\/title>\n<meta name=\"description\" content=\"France 2 parle de nous! Retrouvez l&#039;essentiel du reportage consacr\u00e9 \u00e0 MyDemenageur au mois de juillet 2015 dans cet article.\" \/>\n<meta name=\"robots\" content=\"index, follow, max-snippet:-1, max-image-preview:large, max-video-preview:-1\" \/>\n<link rel=\"canonical\" href=\"https:\/\/www.mydemenageur.com\/blog\/mydemenageur-reportage-20h-france-2\/\" \/>\n<meta property=\"og:locale\" content=\"fr_FR\" \/>\n<meta property=\"og:type\" content=\"article\" \/>\n<meta property=\"og:title\" content=\"Petit reportage MyDemenageur au JT 20h de France 2\" \/>\n<meta property=\"og:description\" content=\"France 2 parle de nous! Retrouvez l&#039;essentiel du reportage consacr\u00e9 \u00e0 MyDemenageur au mois de juillet 2015 dans cet article.\" \/>\n<meta property=\"og:url\" content=\"https:\/\/www.mydemenageur.com\/blog\/mydemenageur-reportage-20h-france-2\/\" \/>\n<meta property=\"og:site_name\" content=\"MyDemenageur\" \/>\n<meta property=\"article:publisher\" content=\"https:\/\/www.facebook.com\/mydemenageur\" \/>\n<meta property=\"article:published_time\" content=\"2015-07-10T08:42:47+00:00\" \/>\n<meta property=\"article:modified_time\" content=\"2021-08-27T07:40:44+00:00\" \/>\n<meta property=\"og:image\" content=\"https:\/\/www.mydemenageur.com\/blog\/wp-content\/uploads\/2015\/07\/mydemenageur-reportage-20h-france-2.jpeg\" \/>\n\t<meta property=\"og:image:width\" content=\"1000\" \/>\n\t<meta property=\"og:image:height\" content=\"666\" \/>\n\t<meta property=\"og:image:type\" content=\"image\/jpeg\" \/>\n<meta name=\"author\" content=\"Mathilde\" \/>\n<meta name=\"twitter:card\" content=\"summary_large_image\" \/>\n<meta name=\"twitter:creator\" content=\"@mydemenageur\" \/>\n<meta name=\"twitter:site\" content=\"@mydemenageur\" \/>\n<meta name=\"twitter:label1\" content=\"\u00c9crit par\" \/>\n\t<meta name=\"twitter:data1\" content=\"Mathilde\" \/>\n<script type=\"application\/ld+json\" class=\"yoast-schema-graph\">{\"@context\":\"https:\/\/schema.org\",\"@graph\":[{\"@type\":\"Article\",\"@id\":\"https:\/\/www.mydemenageur.com\/blog\/mydemenageur-reportage-20h-france-2\/#article\",\"isPartOf\":{\"@id\":\"https:\/\/www.mydemenageur.com\/blog\/mydemenageur-reportage-20h-france-2\/\"},\"author\":{\"name\":\"Mathilde\",\"@id\":\"https:\/\/www.mydemenageur.com\/blog\/#\/schema\/person\/4540dc333c2e7dc790f0f7bcd5b99569\"},\"headline\":\"Petit reportage MyDemenageur au JT 20h de France 2\",\"datePublished\":\"2015-07-10T08:42:47+00:00\",\"dateModified\":\"2021-08-27T07:40:44+00:00\",\"mainEntityOfPage\":{\"@id\":\"https:\/\/www.mydemenageur.com\/blog\/mydemenageur-reportage-20h-france-2\/\"},\"wordCount\":79,\"publisher\":{\"@id\":\"https:\/\/www.mydemenageur.com\/blog\/#organization\"},\"image\":{\"@id\":\"https:\/\/www.mydemenageur.com\/blog\/mydemenageur-reportage-20h-france-2\/#primaryimage\"},\"thumbnailUrl\":\"https:\/\/www.mydemenageur.com\/blog\/wp-content\/uploads\/2015\/07\/mydemenageur-reportage-20h-france-2.jpeg\",\"keywords\":[\"Presse\"],\"articleSection\":[\"MyDemenageur\"],\"inLanguage\":\"fr-FR\"},{\"@type\":\"WebPage\",\"@id\":\"https:\/\/www.mydemenageur.com\/blog\/mydemenageur-reportage-20h-france-2\/\",\"url\":\"https:\/\/www.mydemenageur.com\/blog\/mydemenageur-reportage-20h-france-2\/\",\"name\":\"Petit reportage MyDemenageur au JT 20h de France 2\",\"isPartOf\":{\"@id\":\"https:\/\/www.mydemenageur.com\/blog\/#website\"},\"primaryImageOfPage\":{\"@id\":\"https:\/\/www.mydemenageur.com\/blog\/mydemenageur-reportage-20h-france-2\/#primaryimage\"},\"image\":{\"@id\":\"https:\/\/www.mydemenageur.com\/blog\/mydemenageur-reportage-20h-france-2\/#primaryimage\"},\"thumbnailUrl\":\"https:\/\/www.mydemenageur.com\/blog\/wp-content\/uploads\/2015\/07\/mydemenageur-reportage-20h-france-2.jpeg\",\"datePublished\":\"2015-07-10T08:42:47+00:00\",\"dateModified\":\"2021-08-27T07:40:44+00:00\",\"description\":\"France 2 parle de nous! Retrouvez l'essentiel du reportage consacr\u00e9 \u00e0 MyDemenageur au mois de juillet 2015 dans cet article.\",\"breadcrumb\":{\"@id\":\"https:\/\/www.mydemenageur.com\/blog\/mydemenageur-reportage-20h-france-2\/#breadcrumb\"},\"inLanguage\":\"fr-FR\",\"potentialAction\":[{\"@type\":\"ReadAction\",\"target\":[\"https:\/\/www.mydemenageur.com\/blog\/mydemenageur-reportage-20h-france-2\/\"]}]},{\"@type\":\"ImageObject\",\"inLanguage\":\"fr-FR\",\"@id\":\"https:\/\/www.mydemenageur.com\/blog\/mydemenageur-reportage-20h-france-2\/#primaryimage\",\"url\":\"https:\/\/www.mydemenageur.com\/blog\/wp-content\/uploads\/2015\/07\/mydemenageur-reportage-20h-france-2.jpeg\",\"contentUrl\":\"https:\/\/www.mydemenageur.com\/blog\/wp-content\/uploads\/2015\/07\/mydemenageur-reportage-20h-france-2.jpeg\",\"width\":1000,\"height\":666,\"caption\":\"Petit reportage MyDemenageur au JT 20h de France 2\"},{\"@type\":\"BreadcrumbList\",\"@id\":\"https:\/\/www.mydemenageur.com\/blog\/mydemenageur-reportage-20h-france-2\/#breadcrumb\",\"itemListElement\":[{\"@type\":\"ListItem\",\"position\":1,\"name\":\"Accueil\",\"item\":\"https:\/\/www.mydemenageur.com\/blog\/\"},{\"@type\":\"ListItem\",\"position\":2,\"name\":\"MyDemenageur\",\"item\":\"https:\/\/www.mydemenageur.com\/blog\/categorie\/demenagement\/\"},{\"@type\":\"ListItem\",\"position\":3,\"name\":\"Petit reportage MyDemenageur au JT 20h de France 2\"}]},{\"@type\":\"WebSite\",\"@id\":\"https:\/\/www.mydemenageur.com\/blog\/#website\",\"url\":\"https:\/\/www.mydemenageur.com\/blog\/\",\"name\":\"MyDemenageur\",\"description\":\"Conseils d\u00e9m\u00e9ngement entre particuliers et d\u00e9m\u00e9nagement professionnel\",\"publisher\":{\"@id\":\"https:\/\/www.mydemenageur.com\/blog\/#organization\"},\"potentialAction\":[{\"@type\":\"SearchAction\",\"target\":{\"@type\":\"EntryPoint\",\"urlTemplate\":\"https:\/\/www.mydemenageur.com\/blog\/?s={search_term_string}\"},\"query-input\":{\"@type\":\"PropertyValueSpecification\",\"valueRequired\":true,\"valueName\":\"search_term_string\"}}],\"inLanguage\":\"fr-FR\"},{\"@type\":\"Organization\",\"@id\":\"https:\/\/www.mydemenageur.com\/blog\/#organization\",\"name\":\"MyDemenageur.com\",\"url\":\"https:\/\/www.mydemenageur.com\/blog\/\",\"logo\":{\"@type\":\"ImageObject\",\"inLanguage\":\"fr-FR\",\"@id\":\"https:\/\/www.mydemenageur.com\/blog\/#\/schema\/logo\/image\/\",\"url\":\"https:\/\/www.mydemenageur.com\/blog\/wp-content\/uploads\/2022\/05\/MyDemenageur_Symbol.jpg\",\"contentUrl\":\"https:\/\/www.mydemenageur.com\/blog\/wp-content\/uploads\/2022\/05\/MyDemenageur_Symbol.jpg\",\"width\":878,\"height\":877,\"caption\":\"MyDemenageur.com\"},\"image\":{\"@id\":\"https:\/\/www.mydemenageur.com\/blog\/#\/schema\/logo\/image\/\"},\"sameAs\":[\"https:\/\/www.facebook.com\/mydemenageur\",\"https:\/\/x.com\/mydemenageur\",\"https:\/\/www.pinterest.fr\/mydemenageur\/\"]},{\"@type\":\"Person\",\"@id\":\"https:\/\/www.mydemenageur.com\/blog\/#\/schema\/person\/4540dc333c2e7dc790f0f7bcd5b99569\",\"name\":\"Mathilde\",\"image\":{\"@type\":\"ImageObject\",\"inLanguage\":\"fr-FR\",\"@id\":\"https:\/\/www.mydemenageur.com\/blog\/#\/schema\/person\/image\/\",\"url\":\"https:\/\/secure.gravatar.com\/avatar\/abde069f6f70261ee6ecea93e0437d77?s=96&#038;r=g\",\"contentUrl\":\"https:\/\/secure.gravatar.com\/avatar\/abde069f6f70261ee6ecea93e0437d77?s=96&#038;r=g\",\"caption\":\"Mathilde\"},\"description\":\"L'harmonie des couleurs et des objets m'a toujours fascin\u00e9e, transformant chaque pi\u00e8ce en un lieu unique et agr\u00e9able \u00e0 vivre. Sur MyDemenageur, vous trouverez non seulement des inspirations personnelles, mais aussi des informations r\u00e9centes sur le monde de la d\u00e9coration, les projets de maison, le d\u00e9m\u00e9nagement et les travaux.\",\"url\":\"https:\/\/www.mydemenageur.com\/blog\/author\/mathilde\/\"}]}<\/script>\n<!-- \/ Yoast SEO Premium plugin. -->","yoast_head_json":{"title":"Petit reportage MyDemenageur au JT 20h de France 2","description":"France 2 parle de nous! Retrouvez l'essentiel du reportage consacr\u00e9 \u00e0 MyDemenageur au mois de juillet 2015 dans cet article.","robots":{"index":"index","follow":"follow","max-snippet":"max-snippet:-1","max-image-preview":"max-image-preview:large","max-video-preview":"max-video-preview:-1"},"canonical":"https:\/\/www.mydemenageur.com\/blog\/mydemenageur-reportage-20h-france-2\/","og_locale":"fr_FR","og_type":"article","og_title":"Petit reportage MyDemenageur au JT 20h de France 2","og_description":"France 2 parle de nous! Retrouvez l'essentiel du reportage consacr\u00e9 \u00e0 MyDemenageur au mois de juillet 2015 dans cet article.","og_url":"https:\/\/www.mydemenageur.com\/blog\/mydemenageur-reportage-20h-france-2\/","og_site_name":"MyDemenageur","article_publisher":"https:\/\/www.facebook.com\/mydemenageur","article_published_time":"2015-07-10T08:42:47+00:00","article_modified_time":"2021-08-27T07:40:44+00:00","og_image":[{"width":1000,"height":666,"url":"https:\/\/www.mydemenageur.com\/blog\/wp-content\/uploads\/2015\/07\/mydemenageur-reportage-20h-france-2.jpeg","type":"image\/jpeg"}],"author":"Mathilde","twitter_card":"summary_large_image","twitter_creator":"@mydemenageur","twitter_site":"@mydemenageur","twitter_misc":{"\u00c9crit par":"Mathilde"},"schema":{"@context":"https:\/\/schema.org","@graph":[{"@type":"Article","@id":"https:\/\/www.mydemenageur.com\/blog\/mydemenageur-reportage-20h-france-2\/#article","isPartOf":{"@id":"https:\/\/www.mydemenageur.com\/blog\/mydemenageur-reportage-20h-france-2\/"},"author":{"name":"Mathilde","@id":"https:\/\/www.mydemenageur.com\/blog\/#\/schema\/person\/4540dc333c2e7dc790f0f7bcd5b99569"},"headline":"Petit reportage MyDemenageur au JT 20h de France 2","datePublished":"2015-07-10T08:42:47+00:00","dateModified":"2021-08-27T07:40:44+00:00","mainEntityOfPage":{"@id":"https:\/\/www.mydemenageur.com\/blog\/mydemenageur-reportage-20h-france-2\/"},"wordCount":79,"publisher":{"@id":"https:\/\/www.mydemenageur.com\/blog\/#organization"},"image":{"@id":"https:\/\/www.mydemenageur.com\/blog\/mydemenageur-reportage-20h-france-2\/#primaryimage"},"thumbnailUrl":"https:\/\/www.mydemenageur.com\/blog\/wp-content\/uploads\/2015\/07\/mydemenageur-reportage-20h-france-2.jpeg","keywords":["Presse"],"articleSection":["MyDemenageur"],"inLanguage":"fr-FR"},{"@type":"WebPage","@id":"https:\/\/www.mydemenageur.com\/blog\/mydemenageur-reportage-20h-france-2\/","url":"https:\/\/www.mydemenageur.com\/blog\/mydemenageur-reportage-20h-france-2\/","name":"Petit reportage MyDemenageur au JT 20h de France 2","isPartOf":{"@id":"https:\/\/www.mydemenageur.com\/blog\/#website"},"primaryImageOfPage":{"@id":"https:\/\/www.mydemenageur.com\/blog\/mydemenageur-reportage-20h-france-2\/#primaryimage"},"image":{"@id":"https:\/\/www.mydemenageur.com\/blog\/mydemenageur-reportage-20h-france-2\/#primaryimage"},"thumbnailUrl":"https:\/\/www.mydemenageur.com\/blog\/wp-content\/uploads\/2015\/07\/mydemenageur-reportage-20h-france-2.jpeg","datePublished":"2015-07-10T08:42:47+00:00","dateModified":"2021-08-27T07:40:44+00:00","description":"France 2 parle de nous! Retrouvez l'essentiel du reportage consacr\u00e9 \u00e0 MyDemenageur au mois de juillet 2015 dans cet article.","breadcrumb":{"@id":"https:\/\/www.mydemenageur.com\/blog\/mydemenageur-reportage-20h-france-2\/#breadcrumb"},"inLanguage":"fr-FR","potentialAction":[{"@type":"ReadAction","target":["https:\/\/www.mydemenageur.com\/blog\/mydemenageur-reportage-20h-france-2\/"]}]},{"@type":"ImageObject","inLanguage":"fr-FR","@id":"https:\/\/www.mydemenageur.com\/blog\/mydemenageur-reportage-20h-france-2\/#primaryimage","url":"https:\/\/www.mydemenageur.com\/blog\/wp-content\/uploads\/2015\/07\/mydemenageur-reportage-20h-france-2.jpeg","contentUrl":"https:\/\/www.mydemenageur.com\/blog\/wp-content\/uploads\/2015\/07\/mydemenageur-reportage-20h-france-2.jpeg","width":1000,"height":666,"caption":"Petit reportage MyDemenageur au JT 20h de France 2"},{"@type":"BreadcrumbList","@id":"https:\/\/www.mydemenageur.com\/blog\/mydemenageur-reportage-20h-france-2\/#breadcrumb","itemListElement":[{"@type":"ListItem","position":1,"name":"Accueil","item":"https:\/\/www.mydemenageur.com\/blog\/"},{"@type":"ListItem","position":2,"name":"MyDemenageur","item":"https:\/\/www.mydemenageur.com\/blog\/categorie\/demenagement\/"},{"@type":"ListItem","position":3,"name":"Petit reportage MyDemenageur au JT 20h de France 2"}]},{"@type":"WebSite","@id":"https:\/\/www.mydemenageur.com\/blog\/#website","url":"https:\/\/www.mydemenageur.com\/blog\/","name":"MyDemenageur","description":"Conseils d\u00e9m\u00e9ngement entre particuliers et d\u00e9m\u00e9nagement professionnel","publisher":{"@id":"https:\/\/www.mydemenageur.com\/blog\/#organization"},"potentialAction":[{"@type":"SearchAction","target":{"@type":"EntryPoint","urlTemplate":"https:\/\/www.mydemenageur.com\/blog\/?s={search_term_string}"},"query-input":{"@type":"PropertyValueSpecification","valueRequired":true,"valueName":"search_term_string"}}],"inLanguage":"fr-FR"},{"@type":"Organization","@id":"https:\/\/www.mydemenageur.com\/blog\/#organization","name":"MyDemenageur.com","url":"https:\/\/www.mydemenageur.com\/blog\/","logo":{"@type":"ImageObject","inLanguage":"fr-FR","@id":"https:\/\/www.mydemenageur.com\/blog\/#\/schema\/logo\/image\/","url":"https:\/\/www.mydemenageur.com\/blog\/wp-content\/uploads\/2022\/05\/MyDemenageur_Symbol.jpg","contentUrl":"https:\/\/www.mydemenageur.com\/blog\/wp-content\/uploads\/2022\/05\/MyDemenageur_Symbol.jpg","width":878,"height":877,"caption":"MyDemenageur.com"},"image":{"@id":"https:\/\/www.mydemenageur.com\/blog\/#\/schema\/logo\/image\/"},"sameAs":["https:\/\/www.facebook.com\/mydemenageur","https:\/\/x.com\/mydemenageur","https:\/\/www.pinterest.fr\/mydemenageur\/"]},{"@type":"Person","@id":"https:\/\/www.mydemenageur.com\/blog\/#\/schema\/person\/4540dc333c2e7dc790f0f7bcd5b99569","name":"Mathilde","image":{"@type":"ImageObject","inLanguage":"fr-FR","@id":"https:\/\/www.mydemenageur.com\/blog\/#\/schema\/person\/image\/","url":"https:\/\/secure.gravatar.com\/avatar\/abde069f6f70261ee6ecea93e0437d77?s=96&#038;r=g","contentUrl":"https:\/\/secure.gravatar.com\/avatar\/abde069f6f70261ee6ecea93e0437d77?s=96&#038;r=g","caption":"Mathilde"},"description":"L'harmonie des couleurs et des objets m'a toujours fascin\u00e9e, transformant chaque pi\u00e8ce en un lieu unique et agr\u00e9able \u00e0 vivre. Sur MyDemenageur, vous trouverez non seulement des inspirations personnelles, mais aussi des informations r\u00e9centes sur le monde de la d\u00e9coration, les projets de maison, le d\u00e9m\u00e9nagement et les travaux.","url":"https:\/\/www.mydemenageur.com\/blog\/author\/mathilde\/"}]}},"modified_by":"fabien","_links":{"self":[{"href":"https:\/\/www.mydemenageur.com\/blog\/wp-json\/wp\/v2\/posts\/395"}],"collection":[{"href":"https:\/\/www.mydemenageur.com\/blog\/wp-json\/wp\/v2\/posts"}],"about":[{"href":"https:\/\/www.mydemenageur.com\/blog\/wp-json\/wp\/v2\/types\/post"}],"author":[{"embeddable":true,"href":"https:\/\/www.mydemenageur.com\/blog\/wp-json\/wp\/v2\/users\/11"}],"replies":[{"embeddable":true,"href":"https:\/\/www.mydemenageur.com\/blog\/wp-json\/wp\/v2\/comments?post=395"}],"version-history":[{"count":0,"href":"https:\/\/www.mydemenageur.com\/blog\/wp-json\/wp\/v2\/posts\/395\/revisions"}],"wp:featuredmedia":[{"embeddable":true,"href":"https:\/\/www.mydemenageur.com\/blog\/wp-json\/wp\/v2\/media\/21939"}],"wp:attachment":[{"href":"https:\/\/www.mydemenageur.com\/blog\/wp-json\/wp\/v2\/media?parent=395"}],"wp:term":[{"taxonomy":"category","embeddable":true,"href":"https:\/\/www.mydemenageur.com\/blog\/wp-json\/wp\/v2\/categories?post=395"},{"taxonomy":"post_tag","embeddable":true,"href":"https:\/\/www.mydemenageur.com\/blog\/wp-json\/wp\/v2\/tags?post=395"}],"curies":[{"name":"wp","href":"https:\/\/api.w.org\/{rel}","templated":true}]}}