{"id":410,"date":"2015-07-22T08:55:14","date_gmt":"2015-07-22T08:55:14","guid":{"rendered":"http:\/\/www.mydemenageur.com\/blog\/?p=410"},"modified":"2021-08-27T07:40:05","modified_gmt":"2021-08-27T07:40:05","slug":"temoignage-de-vincent-ex-demenage-convertit-gros-bras","status":"publish","type":"post","link":"https:\/\/www.mydemenageur.com\/blog\/temoignage-de-vincent-ex-demenage-convertit-gros-bras\/","title":{"rendered":"T\u00e9moignage de Vincent, ex-d\u00e9m\u00e9nag\u00e9 convertit gros bras"},"content":{"rendered":"<p>Aujourd&rsquo;hui, c&rsquo;est Vincent que nous avons interview\u00e9 pour notre rubrique \u00ab\u00a0<a href=\"\/blog\/services\/\">avis<\/a>\u00ab\u00a0. Ce jeune homme de 28 ans a une exp\u00e9rience non n\u00e9gligeable du site puisqu&rsquo;il a d\u00e9j\u00e0 \u00e9t\u00e9 des deux c\u00f4t\u00e9s : d\u00e9m\u00e9nag\u00e9 et aide d\u00e9m\u00e9nageur.<\/p>\n<p><a href=\"https:\/\/www.mydemenageur.com\/blog\/wp-content\/uploads\/2015\/07\/vincent-grosbras.jpg\"><img decoding=\"async\" class=\" size-full wp-image-411 alignleft\" src=\"\/\/www.mydemenageur.com\/blog\/wp-content\/uploads\/2015\/07\/vincent-grosbras.jpg\" alt=\"vincent gros bras\" width=\"120\" height=\"120\" \/><\/a><strong>Bonjour Vincent. Tu as la particularit\u00e9 d&rsquo;avoir d&rsquo;abord fait appel \u00e0 un\/des \u00ab\u00a0gros bras\u00a0\u00bb l&rsquo;an dernier pour ton d\u00e9m\u00e9nagement, puis de t&rsquo;\u00eatre ensuite converti toi-m\u00eame en \u00ab\u00a0gros bras\u00a0\u00bb sur MyDemenageur. Peux-tu d\u00e9j\u00e0 nous parler de ton d\u00e9m\u00e9nagement de l&rsquo;ann\u00e9e derni\u00e8re. Tu d\u00e9m\u00e9nageais de Paris \u00e0 Boulogne-Billancourt, pourquoi as-tu eu besoin de faire appel \u00e0 des gros bras ? Pourquoi sur MyDemenageur ?<\/strong><br \/>\n<strong>Vincent<\/strong> : Bonjour, en effet, je m\u2019appr\u00eatais \u00e0 d\u00e9m\u00e9nager de Paris 12e Daumesnil pour un nouveau d\u00e9part \u00e0 Boulogne-Billancourt et je n\u2019avais malheureusement personne de disponible dans mon entourage pour me donner un coup de main, \u00e9tant Varois, les amis ici se font plus rares\u2026<br \/>\nJ\u2019ai d\u2019abord regard\u00e9 sur divers sites internet professionnels pour avoir des devis car je n\u2019avais aucune motivation cette fois-ci \u00e0 effectuer moi-m\u00eame le d\u00e9m\u00e9nagement (les 5 \u00e9tages sans ascenseur m\u2019ont tr\u00e8s vite refroidi) sauf que la r\u00e9alit\u00e9 m\u2019a vite rattrap\u00e9 en voyant les prix annonc\u00e9s s\u2019envoler. *gloops*<br \/>\nDu coup en fouillant sur le net, je suis tomb\u00e9 sur votre site o\u00f9 j\u2019ai vu que c\u2019\u00e9tait des particuliers qui nous venaient en aide et pour un co\u00fbt tr\u00e8s int\u00e9ressant !<br \/>\nJ\u2019ai de suite contact\u00e9 un \u00ab Gros Bras \u00bb\u00a0 et avec qui \u00e7a c\u2019est super bien pass\u00e9. Motiv\u00e9, souriant il a fait beaucoup plus que pr\u00e9vu et a termin\u00e9 beaucoup plus tard. Du coup en retour je lui offert une belle r\u00e9compense.<br \/>\n<strong>Quelle \u00e9tait la surface \u00e0 d\u00e9m\u00e9nager ? De combien de gros bras avais-tu estim\u00e9 avoir besoin ?<\/strong><br \/>\nJe n\u2019ai plus en t\u00eate la surface r\u00e9elle qu\u2019on a d\u00fb d\u00e9m\u00e9nager, mais \u00e7a a tout de m\u00eame rempli un camion, je dirais environ 15m3. Lit, canap\u00e9, meuble de chambre, meuble t\u00e9l\u00e9, frigo, lave-linge, micro onde et pas mal de sacs \/ cartons. Et pourtant j\u2019avais fait un sacr\u00e9 tri pour ne pas m\u2019encombrer \ud83d\ude00<br \/>\n<strong>Comment es-tu entr\u00e9 en contact avec les gros bras ?<\/strong><br \/>\nLa personne m\u2019a appel\u00e9 pour avoir les d\u00e9tails du d\u00e9m\u00e9nagement, le tarif que j\u2019en voulais.<br \/>\n<strong>Avais-tu re\u00e7u beaucoup de propositions ? Comment avais-tu choisi les gros bras et quels \u00e9taient tes crit\u00e8res de s\u00e9lection ?<\/strong><br \/>\nNon une seule proposition, mais \u00e7a ne m\u2019a pas \u00e9tonn\u00e9, j\u2019avais post\u00e9 mon annonce pour le lendemain m\u00eame\u2026 Je m\u2019y suis pris \u00e0 la derni\u00e8re minute.<br \/>\nDu coup aucun crit\u00e8re de s\u00e9lection, j\u2019ai simplement jug\u00e9 au t\u00e9l\u00e9phone, pour voir si la personne \u00e9tait sympathique.<br \/>\n<strong>On imagine que l&rsquo;exp\u00e9rience a \u00e9t\u00e9 un succ\u00e8s ?<\/strong><br \/>\nUn franc succ\u00e8s oui, de bonnes gal\u00e8res avec le monte-meuble que j\u2019ai d\u00fb prendre \u00e0 cot\u00e9 \ud83d\ude42<br \/>\n<strong>Et du coup, la suite de l\u2019histoire ? Tu t&rsquo;es dis \u00ab\u00a0pourquoi pas moi ?\u00a0\u00bb<\/strong><br \/>\nEn effet, je me suis dis que des personnes auraient surement besoin de gros bras pour effectuer leur d\u00e9m\u00e9nagement. Le co\u00fbt de la vie a bien augment\u00e9 et tout le monde ne peut pas se permettre de faire appel \u00e0 des professionnels.<br \/>\nPuis nous on garde le sourire jusqu\u2019au bout ;). \u00c7a reste aussi un moyen simple et sympa d\u2019arrondir ses fins de mois.<br \/>\n<strong>Qu&rsquo;est-ce qui te plait dans cette d\u00e9marche ?<\/strong><br \/>\nLe fait de rencontrer de nouvelles personnes, mine de rien m\u00eame si on passe notre temps \u00e0 porter des effets personnels, on trouve du temps aussi pour \u00e9changer et jusqu\u2019\u00e0 maintenant je n\u2019ai eu que des personnes sympas. C\u2019est motivant.<br \/>\n<strong>A combien de d\u00e9m\u00e9nagements as-tu d\u00e9j\u00e0 donn\u00e9 des coups de main en tant que \u00ab\u00a0gros bras\u00a0\u00bb ? Es-tu habituellement bien re\u00e7u ?<\/strong><br \/>\nMon inscription en tant que gros bras est r\u00e9cente : 3 semaines. J\u2019ai d\u00e9j\u00e0 effectu\u00e9 2 d\u00e9m\u00e9nagements qui se sont tr\u00e8s bien pass\u00e9s et j\u2019en ai d\u2019autres \u00e0 venir jusqu\u2019\u00e0 la fin Juillet. Apr\u00e8s c\u2019est vacances dans le Var \ud83d\ude42<br \/>\n<strong>Les cartons sont-ils toujours pr\u00eats ? Qu&rsquo;est-ce que l&rsquo;on attend de toi en g\u00e9n\u00e9ral ?<\/strong><br \/>\nOui toujours pr\u00eats. Je pense qu\u2019on attend de moi que je sois apte \u00e0 me d\u00e9brouiller et proposer des solutions si par exemple on rencontre un probl\u00e8me pour passer un meuble ou autre chose de compliqu\u00e9. \u00ab\u00a0Faire le bourrin\u00a0\u00bb n\u2019aide pas et au contraire&#8230; ce n\u2019est pas le but de d\u00e9t\u00e9riorer les affaires\u2026<br \/>\n<strong>Conseillerais-tu \u00e0 des amis le site mydemenageur.com (et pourquoi) ?<\/strong><br \/>\nAh oui clairement ! Car c\u2019est pour moi un moyen simple et efficace d\u2019effectuer un d\u00e9m\u00e9nagement \u00e0 moindre coup et avec le sourire \ud83d\ude09<br \/>\n<strong>Merci Vincent de t&rsquo;\u00eatre pr\u00eat\u00e9 au jeu des questions\/r\u00e9ponses et bon continuation \u00e0 toi !<\/strong><\/p>\n","protected":false},"excerpt":{"rendered":"<p>Aujourd&rsquo;hui, c&rsquo;est Vincent que nous avons interview\u00e9 pour notre rubrique \u00ab\u00a0avis\u00ab\u00a0. Ce jeune homme de 28 ans a une exp\u00e9rience<\/p>\n","protected":false},"author":11,"featured_media":21934,"comment_status":"closed","ping_status":"closed","sticky":false,"template":"","format":"standard","meta":{"_lmt_disableupdate":"","_lmt_disable":"","footnotes":""},"categories":[21],"tags":[107],"yoast_head":"<!-- This site is optimized with the Yoast SEO Premium plugin v24.2 (Yoast SEO v24.5) - https:\/\/yoast.com\/wordpress\/plugins\/seo\/ -->\n<title>T\u00e9moignage de Vincent, ex-d\u00e9m\u00e9nag\u00e9 convertit gros bras<\/title>\n<meta name=\"description\" content=\"Nous vous pr\u00e9sentons Vincent, qui a la particularit\u00e9 d&#039;avoir \u00e9t\u00e9 des 2 c\u00f4t\u00e9s de MyDemenageur, \u00e0 la fois d\u00e9m\u00e9nag\u00e9 et &quot;gros bras&quot;.\" \/>\n<meta name=\"robots\" content=\"index, follow, max-snippet:-1, max-image-preview:large, max-video-preview:-1\" \/>\n<link rel=\"canonical\" href=\"https:\/\/www.mydemenageur.com\/blog\/temoignage-de-vincent-ex-demenage-convertit-gros-bras\/\" \/>\n<meta property=\"og:locale\" content=\"fr_FR\" \/>\n<meta property=\"og:type\" content=\"article\" \/>\n<meta property=\"og:title\" content=\"T\u00e9moignage de Vincent, ex-d\u00e9m\u00e9nag\u00e9 convertit gros bras\" \/>\n<meta property=\"og:description\" content=\"Nous vous pr\u00e9sentons Vincent, qui a la particularit\u00e9 d&#039;avoir \u00e9t\u00e9 des 2 c\u00f4t\u00e9s de MyDemenageur, \u00e0 la fois d\u00e9m\u00e9nag\u00e9 et &quot;gros bras&quot;.\" \/>\n<meta property=\"og:url\" content=\"https:\/\/www.mydemenageur.com\/blog\/temoignage-de-vincent-ex-demenage-convertit-gros-bras\/\" \/>\n<meta property=\"og:site_name\" content=\"MyDemenageur\" \/>\n<meta property=\"article:publisher\" content=\"https:\/\/www.facebook.com\/mydemenageur\" \/>\n<meta property=\"article:published_time\" content=\"2015-07-22T08:55:14+00:00\" \/>\n<meta property=\"article:modified_time\" content=\"2021-08-27T07:40:05+00:00\" \/>\n<meta property=\"og:image\" content=\"https:\/\/www.mydemenageur.com\/blog\/wp-content\/uploads\/2015\/07\/temoignage-de-vincent-ex-demenage-convertit-gros-bras.jpeg\" \/>\n\t<meta property=\"og:image:width\" content=\"1000\" \/>\n\t<meta property=\"og:image:height\" content=\"666\" \/>\n\t<meta property=\"og:image:type\" content=\"image\/jpeg\" \/>\n<meta name=\"author\" content=\"Mathilde\" \/>\n<meta name=\"twitter:card\" content=\"summary_large_image\" \/>\n<meta name=\"twitter:creator\" content=\"@mydemenageur\" \/>\n<meta name=\"twitter:site\" content=\"@mydemenageur\" \/>\n<meta name=\"twitter:label1\" content=\"\u00c9crit par\" \/>\n\t<meta name=\"twitter:data1\" content=\"Mathilde\" \/>\n\t<meta name=\"twitter:label2\" content=\"Dur\u00e9e de lecture estim\u00e9e\" \/>\n\t<meta name=\"twitter:data2\" content=\"4 minutes\" \/>\n<script type=\"application\/ld+json\" class=\"yoast-schema-graph\">{\"@context\":\"https:\/\/schema.org\",\"@graph\":[{\"@type\":\"Article\",\"@id\":\"https:\/\/www.mydemenageur.com\/blog\/temoignage-de-vincent-ex-demenage-convertit-gros-bras\/#article\",\"isPartOf\":{\"@id\":\"https:\/\/www.mydemenageur.com\/blog\/temoignage-de-vincent-ex-demenage-convertit-gros-bras\/\"},\"author\":{\"name\":\"Mathilde\",\"@id\":\"https:\/\/www.mydemenageur.com\/blog\/#\/schema\/person\/4540dc333c2e7dc790f0f7bcd5b99569\"},\"headline\":\"T\u00e9moignage de Vincent, ex-d\u00e9m\u00e9nag\u00e9 convertit gros bras\",\"datePublished\":\"2015-07-22T08:55:14+00:00\",\"dateModified\":\"2021-08-27T07:40:05+00:00\",\"mainEntityOfPage\":{\"@id\":\"https:\/\/www.mydemenageur.com\/blog\/temoignage-de-vincent-ex-demenage-convertit-gros-bras\/\"},\"wordCount\":858,\"publisher\":{\"@id\":\"https:\/\/www.mydemenageur.com\/blog\/#organization\"},\"image\":{\"@id\":\"https:\/\/www.mydemenageur.com\/blog\/temoignage-de-vincent-ex-demenage-convertit-gros-bras\/#primaryimage\"},\"thumbnailUrl\":\"https:\/\/www.mydemenageur.com\/blog\/wp-content\/uploads\/2015\/07\/temoignage-de-vincent-ex-demenage-convertit-gros-bras.jpeg\",\"keywords\":[\"Avis\"],\"articleSection\":[\"MyDemenageur\"],\"inLanguage\":\"fr-FR\"},{\"@type\":\"WebPage\",\"@id\":\"https:\/\/www.mydemenageur.com\/blog\/temoignage-de-vincent-ex-demenage-convertit-gros-bras\/\",\"url\":\"https:\/\/www.mydemenageur.com\/blog\/temoignage-de-vincent-ex-demenage-convertit-gros-bras\/\",\"name\":\"T\u00e9moignage de Vincent, ex-d\u00e9m\u00e9nag\u00e9 convertit gros bras\",\"isPartOf\":{\"@id\":\"https:\/\/www.mydemenageur.com\/blog\/#website\"},\"primaryImageOfPage\":{\"@id\":\"https:\/\/www.mydemenageur.com\/blog\/temoignage-de-vincent-ex-demenage-convertit-gros-bras\/#primaryimage\"},\"image\":{\"@id\":\"https:\/\/www.mydemenageur.com\/blog\/temoignage-de-vincent-ex-demenage-convertit-gros-bras\/#primaryimage\"},\"thumbnailUrl\":\"https:\/\/www.mydemenageur.com\/blog\/wp-content\/uploads\/2015\/07\/temoignage-de-vincent-ex-demenage-convertit-gros-bras.jpeg\",\"datePublished\":\"2015-07-22T08:55:14+00:00\",\"dateModified\":\"2021-08-27T07:40:05+00:00\",\"description\":\"Nous vous pr\u00e9sentons Vincent, qui a la particularit\u00e9 d'avoir \u00e9t\u00e9 des 2 c\u00f4t\u00e9s de MyDemenageur, \u00e0 la fois d\u00e9m\u00e9nag\u00e9 et \\\"gros bras\\\".\",\"breadcrumb\":{\"@id\":\"https:\/\/www.mydemenageur.com\/blog\/temoignage-de-vincent-ex-demenage-convertit-gros-bras\/#breadcrumb\"},\"inLanguage\":\"fr-FR\",\"potentialAction\":[{\"@type\":\"ReadAction\",\"target\":[\"https:\/\/www.mydemenageur.com\/blog\/temoignage-de-vincent-ex-demenage-convertit-gros-bras\/\"]}]},{\"@type\":\"ImageObject\",\"inLanguage\":\"fr-FR\",\"@id\":\"https:\/\/www.mydemenageur.com\/blog\/temoignage-de-vincent-ex-demenage-convertit-gros-bras\/#primaryimage\",\"url\":\"https:\/\/www.mydemenageur.com\/blog\/wp-content\/uploads\/2015\/07\/temoignage-de-vincent-ex-demenage-convertit-gros-bras.jpeg\",\"contentUrl\":\"https:\/\/www.mydemenageur.com\/blog\/wp-content\/uploads\/2015\/07\/temoignage-de-vincent-ex-demenage-convertit-gros-bras.jpeg\",\"width\":1000,\"height\":666,\"caption\":\"T\u00e9moignage de Vincent, ex-d\u00e9m\u00e9nag\u00e9 convertit gros bras\"},{\"@type\":\"BreadcrumbList\",\"@id\":\"https:\/\/www.mydemenageur.com\/blog\/temoignage-de-vincent-ex-demenage-convertit-gros-bras\/#breadcrumb\",\"itemListElement\":[{\"@type\":\"ListItem\",\"position\":1,\"name\":\"Accueil\",\"item\":\"https:\/\/www.mydemenageur.com\/blog\/\"},{\"@type\":\"ListItem\",\"position\":2,\"name\":\"MyDemenageur\",\"item\":\"https:\/\/www.mydemenageur.com\/blog\/categorie\/demenagement\/\"},{\"@type\":\"ListItem\",\"position\":3,\"name\":\"T\u00e9moignage de Vincent, ex-d\u00e9m\u00e9nag\u00e9 convertit gros bras\"}]},{\"@type\":\"WebSite\",\"@id\":\"https:\/\/www.mydemenageur.com\/blog\/#website\",\"url\":\"https:\/\/www.mydemenageur.com\/blog\/\",\"name\":\"MyDemenageur\",\"description\":\"Conseils d\u00e9m\u00e9ngement entre particuliers et d\u00e9m\u00e9nagement professionnel\",\"publisher\":{\"@id\":\"https:\/\/www.mydemenageur.com\/blog\/#organization\"},\"potentialAction\":[{\"@type\":\"SearchAction\",\"target\":{\"@type\":\"EntryPoint\",\"urlTemplate\":\"https:\/\/www.mydemenageur.com\/blog\/?s={search_term_string}\"},\"query-input\":{\"@type\":\"PropertyValueSpecification\",\"valueRequired\":true,\"valueName\":\"search_term_string\"}}],\"inLanguage\":\"fr-FR\"},{\"@type\":\"Organization\",\"@id\":\"https:\/\/www.mydemenageur.com\/blog\/#organization\",\"name\":\"MyDemenageur.com\",\"url\":\"https:\/\/www.mydemenageur.com\/blog\/\",\"logo\":{\"@type\":\"ImageObject\",\"inLanguage\":\"fr-FR\",\"@id\":\"https:\/\/www.mydemenageur.com\/blog\/#\/schema\/logo\/image\/\",\"url\":\"https:\/\/www.mydemenageur.com\/blog\/wp-content\/uploads\/2022\/05\/MyDemenageur_Symbol.jpg\",\"contentUrl\":\"https:\/\/www.mydemenageur.com\/blog\/wp-content\/uploads\/2022\/05\/MyDemenageur_Symbol.jpg\",\"width\":878,\"height\":877,\"caption\":\"MyDemenageur.com\"},\"image\":{\"@id\":\"https:\/\/www.mydemenageur.com\/blog\/#\/schema\/logo\/image\/\"},\"sameAs\":[\"https:\/\/www.facebook.com\/mydemenageur\",\"https:\/\/x.com\/mydemenageur\",\"https:\/\/www.pinterest.fr\/mydemenageur\/\"]},{\"@type\":\"Person\",\"@id\":\"https:\/\/www.mydemenageur.com\/blog\/#\/schema\/person\/4540dc333c2e7dc790f0f7bcd5b99569\",\"name\":\"Mathilde\",\"image\":{\"@type\":\"ImageObject\",\"inLanguage\":\"fr-FR\",\"@id\":\"https:\/\/www.mydemenageur.com\/blog\/#\/schema\/person\/image\/\",\"url\":\"https:\/\/secure.gravatar.com\/avatar\/abde069f6f70261ee6ecea93e0437d77?s=96&#038;r=g\",\"contentUrl\":\"https:\/\/secure.gravatar.com\/avatar\/abde069f6f70261ee6ecea93e0437d77?s=96&#038;r=g\",\"caption\":\"Mathilde\"},\"description\":\"L'harmonie des couleurs et des objets m'a toujours fascin\u00e9e, transformant chaque pi\u00e8ce en un lieu unique et agr\u00e9able \u00e0 vivre. Sur MyDemenageur, vous trouverez non seulement des inspirations personnelles, mais aussi des informations r\u00e9centes sur le monde de la d\u00e9coration, les projets de maison, le d\u00e9m\u00e9nagement et les travaux.\",\"url\":\"https:\/\/www.mydemenageur.com\/blog\/author\/mathilde\/\"}]}<\/script>\n<!-- \/ Yoast SEO Premium plugin. -->","yoast_head_json":{"title":"T\u00e9moignage de Vincent, ex-d\u00e9m\u00e9nag\u00e9 convertit gros bras","description":"Nous vous pr\u00e9sentons Vincent, qui a la particularit\u00e9 d'avoir \u00e9t\u00e9 des 2 c\u00f4t\u00e9s de MyDemenageur, \u00e0 la fois d\u00e9m\u00e9nag\u00e9 et \"gros bras\".","robots":{"index":"index","follow":"follow","max-snippet":"max-snippet:-1","max-image-preview":"max-image-preview:large","max-video-preview":"max-video-preview:-1"},"canonical":"https:\/\/www.mydemenageur.com\/blog\/temoignage-de-vincent-ex-demenage-convertit-gros-bras\/","og_locale":"fr_FR","og_type":"article","og_title":"T\u00e9moignage de Vincent, ex-d\u00e9m\u00e9nag\u00e9 convertit gros bras","og_description":"Nous vous pr\u00e9sentons Vincent, qui a la particularit\u00e9 d'avoir \u00e9t\u00e9 des 2 c\u00f4t\u00e9s de MyDemenageur, \u00e0 la fois d\u00e9m\u00e9nag\u00e9 et \"gros bras\".","og_url":"https:\/\/www.mydemenageur.com\/blog\/temoignage-de-vincent-ex-demenage-convertit-gros-bras\/","og_site_name":"MyDemenageur","article_publisher":"https:\/\/www.facebook.com\/mydemenageur","article_published_time":"2015-07-22T08:55:14+00:00","article_modified_time":"2021-08-27T07:40:05+00:00","og_image":[{"width":1000,"height":666,"url":"https:\/\/www.mydemenageur.com\/blog\/wp-content\/uploads\/2015\/07\/temoignage-de-vincent-ex-demenage-convertit-gros-bras.jpeg","type":"image\/jpeg"}],"author":"Mathilde","twitter_card":"summary_large_image","twitter_creator":"@mydemenageur","twitter_site":"@mydemenageur","twitter_misc":{"\u00c9crit par":"Mathilde","Dur\u00e9e de lecture estim\u00e9e":"4 minutes"},"schema":{"@context":"https:\/\/schema.org","@graph":[{"@type":"Article","@id":"https:\/\/www.mydemenageur.com\/blog\/temoignage-de-vincent-ex-demenage-convertit-gros-bras\/#article","isPartOf":{"@id":"https:\/\/www.mydemenageur.com\/blog\/temoignage-de-vincent-ex-demenage-convertit-gros-bras\/"},"author":{"name":"Mathilde","@id":"https:\/\/www.mydemenageur.com\/blog\/#\/schema\/person\/4540dc333c2e7dc790f0f7bcd5b99569"},"headline":"T\u00e9moignage de Vincent, ex-d\u00e9m\u00e9nag\u00e9 convertit gros bras","datePublished":"2015-07-22T08:55:14+00:00","dateModified":"2021-08-27T07:40:05+00:00","mainEntityOfPage":{"@id":"https:\/\/www.mydemenageur.com\/blog\/temoignage-de-vincent-ex-demenage-convertit-gros-bras\/"},"wordCount":858,"publisher":{"@id":"https:\/\/www.mydemenageur.com\/blog\/#organization"},"image":{"@id":"https:\/\/www.mydemenageur.com\/blog\/temoignage-de-vincent-ex-demenage-convertit-gros-bras\/#primaryimage"},"thumbnailUrl":"https:\/\/www.mydemenageur.com\/blog\/wp-content\/uploads\/2015\/07\/temoignage-de-vincent-ex-demenage-convertit-gros-bras.jpeg","keywords":["Avis"],"articleSection":["MyDemenageur"],"inLanguage":"fr-FR"},{"@type":"WebPage","@id":"https:\/\/www.mydemenageur.com\/blog\/temoignage-de-vincent-ex-demenage-convertit-gros-bras\/","url":"https:\/\/www.mydemenageur.com\/blog\/temoignage-de-vincent-ex-demenage-convertit-gros-bras\/","name":"T\u00e9moignage de Vincent, ex-d\u00e9m\u00e9nag\u00e9 convertit gros bras","isPartOf":{"@id":"https:\/\/www.mydemenageur.com\/blog\/#website"},"primaryImageOfPage":{"@id":"https:\/\/www.mydemenageur.com\/blog\/temoignage-de-vincent-ex-demenage-convertit-gros-bras\/#primaryimage"},"image":{"@id":"https:\/\/www.mydemenageur.com\/blog\/temoignage-de-vincent-ex-demenage-convertit-gros-bras\/#primaryimage"},"thumbnailUrl":"https:\/\/www.mydemenageur.com\/blog\/wp-content\/uploads\/2015\/07\/temoignage-de-vincent-ex-demenage-convertit-gros-bras.jpeg","datePublished":"2015-07-22T08:55:14+00:00","dateModified":"2021-08-27T07:40:05+00:00","description":"Nous vous pr\u00e9sentons Vincent, qui a la particularit\u00e9 d'avoir \u00e9t\u00e9 des 2 c\u00f4t\u00e9s de MyDemenageur, \u00e0 la fois d\u00e9m\u00e9nag\u00e9 et \"gros bras\".","breadcrumb":{"@id":"https:\/\/www.mydemenageur.com\/blog\/temoignage-de-vincent-ex-demenage-convertit-gros-bras\/#breadcrumb"},"inLanguage":"fr-FR","potentialAction":[{"@type":"ReadAction","target":["https:\/\/www.mydemenageur.com\/blog\/temoignage-de-vincent-ex-demenage-convertit-gros-bras\/"]}]},{"@type":"ImageObject","inLanguage":"fr-FR","@id":"https:\/\/www.mydemenageur.com\/blog\/temoignage-de-vincent-ex-demenage-convertit-gros-bras\/#primaryimage","url":"https:\/\/www.mydemenageur.com\/blog\/wp-content\/uploads\/2015\/07\/temoignage-de-vincent-ex-demenage-convertit-gros-bras.jpeg","contentUrl":"https:\/\/www.mydemenageur.com\/blog\/wp-content\/uploads\/2015\/07\/temoignage-de-vincent-ex-demenage-convertit-gros-bras.jpeg","width":1000,"height":666,"caption":"T\u00e9moignage de Vincent, ex-d\u00e9m\u00e9nag\u00e9 convertit gros bras"},{"@type":"BreadcrumbList","@id":"https:\/\/www.mydemenageur.com\/blog\/temoignage-de-vincent-ex-demenage-convertit-gros-bras\/#breadcrumb","itemListElement":[{"@type":"ListItem","position":1,"name":"Accueil","item":"https:\/\/www.mydemenageur.com\/blog\/"},{"@type":"ListItem","position":2,"name":"MyDemenageur","item":"https:\/\/www.mydemenageur.com\/blog\/categorie\/demenagement\/"},{"@type":"ListItem","position":3,"name":"T\u00e9moignage de Vincent, ex-d\u00e9m\u00e9nag\u00e9 convertit gros bras"}]},{"@type":"WebSite","@id":"https:\/\/www.mydemenageur.com\/blog\/#website","url":"https:\/\/www.mydemenageur.com\/blog\/","name":"MyDemenageur","description":"Conseils d\u00e9m\u00e9ngement entre particuliers et d\u00e9m\u00e9nagement professionnel","publisher":{"@id":"https:\/\/www.mydemenageur.com\/blog\/#organization"},"potentialAction":[{"@type":"SearchAction","target":{"@type":"EntryPoint","urlTemplate":"https:\/\/www.mydemenageur.com\/blog\/?s={search_term_string}"},"query-input":{"@type":"PropertyValueSpecification","valueRequired":true,"valueName":"search_term_string"}}],"inLanguage":"fr-FR"},{"@type":"Organization","@id":"https:\/\/www.mydemenageur.com\/blog\/#organization","name":"MyDemenageur.com","url":"https:\/\/www.mydemenageur.com\/blog\/","logo":{"@type":"ImageObject","inLanguage":"fr-FR","@id":"https:\/\/www.mydemenageur.com\/blog\/#\/schema\/logo\/image\/","url":"https:\/\/www.mydemenageur.com\/blog\/wp-content\/uploads\/2022\/05\/MyDemenageur_Symbol.jpg","contentUrl":"https:\/\/www.mydemenageur.com\/blog\/wp-content\/uploads\/2022\/05\/MyDemenageur_Symbol.jpg","width":878,"height":877,"caption":"MyDemenageur.com"},"image":{"@id":"https:\/\/www.mydemenageur.com\/blog\/#\/schema\/logo\/image\/"},"sameAs":["https:\/\/www.facebook.com\/mydemenageur","https:\/\/x.com\/mydemenageur","https:\/\/www.pinterest.fr\/mydemenageur\/"]},{"@type":"Person","@id":"https:\/\/www.mydemenageur.com\/blog\/#\/schema\/person\/4540dc333c2e7dc790f0f7bcd5b99569","name":"Mathilde","image":{"@type":"ImageObject","inLanguage":"fr-FR","@id":"https:\/\/www.mydemenageur.com\/blog\/#\/schema\/person\/image\/","url":"https:\/\/secure.gravatar.com\/avatar\/abde069f6f70261ee6ecea93e0437d77?s=96&#038;r=g","contentUrl":"https:\/\/secure.gravatar.com\/avatar\/abde069f6f70261ee6ecea93e0437d77?s=96&#038;r=g","caption":"Mathilde"},"description":"L'harmonie des couleurs et des objets m'a toujours fascin\u00e9e, transformant chaque pi\u00e8ce en un lieu unique et agr\u00e9able \u00e0 vivre. Sur MyDemenageur, vous trouverez non seulement des inspirations personnelles, mais aussi des informations r\u00e9centes sur le monde de la d\u00e9coration, les projets de maison, le d\u00e9m\u00e9nagement et les travaux.","url":"https:\/\/www.mydemenageur.com\/blog\/author\/mathilde\/"}]}},"modified_by":"fabien","_links":{"self":[{"href":"https:\/\/www.mydemenageur.com\/blog\/wp-json\/wp\/v2\/posts\/410"}],"collection":[{"href":"https:\/\/www.mydemenageur.com\/blog\/wp-json\/wp\/v2\/posts"}],"about":[{"href":"https:\/\/www.mydemenageur.com\/blog\/wp-json\/wp\/v2\/types\/post"}],"author":[{"embeddable":true,"href":"https:\/\/www.mydemenageur.com\/blog\/wp-json\/wp\/v2\/users\/11"}],"replies":[{"embeddable":true,"href":"https:\/\/www.mydemenageur.com\/blog\/wp-json\/wp\/v2\/comments?post=410"}],"version-history":[{"count":0,"href":"https:\/\/www.mydemenageur.com\/blog\/wp-json\/wp\/v2\/posts\/410\/revisions"}],"wp:featuredmedia":[{"embeddable":true,"href":"https:\/\/www.mydemenageur.com\/blog\/wp-json\/wp\/v2\/media\/21934"}],"wp:attachment":[{"href":"https:\/\/www.mydemenageur.com\/blog\/wp-json\/wp\/v2\/media?parent=410"}],"wp:term":[{"taxonomy":"category","embeddable":true,"href":"https:\/\/www.mydemenageur.com\/blog\/wp-json\/wp\/v2\/categories?post=410"},{"taxonomy":"post_tag","embeddable":true,"href":"https:\/\/www.mydemenageur.com\/blog\/wp-json\/wp\/v2\/tags?post=410"}],"curies":[{"name":"wp","href":"https:\/\/api.w.org\/{rel}","templated":true}]}}