{"id":459,"date":"2016-01-12T13:47:13","date_gmt":"2016-01-12T13:47:13","guid":{"rendered":"http:\/\/www.mydemenageur.com\/blog\/?p=459"},"modified":"2021-08-27T07:40:05","modified_gmt":"2021-08-27T07:40:05","slug":"temoignage-de-marion-et-cedric-ayant-fait-appel-aux-services-de-gros-bras","status":"publish","type":"post","link":"https:\/\/www.mydemenageur.com\/blog\/temoignage-de-marion-et-cedric-ayant-fait-appel-aux-services-de-gros-bras\/","title":{"rendered":"T\u00e9moignage de Marion et  C\u00e9dric ayant fait appel aux services de gros bras"},"content":{"rendered":"<p>Marion et C\u00e9dric ont d\u00e9m\u00e9nag\u00e9 mi-d\u00e9cembre \u00e0 Paris avec l&rsquo;aide de gros bras MyDemenageur. Nous les avons interview\u00e9 pour avoir leur <a href=\"\/blog\/services\/\">avis sur MyDemenageur<\/a> comment c&rsquo;\u00e9tait d\u00e9roul\u00e9 leur d\u00e9m\u00e9nagement.<\/p>\n<p><img decoding=\"async\" class=\"size-full wp-image-461 alignleft\" src=\"\/\/www.mydemenageur.com\/blog\/wp-content\/uploads\/2016\/01\/cedricetmarion120.jpg\" alt=\"cedric et marion d\u00e9m\u00e9nagent\" width=\"120\" height=\"91\" \/><strong>MyDemenageur : Bonjour Marion et C\u00e9dric, comment avez-vous eu l&rsquo;id\u00e9e de faire appel \u00e0 des gros bras MyDemenageur pour votre d\u00e9m\u00e9nagement ?<\/strong><br \/>\nM &amp; C : Nous cherchions \u00e0 limiter notre budget d\u00e9m\u00e9nagement. Des amis nous ont parl\u00e9 du concept et apr\u00e8s une rapide prise de connaissance du site, nous nous sommes inscrits.<br \/>\n<strong>Parlez-nous de votre d\u00e9m\u00e9nagement. Quelle \u00e9tait la surface \u00e0 d\u00e9m\u00e9nager ? De combien de gros bras aviez-vous estim\u00e9 avoir besoin ? Pour quels types de services ?<\/strong><br \/>\nNous avions environ 50m\u00b2 \u00e0 d\u00e9m\u00e9nager. Une cinquantaine de cartons et quelques meubles. Rien de bien lourd, le frigo et le lave-linge avaient \u00e9t\u00e9 vendus et enlev\u00e9s la veille. Le plus dur \u00e9tait le nombre d\u2019\u00e9tages. Nous quittions un 6\u00e8me \u00e9tage sans ascenseur. Nous voulions \u00eatre au moins 5 pour d\u00e9m\u00e9nager. Nous avons donc fait appel \u00e0 4 Gros Bras pour mettre tous nos cartons et meubles dans le camion, et les remonter dans notre nouvel appartement.<br \/>\n<strong>Pouvez-vous nous dire comment vous \u00eates entr\u00e9 en contact avec les gros bras ?<\/strong><br \/>\nTr\u00e8s simplement, nous avons mis une annonce sur le site. Nous avons eu \u00e9norm\u00e9ment de retours. Nous avons donc choisi les Gros Bras dont le profil nous correspondaient le plus.<br \/>\n<strong>Avez-vous re\u00e7u beaucoup de propositions ? Comment avez-vous choisi les gros bras et quels ont \u00e9t\u00e9 vos crit\u00e8res de s\u00e9lection ?<\/strong><br \/>\nNous avons re\u00e7u beaucoup de propositions. Nous avons choisi le profil d\u2019un \u00e9tudiant et de deux de ses amis, et un autre profil d\u2019une personne qui avait de tr\u00e8s bons commentaires. Notre attention s\u2019est port\u00e9e sur les commentaires, et le nombre de commentaires. Nous avons aussi re\u00e7u plusieurs devis astronomiques.<br \/>\n<strong>Le jour J s\u2019est-il bien d\u00e9roul\u00e9 ? \u00cates-vous satisfaits du coup de main fourni et de l\u2019\u00e9tat d\u2019esprit des gros bras ?<\/strong><br \/>\nTout s\u2019est tr\u00e8s bien pass\u00e9. Nos Gros Bras ont \u00e9t\u00e9 ponctuels et ultra efficaces, le tout dans une tr\u00e8s bonne ambiance.<br \/>\n<strong>Globalement l\u2019exp\u00e9rience est-elle positive ? \u00cates-vous normalement habitu\u00e9s de ces pratiques de consommation collaborative ?<\/strong><br \/>\nGlobalement l\u2019exp\u00e9rience est plus que positive. Nous pratiquons beaucoup \u00ab l\u2019\u00e9conomie collaborative \u00bb, notamment pour le covoiturage.<br \/>\n<strong>Derni\u00e8re question, seriez-vous pr\u00eat \u00e0 devenir \u00e0 votre tour \u00ab gros bras \u00bb sur le site et \u00e0 donner un coup de main occasionnel \u00e0 de nouveaux voisins ?<\/strong><br \/>\n\u00c9videment, cela permet de rencontrer ses voisins !<br \/>\n<strong>Marion et C\u00e9dric, merci beaucoup d\u2019avoir r\u00e9pondu \u00e0 nos questions.<\/strong><\/p>\n","protected":false},"excerpt":{"rendered":"<p>Marion et C\u00e9dric ont d\u00e9m\u00e9nag\u00e9 mi-d\u00e9cembre \u00e0 Paris avec l&rsquo;aide de gros bras MyDemenageur. Nous les avons interview\u00e9 pour avoir<\/p>\n","protected":false},"author":11,"featured_media":21855,"comment_status":"closed","ping_status":"closed","sticky":false,"template":"","format":"standard","meta":{"_lmt_disableupdate":"","_lmt_disable":"","footnotes":""},"categories":[21],"tags":[107],"yoast_head":"<!-- This site is optimized with the Yoast SEO Premium plugin v24.2 (Yoast SEO v24.5) - https:\/\/yoast.com\/wordpress\/plugins\/seo\/ -->\n<title>T\u00e9moignage de Marion et C\u00e9dric ayant fait appel aux services de gros bras<\/title>\n<meta name=\"description\" content=\"Voici le temoignage de Marion et C\u00e9dric, le d\u00e9m\u00e9nagement participatif une solution de d\u00e9m\u00e9nagement pas cher\" \/>\n<meta name=\"robots\" content=\"index, follow, max-snippet:-1, max-image-preview:large, max-video-preview:-1\" \/>\n<link rel=\"canonical\" href=\"https:\/\/www.mydemenageur.com\/blog\/temoignage-de-marion-et-cedric-ayant-fait-appel-aux-services-de-gros-bras\/\" \/>\n<meta property=\"og:locale\" content=\"fr_FR\" \/>\n<meta property=\"og:type\" content=\"article\" \/>\n<meta property=\"og:title\" content=\"T\u00e9moignage de Marion et C\u00e9dric ayant fait appel aux services de gros bras\" \/>\n<meta property=\"og:description\" content=\"Voici le temoignage de Marion et C\u00e9dric, le d\u00e9m\u00e9nagement participatif une solution de d\u00e9m\u00e9nagement pas cher\" \/>\n<meta property=\"og:url\" content=\"https:\/\/www.mydemenageur.com\/blog\/temoignage-de-marion-et-cedric-ayant-fait-appel-aux-services-de-gros-bras\/\" \/>\n<meta property=\"og:site_name\" content=\"MyDemenageur\" \/>\n<meta property=\"article:publisher\" content=\"https:\/\/www.facebook.com\/mydemenageur\" \/>\n<meta property=\"article:published_time\" content=\"2016-01-12T13:47:13+00:00\" \/>\n<meta property=\"article:modified_time\" content=\"2021-08-27T07:40:05+00:00\" \/>\n<meta property=\"og:image\" content=\"https:\/\/www.mydemenageur.com\/blog\/wp-content\/uploads\/2016\/01\/temoignage-de-marion-et-cedric-ayant-fait-appel-aux-services-de-gros-bras.jpeg\" \/>\n\t<meta property=\"og:image:width\" content=\"1000\" \/>\n\t<meta property=\"og:image:height\" content=\"666\" \/>\n\t<meta property=\"og:image:type\" content=\"image\/jpeg\" \/>\n<meta name=\"author\" content=\"Mathilde\" \/>\n<meta name=\"twitter:card\" content=\"summary_large_image\" \/>\n<meta name=\"twitter:creator\" content=\"@mydemenageur\" \/>\n<meta name=\"twitter:site\" content=\"@mydemenageur\" \/>\n<meta name=\"twitter:label1\" content=\"\u00c9crit par\" \/>\n\t<meta name=\"twitter:data1\" content=\"Mathilde\" \/>\n\t<meta name=\"twitter:label2\" content=\"Dur\u00e9e de lecture estim\u00e9e\" \/>\n\t<meta name=\"twitter:data2\" content=\"2 minutes\" \/>\n<script type=\"application\/ld+json\" class=\"yoast-schema-graph\">{\"@context\":\"https:\/\/schema.org\",\"@graph\":[{\"@type\":\"Article\",\"@id\":\"https:\/\/www.mydemenageur.com\/blog\/temoignage-de-marion-et-cedric-ayant-fait-appel-aux-services-de-gros-bras\/#article\",\"isPartOf\":{\"@id\":\"https:\/\/www.mydemenageur.com\/blog\/temoignage-de-marion-et-cedric-ayant-fait-appel-aux-services-de-gros-bras\/\"},\"author\":{\"name\":\"Mathilde\",\"@id\":\"https:\/\/www.mydemenageur.com\/blog\/#\/schema\/person\/4540dc333c2e7dc790f0f7bcd5b99569\"},\"headline\":\"T\u00e9moignage de Marion et C\u00e9dric ayant fait appel aux services de gros bras\",\"datePublished\":\"2016-01-12T13:47:13+00:00\",\"dateModified\":\"2021-08-27T07:40:05+00:00\",\"mainEntityOfPage\":{\"@id\":\"https:\/\/www.mydemenageur.com\/blog\/temoignage-de-marion-et-cedric-ayant-fait-appel-aux-services-de-gros-bras\/\"},\"wordCount\":463,\"publisher\":{\"@id\":\"https:\/\/www.mydemenageur.com\/blog\/#organization\"},\"image\":{\"@id\":\"https:\/\/www.mydemenageur.com\/blog\/temoignage-de-marion-et-cedric-ayant-fait-appel-aux-services-de-gros-bras\/#primaryimage\"},\"thumbnailUrl\":\"https:\/\/www.mydemenageur.com\/blog\/wp-content\/uploads\/2016\/01\/temoignage-de-marion-et-cedric-ayant-fait-appel-aux-services-de-gros-bras.jpeg\",\"keywords\":[\"Avis\"],\"articleSection\":[\"MyDemenageur\"],\"inLanguage\":\"fr-FR\"},{\"@type\":\"WebPage\",\"@id\":\"https:\/\/www.mydemenageur.com\/blog\/temoignage-de-marion-et-cedric-ayant-fait-appel-aux-services-de-gros-bras\/\",\"url\":\"https:\/\/www.mydemenageur.com\/blog\/temoignage-de-marion-et-cedric-ayant-fait-appel-aux-services-de-gros-bras\/\",\"name\":\"T\u00e9moignage de Marion et C\u00e9dric ayant fait appel aux services de gros bras\",\"isPartOf\":{\"@id\":\"https:\/\/www.mydemenageur.com\/blog\/#website\"},\"primaryImageOfPage\":{\"@id\":\"https:\/\/www.mydemenageur.com\/blog\/temoignage-de-marion-et-cedric-ayant-fait-appel-aux-services-de-gros-bras\/#primaryimage\"},\"image\":{\"@id\":\"https:\/\/www.mydemenageur.com\/blog\/temoignage-de-marion-et-cedric-ayant-fait-appel-aux-services-de-gros-bras\/#primaryimage\"},\"thumbnailUrl\":\"https:\/\/www.mydemenageur.com\/blog\/wp-content\/uploads\/2016\/01\/temoignage-de-marion-et-cedric-ayant-fait-appel-aux-services-de-gros-bras.jpeg\",\"datePublished\":\"2016-01-12T13:47:13+00:00\",\"dateModified\":\"2021-08-27T07:40:05+00:00\",\"description\":\"Voici le temoignage de Marion et C\u00e9dric, le d\u00e9m\u00e9nagement participatif une solution de d\u00e9m\u00e9nagement pas cher\",\"breadcrumb\":{\"@id\":\"https:\/\/www.mydemenageur.com\/blog\/temoignage-de-marion-et-cedric-ayant-fait-appel-aux-services-de-gros-bras\/#breadcrumb\"},\"inLanguage\":\"fr-FR\",\"potentialAction\":[{\"@type\":\"ReadAction\",\"target\":[\"https:\/\/www.mydemenageur.com\/blog\/temoignage-de-marion-et-cedric-ayant-fait-appel-aux-services-de-gros-bras\/\"]}]},{\"@type\":\"ImageObject\",\"inLanguage\":\"fr-FR\",\"@id\":\"https:\/\/www.mydemenageur.com\/blog\/temoignage-de-marion-et-cedric-ayant-fait-appel-aux-services-de-gros-bras\/#primaryimage\",\"url\":\"https:\/\/www.mydemenageur.com\/blog\/wp-content\/uploads\/2016\/01\/temoignage-de-marion-et-cedric-ayant-fait-appel-aux-services-de-gros-bras.jpeg\",\"contentUrl\":\"https:\/\/www.mydemenageur.com\/blog\/wp-content\/uploads\/2016\/01\/temoignage-de-marion-et-cedric-ayant-fait-appel-aux-services-de-gros-bras.jpeg\",\"width\":1000,\"height\":666,\"caption\":\"T\u00e9moignage de Marion et C\u00e9dric ayant fait appel aux services de gros bras\"},{\"@type\":\"BreadcrumbList\",\"@id\":\"https:\/\/www.mydemenageur.com\/blog\/temoignage-de-marion-et-cedric-ayant-fait-appel-aux-services-de-gros-bras\/#breadcrumb\",\"itemListElement\":[{\"@type\":\"ListItem\",\"position\":1,\"name\":\"Accueil\",\"item\":\"https:\/\/www.mydemenageur.com\/blog\/\"},{\"@type\":\"ListItem\",\"position\":2,\"name\":\"MyDemenageur\",\"item\":\"https:\/\/www.mydemenageur.com\/blog\/categorie\/demenagement\/\"},{\"@type\":\"ListItem\",\"position\":3,\"name\":\"T\u00e9moignage de Marion et C\u00e9dric ayant fait appel aux services de gros bras\"}]},{\"@type\":\"WebSite\",\"@id\":\"https:\/\/www.mydemenageur.com\/blog\/#website\",\"url\":\"https:\/\/www.mydemenageur.com\/blog\/\",\"name\":\"MyDemenageur\",\"description\":\"Conseils d\u00e9m\u00e9ngement entre particuliers et d\u00e9m\u00e9nagement professionnel\",\"publisher\":{\"@id\":\"https:\/\/www.mydemenageur.com\/blog\/#organization\"},\"potentialAction\":[{\"@type\":\"SearchAction\",\"target\":{\"@type\":\"EntryPoint\",\"urlTemplate\":\"https:\/\/www.mydemenageur.com\/blog\/?s={search_term_string}\"},\"query-input\":{\"@type\":\"PropertyValueSpecification\",\"valueRequired\":true,\"valueName\":\"search_term_string\"}}],\"inLanguage\":\"fr-FR\"},{\"@type\":\"Organization\",\"@id\":\"https:\/\/www.mydemenageur.com\/blog\/#organization\",\"name\":\"MyDemenageur.com\",\"url\":\"https:\/\/www.mydemenageur.com\/blog\/\",\"logo\":{\"@type\":\"ImageObject\",\"inLanguage\":\"fr-FR\",\"@id\":\"https:\/\/www.mydemenageur.com\/blog\/#\/schema\/logo\/image\/\",\"url\":\"https:\/\/www.mydemenageur.com\/blog\/wp-content\/uploads\/2022\/05\/MyDemenageur_Symbol.jpg\",\"contentUrl\":\"https:\/\/www.mydemenageur.com\/blog\/wp-content\/uploads\/2022\/05\/MyDemenageur_Symbol.jpg\",\"width\":878,\"height\":877,\"caption\":\"MyDemenageur.com\"},\"image\":{\"@id\":\"https:\/\/www.mydemenageur.com\/blog\/#\/schema\/logo\/image\/\"},\"sameAs\":[\"https:\/\/www.facebook.com\/mydemenageur\",\"https:\/\/x.com\/mydemenageur\",\"https:\/\/www.pinterest.fr\/mydemenageur\/\"]},{\"@type\":\"Person\",\"@id\":\"https:\/\/www.mydemenageur.com\/blog\/#\/schema\/person\/4540dc333c2e7dc790f0f7bcd5b99569\",\"name\":\"Mathilde\",\"image\":{\"@type\":\"ImageObject\",\"inLanguage\":\"fr-FR\",\"@id\":\"https:\/\/www.mydemenageur.com\/blog\/#\/schema\/person\/image\/\",\"url\":\"https:\/\/secure.gravatar.com\/avatar\/abde069f6f70261ee6ecea93e0437d77?s=96&#038;r=g\",\"contentUrl\":\"https:\/\/secure.gravatar.com\/avatar\/abde069f6f70261ee6ecea93e0437d77?s=96&#038;r=g\",\"caption\":\"Mathilde\"},\"description\":\"L'harmonie des couleurs et des objets m'a toujours fascin\u00e9e, transformant chaque pi\u00e8ce en un lieu unique et agr\u00e9able \u00e0 vivre. Sur MyDemenageur, vous trouverez non seulement des inspirations personnelles, mais aussi des informations r\u00e9centes sur le monde de la d\u00e9coration, les projets de maison, le d\u00e9m\u00e9nagement et les travaux.\",\"url\":\"https:\/\/www.mydemenageur.com\/blog\/author\/mathilde\/\"}]}<\/script>\n<!-- \/ Yoast SEO Premium plugin. -->","yoast_head_json":{"title":"T\u00e9moignage de Marion et C\u00e9dric ayant fait appel aux services de gros bras","description":"Voici le temoignage de Marion et C\u00e9dric, le d\u00e9m\u00e9nagement participatif une solution de d\u00e9m\u00e9nagement pas cher","robots":{"index":"index","follow":"follow","max-snippet":"max-snippet:-1","max-image-preview":"max-image-preview:large","max-video-preview":"max-video-preview:-1"},"canonical":"https:\/\/www.mydemenageur.com\/blog\/temoignage-de-marion-et-cedric-ayant-fait-appel-aux-services-de-gros-bras\/","og_locale":"fr_FR","og_type":"article","og_title":"T\u00e9moignage de Marion et C\u00e9dric ayant fait appel aux services de gros bras","og_description":"Voici le temoignage de Marion et C\u00e9dric, le d\u00e9m\u00e9nagement participatif une solution de d\u00e9m\u00e9nagement pas cher","og_url":"https:\/\/www.mydemenageur.com\/blog\/temoignage-de-marion-et-cedric-ayant-fait-appel-aux-services-de-gros-bras\/","og_site_name":"MyDemenageur","article_publisher":"https:\/\/www.facebook.com\/mydemenageur","article_published_time":"2016-01-12T13:47:13+00:00","article_modified_time":"2021-08-27T07:40:05+00:00","og_image":[{"width":1000,"height":666,"url":"https:\/\/www.mydemenageur.com\/blog\/wp-content\/uploads\/2016\/01\/temoignage-de-marion-et-cedric-ayant-fait-appel-aux-services-de-gros-bras.jpeg","type":"image\/jpeg"}],"author":"Mathilde","twitter_card":"summary_large_image","twitter_creator":"@mydemenageur","twitter_site":"@mydemenageur","twitter_misc":{"\u00c9crit par":"Mathilde","Dur\u00e9e de lecture estim\u00e9e":"2 minutes"},"schema":{"@context":"https:\/\/schema.org","@graph":[{"@type":"Article","@id":"https:\/\/www.mydemenageur.com\/blog\/temoignage-de-marion-et-cedric-ayant-fait-appel-aux-services-de-gros-bras\/#article","isPartOf":{"@id":"https:\/\/www.mydemenageur.com\/blog\/temoignage-de-marion-et-cedric-ayant-fait-appel-aux-services-de-gros-bras\/"},"author":{"name":"Mathilde","@id":"https:\/\/www.mydemenageur.com\/blog\/#\/schema\/person\/4540dc333c2e7dc790f0f7bcd5b99569"},"headline":"T\u00e9moignage de Marion et C\u00e9dric ayant fait appel aux services de gros bras","datePublished":"2016-01-12T13:47:13+00:00","dateModified":"2021-08-27T07:40:05+00:00","mainEntityOfPage":{"@id":"https:\/\/www.mydemenageur.com\/blog\/temoignage-de-marion-et-cedric-ayant-fait-appel-aux-services-de-gros-bras\/"},"wordCount":463,"publisher":{"@id":"https:\/\/www.mydemenageur.com\/blog\/#organization"},"image":{"@id":"https:\/\/www.mydemenageur.com\/blog\/temoignage-de-marion-et-cedric-ayant-fait-appel-aux-services-de-gros-bras\/#primaryimage"},"thumbnailUrl":"https:\/\/www.mydemenageur.com\/blog\/wp-content\/uploads\/2016\/01\/temoignage-de-marion-et-cedric-ayant-fait-appel-aux-services-de-gros-bras.jpeg","keywords":["Avis"],"articleSection":["MyDemenageur"],"inLanguage":"fr-FR"},{"@type":"WebPage","@id":"https:\/\/www.mydemenageur.com\/blog\/temoignage-de-marion-et-cedric-ayant-fait-appel-aux-services-de-gros-bras\/","url":"https:\/\/www.mydemenageur.com\/blog\/temoignage-de-marion-et-cedric-ayant-fait-appel-aux-services-de-gros-bras\/","name":"T\u00e9moignage de Marion et C\u00e9dric ayant fait appel aux services de gros bras","isPartOf":{"@id":"https:\/\/www.mydemenageur.com\/blog\/#website"},"primaryImageOfPage":{"@id":"https:\/\/www.mydemenageur.com\/blog\/temoignage-de-marion-et-cedric-ayant-fait-appel-aux-services-de-gros-bras\/#primaryimage"},"image":{"@id":"https:\/\/www.mydemenageur.com\/blog\/temoignage-de-marion-et-cedric-ayant-fait-appel-aux-services-de-gros-bras\/#primaryimage"},"thumbnailUrl":"https:\/\/www.mydemenageur.com\/blog\/wp-content\/uploads\/2016\/01\/temoignage-de-marion-et-cedric-ayant-fait-appel-aux-services-de-gros-bras.jpeg","datePublished":"2016-01-12T13:47:13+00:00","dateModified":"2021-08-27T07:40:05+00:00","description":"Voici le temoignage de Marion et C\u00e9dric, le d\u00e9m\u00e9nagement participatif une solution de d\u00e9m\u00e9nagement pas cher","breadcrumb":{"@id":"https:\/\/www.mydemenageur.com\/blog\/temoignage-de-marion-et-cedric-ayant-fait-appel-aux-services-de-gros-bras\/#breadcrumb"},"inLanguage":"fr-FR","potentialAction":[{"@type":"ReadAction","target":["https:\/\/www.mydemenageur.com\/blog\/temoignage-de-marion-et-cedric-ayant-fait-appel-aux-services-de-gros-bras\/"]}]},{"@type":"ImageObject","inLanguage":"fr-FR","@id":"https:\/\/www.mydemenageur.com\/blog\/temoignage-de-marion-et-cedric-ayant-fait-appel-aux-services-de-gros-bras\/#primaryimage","url":"https:\/\/www.mydemenageur.com\/blog\/wp-content\/uploads\/2016\/01\/temoignage-de-marion-et-cedric-ayant-fait-appel-aux-services-de-gros-bras.jpeg","contentUrl":"https:\/\/www.mydemenageur.com\/blog\/wp-content\/uploads\/2016\/01\/temoignage-de-marion-et-cedric-ayant-fait-appel-aux-services-de-gros-bras.jpeg","width":1000,"height":666,"caption":"T\u00e9moignage de Marion et C\u00e9dric ayant fait appel aux services de gros bras"},{"@type":"BreadcrumbList","@id":"https:\/\/www.mydemenageur.com\/blog\/temoignage-de-marion-et-cedric-ayant-fait-appel-aux-services-de-gros-bras\/#breadcrumb","itemListElement":[{"@type":"ListItem","position":1,"name":"Accueil","item":"https:\/\/www.mydemenageur.com\/blog\/"},{"@type":"ListItem","position":2,"name":"MyDemenageur","item":"https:\/\/www.mydemenageur.com\/blog\/categorie\/demenagement\/"},{"@type":"ListItem","position":3,"name":"T\u00e9moignage de Marion et C\u00e9dric ayant fait appel aux services de gros bras"}]},{"@type":"WebSite","@id":"https:\/\/www.mydemenageur.com\/blog\/#website","url":"https:\/\/www.mydemenageur.com\/blog\/","name":"MyDemenageur","description":"Conseils d\u00e9m\u00e9ngement entre particuliers et d\u00e9m\u00e9nagement professionnel","publisher":{"@id":"https:\/\/www.mydemenageur.com\/blog\/#organization"},"potentialAction":[{"@type":"SearchAction","target":{"@type":"EntryPoint","urlTemplate":"https:\/\/www.mydemenageur.com\/blog\/?s={search_term_string}"},"query-input":{"@type":"PropertyValueSpecification","valueRequired":true,"valueName":"search_term_string"}}],"inLanguage":"fr-FR"},{"@type":"Organization","@id":"https:\/\/www.mydemenageur.com\/blog\/#organization","name":"MyDemenageur.com","url":"https:\/\/www.mydemenageur.com\/blog\/","logo":{"@type":"ImageObject","inLanguage":"fr-FR","@id":"https:\/\/www.mydemenageur.com\/blog\/#\/schema\/logo\/image\/","url":"https:\/\/www.mydemenageur.com\/blog\/wp-content\/uploads\/2022\/05\/MyDemenageur_Symbol.jpg","contentUrl":"https:\/\/www.mydemenageur.com\/blog\/wp-content\/uploads\/2022\/05\/MyDemenageur_Symbol.jpg","width":878,"height":877,"caption":"MyDemenageur.com"},"image":{"@id":"https:\/\/www.mydemenageur.com\/blog\/#\/schema\/logo\/image\/"},"sameAs":["https:\/\/www.facebook.com\/mydemenageur","https:\/\/x.com\/mydemenageur","https:\/\/www.pinterest.fr\/mydemenageur\/"]},{"@type":"Person","@id":"https:\/\/www.mydemenageur.com\/blog\/#\/schema\/person\/4540dc333c2e7dc790f0f7bcd5b99569","name":"Mathilde","image":{"@type":"ImageObject","inLanguage":"fr-FR","@id":"https:\/\/www.mydemenageur.com\/blog\/#\/schema\/person\/image\/","url":"https:\/\/secure.gravatar.com\/avatar\/abde069f6f70261ee6ecea93e0437d77?s=96&#038;r=g","contentUrl":"https:\/\/secure.gravatar.com\/avatar\/abde069f6f70261ee6ecea93e0437d77?s=96&#038;r=g","caption":"Mathilde"},"description":"L'harmonie des couleurs et des objets m'a toujours fascin\u00e9e, transformant chaque pi\u00e8ce en un lieu unique et agr\u00e9able \u00e0 vivre. Sur MyDemenageur, vous trouverez non seulement des inspirations personnelles, mais aussi des informations r\u00e9centes sur le monde de la d\u00e9coration, les projets de maison, le d\u00e9m\u00e9nagement et les travaux.","url":"https:\/\/www.mydemenageur.com\/blog\/author\/mathilde\/"}]}},"modified_by":"fabien","_links":{"self":[{"href":"https:\/\/www.mydemenageur.com\/blog\/wp-json\/wp\/v2\/posts\/459"}],"collection":[{"href":"https:\/\/www.mydemenageur.com\/blog\/wp-json\/wp\/v2\/posts"}],"about":[{"href":"https:\/\/www.mydemenageur.com\/blog\/wp-json\/wp\/v2\/types\/post"}],"author":[{"embeddable":true,"href":"https:\/\/www.mydemenageur.com\/blog\/wp-json\/wp\/v2\/users\/11"}],"replies":[{"embeddable":true,"href":"https:\/\/www.mydemenageur.com\/blog\/wp-json\/wp\/v2\/comments?post=459"}],"version-history":[{"count":0,"href":"https:\/\/www.mydemenageur.com\/blog\/wp-json\/wp\/v2\/posts\/459\/revisions"}],"wp:featuredmedia":[{"embeddable":true,"href":"https:\/\/www.mydemenageur.com\/blog\/wp-json\/wp\/v2\/media\/21855"}],"wp:attachment":[{"href":"https:\/\/www.mydemenageur.com\/blog\/wp-json\/wp\/v2\/media?parent=459"}],"wp:term":[{"taxonomy":"category","embeddable":true,"href":"https:\/\/www.mydemenageur.com\/blog\/wp-json\/wp\/v2\/categories?post=459"},{"taxonomy":"post_tag","embeddable":true,"href":"https:\/\/www.mydemenageur.com\/blog\/wp-json\/wp\/v2\/tags?post=459"}],"curies":[{"name":"wp","href":"https:\/\/api.w.org\/{rel}","templated":true}]}}