{"id":568,"date":"2016-11-24T03:09:15","date_gmt":"2016-11-24T03:09:15","guid":{"rendered":"http:\/\/www.mydemenageur.com\/blog\/?p=568"},"modified":"2024-09-13T10:00:14","modified_gmt":"2024-09-13T10:00:14","slug":"demenagement-ecolo-box","status":"publish","type":"post","link":"https:\/\/www.mydemenageur.com\/blog\/demenagement-ecolo-box\/","title":{"rendered":"Le d\u00e9m\u00e9nagement \u00e9colo avec des box rigides: Interview avec Box at Work"},"content":{"rendered":"<p>Aujourd&rsquo;hui, nous souhaitons vous pr\u00e9senter <strong>Box at Work<\/strong>, un projet de <a href=\"https:\/\/www.mydemenageur.com\/blog\/transport\/\">d\u00e9m\u00e9nagement \u00e9colo<\/a> venu d&rsquo;Allemagne qui nous tient \u00e0 c\u0153ur. Un vrai bon plan \u00e0 la fois pour le porte-monnaie et pour l&rsquo;environnement.<\/p>\n<p><img decoding=\"async\" class=\"alignnone size-full wp-image-569\" src=\"\/\/www.mydemenageur.com\/blog\/wp-content\/uploads\/2016\/11\/box-at-work-offre.jpg\" alt=\"Box At Work offre\" width=\"680\" height=\"259\" srcset=\"https:\/\/www.mydemenageur.com\/blog\/wp-content\/uploads\/2016\/11\/box-at-work-offre.jpg 680w, https:\/\/www.mydemenageur.com\/blog\/wp-content\/uploads\/2016\/11\/box-at-work-offre-300x114.jpg 300w\" sizes=\"(max-width: 680px) 100vw, 680px\" \/><\/p>\n<p><strong>Question :<\/strong> Bonjour Box at Work et merci de nous accorder cette interview. La philosophie de Box at Work est enti\u00e8rement fond\u00e9e sur la r\u00e9duction de <a href=\"https:\/\/www.mydemenageur.com\/blog\/astuces-demenagement-ecologique\/\">l&#8217;empreinte \u00e9cologique<\/a> que peuvent engendrer le d\u00e9m\u00e9nagement et le self-stockage. Finis les cartons de d\u00e9m\u00e9nagement, vous offrez la possibilit\u00e9 de louer et de stocker des box vertes de 67 litres (60 x 40 x 37 cm). Pouvez-vous nous en dire un peu plus sur le concept ?<\/p>\n<p><strong>R\u00e9ponse :<\/strong> Bonjour <a href=\"https:\/\/www.mydemenageur.com\/blog\/interview-france-bleu\/\">MyDemenageur<\/a>, merci \u00e0 vous de vous int\u00e9resser \u00e0 notre concept ! L\u2019id\u00e9e de Box at Work est effectivement n\u00e9e du constat qu\u2019il n\u2019existait pas de solution \u00e9cologique et pratique pour r\u00e9aliser son d\u00e9m\u00e9nagement.<\/p>\n<p>Il faut <a href=\"https:\/\/www.mydemenageur.com\/blog\/cartons-gratuits\/\">trouver des cartons<\/a>, les monter, les scotcher et prier pour qu\u2019ils ne cassent pas ou ne prennent pas l\u2019humidit\u00e9. <strong>Box at Work<\/strong> a donc d\u00e9cid\u00e9 de livrer gratuitement des box vertes rigides chez les personnes d\u00e9m\u00e9nageant afin qu\u2019elles puissent s\u2019en servir comme d\u2019un carton classique, tous les soucis en moins.<\/p>\n<p>Aussi, savez-vous que les cartons repr\u00e9sentent plus de 20% des d\u00e9chets mis en d\u00e9charge et que leur production n\u00e9cessite un gaspillage consid\u00e9rable d\u2019eau (environ 16 litres par kilo) ?<\/p>\n<p>La solution nous est parue \u00e9vidente : pourquoi continuer \u00e0 se compliquer l\u2019existence en d\u00e9truisant celle de notre plan\u00e8te quand nous pouvons, pour le m\u00eame prix, participer \u00e0 sa protection tout en b\u00e9n\u00e9ficiant d\u2019un service meilleur et de produits de plus grande qualit\u00e9 ?<\/p>\n<p><strong>Question :<\/strong> Box at Work offre un double service avec ses box vertes, pouvez-vous nous expliquer ces offres plus en d\u00e9tail ?<\/p>\n<p><strong>R\u00e9ponse :<\/strong> Avec plaisir !<\/p>\n<p>Nous proposons effectivement deux services aux particuliers et entreprises, l\u2019un concernant le d\u00e9m\u00e9nagement et l\u2019autre le stockage.<\/p>\n<p>Notre premier service concerne les personnes organisant leur d\u00e9m\u00e9nagement. Pour simplifier leurs d\u00e9marches, nous livrons gratuitement chez eux des box vertes rigides et 100% recyclables, qu\u2019ils peuvent utiliser comme une alternative au carton traditionnel.<\/p>\n<p>Notre autre service est un service de stockage \u00e0 la demande. C\u2019est le concept central de Box at Work lanc\u00e9 en 2014 et pour lequel nous sommes aujourd\u2019hui les leaders europ\u00e9ens. Nous collectons, \u00e0 l\u2019aide de box recyclables, les affaires dont nos clients n\u2019ont pas besoin au quotidien (affaires d\u2019hiver, livres, archives, \u2026) ainsi que les objets encombrants. Nous les stockons le temps souhait\u00e9 et les retournons sous 24H.<\/p>\n<p><strong>Question :<\/strong> Je n&rsquo;ai donc pas besoin de me d\u00e9placer, des livreurs viennent directement chez moi me fournir les fameuses box vertes ?<\/p>\n<p><strong>R\u00e9ponse :<\/strong> Exactement ! C\u2019est tout l\u2019int\u00e9r\u00eat de notre service : vous n\u2019avez ni \u00e0 vous d\u00e9placer, ni \u00e0 vous soucier de vos cartons utilis\u00e9s. Nous livrons et collectons gratuitement les <a href=\"https:\/\/www.mydemenageur.com\/blog\/solutions-de-self-stockage-et-garde-meuble\/\">box vertes<\/a>.<\/p>\n<p>De plus, notre algorithme optimise le trajet de chaque chauffeur afin de r\u00e9duire son empreinte carbone. Notre solution est donc pratique pour vous et respectueuse pour l\u2019environnement !<\/p>\n<p><strong>Question :<\/strong> Si je souhaite r\u00e9cup\u00e9rer mes affaires stock\u00e9es chez Box at Work, je peux me faire re-livrer mes box \u00e0 n&rsquo;importe quel moment ?<\/p>\n<p><strong>R\u00e9ponse :<\/strong> Sauf le dimanche ! Nous pouvons vous livrer du lundi au samedi de 8 heures \u00e0 20 heures. Il vous suffit pour cela de demander le retour de votre stockage directement via votre inventaire en ligne, et nous vous promettons une r\u00e9activit\u00e9 sous 24 heures.<\/p>\n<p><strong>Question :<\/strong> Box at Work vient tout juste de d\u00e9marrer en France et n&rsquo;est pour l&rsquo;instant disponible que sur Paris et la petite couronne. Pr\u00e9voyez-vous de vous d\u00e9velopper ailleurs ?<\/p>\n<p><strong>R\u00e9ponse :<\/strong> Effectivement, nous avons d\u00e9cid\u00e9 de lancer notre activit\u00e9 \u00e0 Paris, qui reste l\u2019un des march\u00e9s les plus attractifs d\u2019Europe. Toutefois, le succ\u00e8s de ce lancement nous a bien \u00e9videmment donn\u00e9 l\u2019envie de poursuivre l\u2019aventure, et nous comptons tr\u00e8s bient\u00f4t ouvrir notre service \u00e0 d\u2019autres villes, avec pour ambition de couvrir toutes les grandes villes fran\u00e7aises d\u2019ici la fin de l\u2019ann\u00e9e 2017 !<\/p>\n<p><strong>Merci Box at Work pour cette interview.<\/strong><\/p>\n<p>Le site internet : <a href=\"https:\/\/boxatwork.com\">boxatwork.com<\/a><\/p>\n","protected":false},"excerpt":{"rendered":"<p>Aujourd&rsquo;hui, nous souhaitons vous pr\u00e9senter Box at Work, un projet de d\u00e9m\u00e9nagement \u00e9colo venu d&rsquo;Allemagne qui nous tient \u00e0 c\u0153ur.<\/p>\n","protected":false},"author":11,"featured_media":21770,"comment_status":"closed","ping_status":"closed","sticky":false,"template":"","format":"standard","meta":{"_lmt_disableupdate":"no","_lmt_disable":"no","footnotes":""},"categories":[106],"tags":[],"yoast_head":"<!-- This site is optimized with the Yoast SEO Premium plugin v24.2 (Yoast SEO v24.5) - https:\/\/yoast.com\/wordpress\/plugins\/seo\/ -->\n<title>Le d\u00e9m\u00e9nagement \u00e9colo avec des box rigides: Interview avec Box at Work<\/title>\n<meta name=\"description\" content=\"D\u00e9couvrez l&#039;interview de Box et Work, qui vous propose une solution innovante et surtout \u00e9colo pour remplacer les cartons de d\u00e9m\u00e9nagement.\" \/>\n<meta name=\"robots\" content=\"index, follow, max-snippet:-1, max-image-preview:large, max-video-preview:-1\" \/>\n<link rel=\"canonical\" href=\"https:\/\/www.mydemenageur.com\/blog\/demenagement-ecolo-box\/\" \/>\n<meta property=\"og:locale\" content=\"fr_FR\" \/>\n<meta property=\"og:type\" content=\"article\" \/>\n<meta property=\"og:title\" content=\"Le d\u00e9m\u00e9nagement \u00e9colo avec des box rigides: Interview avec Box at Work\" \/>\n<meta property=\"og:description\" content=\"D\u00e9couvrez l&#039;interview de Box et Work, qui vous propose une solution innovante et surtout \u00e9colo pour remplacer les cartons de d\u00e9m\u00e9nagement.\" \/>\n<meta property=\"og:url\" content=\"https:\/\/www.mydemenageur.com\/blog\/demenagement-ecolo-box\/\" \/>\n<meta property=\"og:site_name\" content=\"MyDemenageur\" \/>\n<meta property=\"article:publisher\" content=\"https:\/\/www.facebook.com\/mydemenageur\" \/>\n<meta property=\"article:published_time\" content=\"2016-11-24T03:09:15+00:00\" \/>\n<meta property=\"article:modified_time\" content=\"2024-09-13T10:00:14+00:00\" \/>\n<meta property=\"og:image\" content=\"https:\/\/www.mydemenageur.com\/blog\/wp-content\/uploads\/2016\/11\/demenagement-ecolo-box.jpeg\" \/>\n\t<meta property=\"og:image:width\" content=\"1000\" \/>\n\t<meta property=\"og:image:height\" content=\"666\" \/>\n\t<meta property=\"og:image:type\" content=\"image\/jpeg\" \/>\n<meta name=\"author\" content=\"Mathilde\" \/>\n<meta name=\"twitter:card\" content=\"summary_large_image\" \/>\n<meta name=\"twitter:creator\" content=\"@mydemenageur\" \/>\n<meta name=\"twitter:site\" content=\"@mydemenageur\" \/>\n<meta name=\"twitter:label1\" content=\"\u00c9crit par\" \/>\n\t<meta name=\"twitter:data1\" content=\"Mathilde\" \/>\n\t<meta name=\"twitter:label2\" content=\"Dur\u00e9e de lecture estim\u00e9e\" \/>\n\t<meta name=\"twitter:data2\" content=\"4 minutes\" \/>\n<script type=\"application\/ld+json\" class=\"yoast-schema-graph\">{\"@context\":\"https:\/\/schema.org\",\"@graph\":[{\"@type\":\"Article\",\"@id\":\"https:\/\/www.mydemenageur.com\/blog\/demenagement-ecolo-box\/#article\",\"isPartOf\":{\"@id\":\"https:\/\/www.mydemenageur.com\/blog\/demenagement-ecolo-box\/\"},\"author\":{\"name\":\"Mathilde\",\"@id\":\"https:\/\/www.mydemenageur.com\/blog\/#\/schema\/person\/4540dc333c2e7dc790f0f7bcd5b99569\"},\"headline\":\"Le d\u00e9m\u00e9nagement \u00e9colo avec des box rigides: Interview avec Box at Work\",\"datePublished\":\"2016-11-24T03:09:15+00:00\",\"dateModified\":\"2024-09-13T10:00:14+00:00\",\"mainEntityOfPage\":{\"@id\":\"https:\/\/www.mydemenageur.com\/blog\/demenagement-ecolo-box\/\"},\"wordCount\":738,\"publisher\":{\"@id\":\"https:\/\/www.mydemenageur.com\/blog\/#organization\"},\"image\":{\"@id\":\"https:\/\/www.mydemenageur.com\/blog\/demenagement-ecolo-box\/#primaryimage\"},\"thumbnailUrl\":\"https:\/\/www.mydemenageur.com\/blog\/wp-content\/uploads\/2016\/11\/demenagement-ecolo-box.jpeg\",\"articleSection\":[\"D\u00e9m\u00e9nagement\"],\"inLanguage\":\"fr-FR\"},{\"@type\":\"WebPage\",\"@id\":\"https:\/\/www.mydemenageur.com\/blog\/demenagement-ecolo-box\/\",\"url\":\"https:\/\/www.mydemenageur.com\/blog\/demenagement-ecolo-box\/\",\"name\":\"Le d\u00e9m\u00e9nagement \u00e9colo avec des box rigides: Interview avec Box at Work\",\"isPartOf\":{\"@id\":\"https:\/\/www.mydemenageur.com\/blog\/#website\"},\"primaryImageOfPage\":{\"@id\":\"https:\/\/www.mydemenageur.com\/blog\/demenagement-ecolo-box\/#primaryimage\"},\"image\":{\"@id\":\"https:\/\/www.mydemenageur.com\/blog\/demenagement-ecolo-box\/#primaryimage\"},\"thumbnailUrl\":\"https:\/\/www.mydemenageur.com\/blog\/wp-content\/uploads\/2016\/11\/demenagement-ecolo-box.jpeg\",\"datePublished\":\"2016-11-24T03:09:15+00:00\",\"dateModified\":\"2024-09-13T10:00:14+00:00\",\"description\":\"D\u00e9couvrez l'interview de Box et Work, qui vous propose une solution innovante et surtout \u00e9colo pour remplacer les cartons de d\u00e9m\u00e9nagement.\",\"breadcrumb\":{\"@id\":\"https:\/\/www.mydemenageur.com\/blog\/demenagement-ecolo-box\/#breadcrumb\"},\"inLanguage\":\"fr-FR\",\"potentialAction\":[{\"@type\":\"ReadAction\",\"target\":[\"https:\/\/www.mydemenageur.com\/blog\/demenagement-ecolo-box\/\"]}]},{\"@type\":\"ImageObject\",\"inLanguage\":\"fr-FR\",\"@id\":\"https:\/\/www.mydemenageur.com\/blog\/demenagement-ecolo-box\/#primaryimage\",\"url\":\"https:\/\/www.mydemenageur.com\/blog\/wp-content\/uploads\/2016\/11\/demenagement-ecolo-box.jpeg\",\"contentUrl\":\"https:\/\/www.mydemenageur.com\/blog\/wp-content\/uploads\/2016\/11\/demenagement-ecolo-box.jpeg\",\"width\":1000,\"height\":666,\"caption\":\"Le d\u00e9m\u00e9nagement \u00e9colo avec des box rigides: Interview avec Box at Work\"},{\"@type\":\"BreadcrumbList\",\"@id\":\"https:\/\/www.mydemenageur.com\/blog\/demenagement-ecolo-box\/#breadcrumb\",\"itemListElement\":[{\"@type\":\"ListItem\",\"position\":1,\"name\":\"Accueil\",\"item\":\"https:\/\/www.mydemenageur.com\/blog\/\"},{\"@type\":\"ListItem\",\"position\":2,\"name\":\"D\u00e9m\u00e9nagement\",\"item\":\"https:\/\/www.mydemenageur.com\/blog\/categorie\/transport\/\"},{\"@type\":\"ListItem\",\"position\":3,\"name\":\"Le d\u00e9m\u00e9nagement \u00e9colo avec des box rigides: Interview avec Box at Work\"}]},{\"@type\":\"WebSite\",\"@id\":\"https:\/\/www.mydemenageur.com\/blog\/#website\",\"url\":\"https:\/\/www.mydemenageur.com\/blog\/\",\"name\":\"MyDemenageur\",\"description\":\"Conseils d\u00e9m\u00e9ngement entre particuliers et d\u00e9m\u00e9nagement professionnel\",\"publisher\":{\"@id\":\"https:\/\/www.mydemenageur.com\/blog\/#organization\"},\"potentialAction\":[{\"@type\":\"SearchAction\",\"target\":{\"@type\":\"EntryPoint\",\"urlTemplate\":\"https:\/\/www.mydemenageur.com\/blog\/?s={search_term_string}\"},\"query-input\":{\"@type\":\"PropertyValueSpecification\",\"valueRequired\":true,\"valueName\":\"search_term_string\"}}],\"inLanguage\":\"fr-FR\"},{\"@type\":\"Organization\",\"@id\":\"https:\/\/www.mydemenageur.com\/blog\/#organization\",\"name\":\"MyDemenageur.com\",\"url\":\"https:\/\/www.mydemenageur.com\/blog\/\",\"logo\":{\"@type\":\"ImageObject\",\"inLanguage\":\"fr-FR\",\"@id\":\"https:\/\/www.mydemenageur.com\/blog\/#\/schema\/logo\/image\/\",\"url\":\"https:\/\/www.mydemenageur.com\/blog\/wp-content\/uploads\/2022\/05\/MyDemenageur_Symbol.jpg\",\"contentUrl\":\"https:\/\/www.mydemenageur.com\/blog\/wp-content\/uploads\/2022\/05\/MyDemenageur_Symbol.jpg\",\"width\":878,\"height\":877,\"caption\":\"MyDemenageur.com\"},\"image\":{\"@id\":\"https:\/\/www.mydemenageur.com\/blog\/#\/schema\/logo\/image\/\"},\"sameAs\":[\"https:\/\/www.facebook.com\/mydemenageur\",\"https:\/\/x.com\/mydemenageur\",\"https:\/\/www.pinterest.fr\/mydemenageur\/\"]},{\"@type\":\"Person\",\"@id\":\"https:\/\/www.mydemenageur.com\/blog\/#\/schema\/person\/4540dc333c2e7dc790f0f7bcd5b99569\",\"name\":\"Mathilde\",\"image\":{\"@type\":\"ImageObject\",\"inLanguage\":\"fr-FR\",\"@id\":\"https:\/\/www.mydemenageur.com\/blog\/#\/schema\/person\/image\/\",\"url\":\"https:\/\/secure.gravatar.com\/avatar\/abde069f6f70261ee6ecea93e0437d77?s=96&#038;r=g\",\"contentUrl\":\"https:\/\/secure.gravatar.com\/avatar\/abde069f6f70261ee6ecea93e0437d77?s=96&#038;r=g\",\"caption\":\"Mathilde\"},\"description\":\"L'harmonie des couleurs et des objets m'a toujours fascin\u00e9e, transformant chaque pi\u00e8ce en un lieu unique et agr\u00e9able \u00e0 vivre. Sur MyDemenageur, vous trouverez non seulement des inspirations personnelles, mais aussi des informations r\u00e9centes sur le monde de la d\u00e9coration, les projets de maison, le d\u00e9m\u00e9nagement et les travaux.\",\"url\":\"https:\/\/www.mydemenageur.com\/blog\/author\/mathilde\/\"}]}<\/script>\n<!-- \/ Yoast SEO Premium plugin. -->","yoast_head_json":{"title":"Le d\u00e9m\u00e9nagement \u00e9colo avec des box rigides: Interview avec Box at Work","description":"D\u00e9couvrez l'interview de Box et Work, qui vous propose une solution innovante et surtout \u00e9colo pour remplacer les cartons de d\u00e9m\u00e9nagement.","robots":{"index":"index","follow":"follow","max-snippet":"max-snippet:-1","max-image-preview":"max-image-preview:large","max-video-preview":"max-video-preview:-1"},"canonical":"https:\/\/www.mydemenageur.com\/blog\/demenagement-ecolo-box\/","og_locale":"fr_FR","og_type":"article","og_title":"Le d\u00e9m\u00e9nagement \u00e9colo avec des box rigides: Interview avec Box at Work","og_description":"D\u00e9couvrez l'interview de Box et Work, qui vous propose une solution innovante et surtout \u00e9colo pour remplacer les cartons de d\u00e9m\u00e9nagement.","og_url":"https:\/\/www.mydemenageur.com\/blog\/demenagement-ecolo-box\/","og_site_name":"MyDemenageur","article_publisher":"https:\/\/www.facebook.com\/mydemenageur","article_published_time":"2016-11-24T03:09:15+00:00","article_modified_time":"2024-09-13T10:00:14+00:00","og_image":[{"width":1000,"height":666,"url":"https:\/\/www.mydemenageur.com\/blog\/wp-content\/uploads\/2016\/11\/demenagement-ecolo-box.jpeg","type":"image\/jpeg"}],"author":"Mathilde","twitter_card":"summary_large_image","twitter_creator":"@mydemenageur","twitter_site":"@mydemenageur","twitter_misc":{"\u00c9crit par":"Mathilde","Dur\u00e9e de lecture estim\u00e9e":"4 minutes"},"schema":{"@context":"https:\/\/schema.org","@graph":[{"@type":"Article","@id":"https:\/\/www.mydemenageur.com\/blog\/demenagement-ecolo-box\/#article","isPartOf":{"@id":"https:\/\/www.mydemenageur.com\/blog\/demenagement-ecolo-box\/"},"author":{"name":"Mathilde","@id":"https:\/\/www.mydemenageur.com\/blog\/#\/schema\/person\/4540dc333c2e7dc790f0f7bcd5b99569"},"headline":"Le d\u00e9m\u00e9nagement \u00e9colo avec des box rigides: Interview avec Box at Work","datePublished":"2016-11-24T03:09:15+00:00","dateModified":"2024-09-13T10:00:14+00:00","mainEntityOfPage":{"@id":"https:\/\/www.mydemenageur.com\/blog\/demenagement-ecolo-box\/"},"wordCount":738,"publisher":{"@id":"https:\/\/www.mydemenageur.com\/blog\/#organization"},"image":{"@id":"https:\/\/www.mydemenageur.com\/blog\/demenagement-ecolo-box\/#primaryimage"},"thumbnailUrl":"https:\/\/www.mydemenageur.com\/blog\/wp-content\/uploads\/2016\/11\/demenagement-ecolo-box.jpeg","articleSection":["D\u00e9m\u00e9nagement"],"inLanguage":"fr-FR"},{"@type":"WebPage","@id":"https:\/\/www.mydemenageur.com\/blog\/demenagement-ecolo-box\/","url":"https:\/\/www.mydemenageur.com\/blog\/demenagement-ecolo-box\/","name":"Le d\u00e9m\u00e9nagement \u00e9colo avec des box rigides: Interview avec Box at Work","isPartOf":{"@id":"https:\/\/www.mydemenageur.com\/blog\/#website"},"primaryImageOfPage":{"@id":"https:\/\/www.mydemenageur.com\/blog\/demenagement-ecolo-box\/#primaryimage"},"image":{"@id":"https:\/\/www.mydemenageur.com\/blog\/demenagement-ecolo-box\/#primaryimage"},"thumbnailUrl":"https:\/\/www.mydemenageur.com\/blog\/wp-content\/uploads\/2016\/11\/demenagement-ecolo-box.jpeg","datePublished":"2016-11-24T03:09:15+00:00","dateModified":"2024-09-13T10:00:14+00:00","description":"D\u00e9couvrez l'interview de Box et Work, qui vous propose une solution innovante et surtout \u00e9colo pour remplacer les cartons de d\u00e9m\u00e9nagement.","breadcrumb":{"@id":"https:\/\/www.mydemenageur.com\/blog\/demenagement-ecolo-box\/#breadcrumb"},"inLanguage":"fr-FR","potentialAction":[{"@type":"ReadAction","target":["https:\/\/www.mydemenageur.com\/blog\/demenagement-ecolo-box\/"]}]},{"@type":"ImageObject","inLanguage":"fr-FR","@id":"https:\/\/www.mydemenageur.com\/blog\/demenagement-ecolo-box\/#primaryimage","url":"https:\/\/www.mydemenageur.com\/blog\/wp-content\/uploads\/2016\/11\/demenagement-ecolo-box.jpeg","contentUrl":"https:\/\/www.mydemenageur.com\/blog\/wp-content\/uploads\/2016\/11\/demenagement-ecolo-box.jpeg","width":1000,"height":666,"caption":"Le d\u00e9m\u00e9nagement \u00e9colo avec des box rigides: Interview avec Box at Work"},{"@type":"BreadcrumbList","@id":"https:\/\/www.mydemenageur.com\/blog\/demenagement-ecolo-box\/#breadcrumb","itemListElement":[{"@type":"ListItem","position":1,"name":"Accueil","item":"https:\/\/www.mydemenageur.com\/blog\/"},{"@type":"ListItem","position":2,"name":"D\u00e9m\u00e9nagement","item":"https:\/\/www.mydemenageur.com\/blog\/categorie\/transport\/"},{"@type":"ListItem","position":3,"name":"Le d\u00e9m\u00e9nagement \u00e9colo avec des box rigides: Interview avec Box at Work"}]},{"@type":"WebSite","@id":"https:\/\/www.mydemenageur.com\/blog\/#website","url":"https:\/\/www.mydemenageur.com\/blog\/","name":"MyDemenageur","description":"Conseils d\u00e9m\u00e9ngement entre particuliers et d\u00e9m\u00e9nagement professionnel","publisher":{"@id":"https:\/\/www.mydemenageur.com\/blog\/#organization"},"potentialAction":[{"@type":"SearchAction","target":{"@type":"EntryPoint","urlTemplate":"https:\/\/www.mydemenageur.com\/blog\/?s={search_term_string}"},"query-input":{"@type":"PropertyValueSpecification","valueRequired":true,"valueName":"search_term_string"}}],"inLanguage":"fr-FR"},{"@type":"Organization","@id":"https:\/\/www.mydemenageur.com\/blog\/#organization","name":"MyDemenageur.com","url":"https:\/\/www.mydemenageur.com\/blog\/","logo":{"@type":"ImageObject","inLanguage":"fr-FR","@id":"https:\/\/www.mydemenageur.com\/blog\/#\/schema\/logo\/image\/","url":"https:\/\/www.mydemenageur.com\/blog\/wp-content\/uploads\/2022\/05\/MyDemenageur_Symbol.jpg","contentUrl":"https:\/\/www.mydemenageur.com\/blog\/wp-content\/uploads\/2022\/05\/MyDemenageur_Symbol.jpg","width":878,"height":877,"caption":"MyDemenageur.com"},"image":{"@id":"https:\/\/www.mydemenageur.com\/blog\/#\/schema\/logo\/image\/"},"sameAs":["https:\/\/www.facebook.com\/mydemenageur","https:\/\/x.com\/mydemenageur","https:\/\/www.pinterest.fr\/mydemenageur\/"]},{"@type":"Person","@id":"https:\/\/www.mydemenageur.com\/blog\/#\/schema\/person\/4540dc333c2e7dc790f0f7bcd5b99569","name":"Mathilde","image":{"@type":"ImageObject","inLanguage":"fr-FR","@id":"https:\/\/www.mydemenageur.com\/blog\/#\/schema\/person\/image\/","url":"https:\/\/secure.gravatar.com\/avatar\/abde069f6f70261ee6ecea93e0437d77?s=96&#038;r=g","contentUrl":"https:\/\/secure.gravatar.com\/avatar\/abde069f6f70261ee6ecea93e0437d77?s=96&#038;r=g","caption":"Mathilde"},"description":"L'harmonie des couleurs et des objets m'a toujours fascin\u00e9e, transformant chaque pi\u00e8ce en un lieu unique et agr\u00e9able \u00e0 vivre. Sur MyDemenageur, vous trouverez non seulement des inspirations personnelles, mais aussi des informations r\u00e9centes sur le monde de la d\u00e9coration, les projets de maison, le d\u00e9m\u00e9nagement et les travaux.","url":"https:\/\/www.mydemenageur.com\/blog\/author\/mathilde\/"}]}},"modified_by":"MyDemenageur","_links":{"self":[{"href":"https:\/\/www.mydemenageur.com\/blog\/wp-json\/wp\/v2\/posts\/568"}],"collection":[{"href":"https:\/\/www.mydemenageur.com\/blog\/wp-json\/wp\/v2\/posts"}],"about":[{"href":"https:\/\/www.mydemenageur.com\/blog\/wp-json\/wp\/v2\/types\/post"}],"author":[{"embeddable":true,"href":"https:\/\/www.mydemenageur.com\/blog\/wp-json\/wp\/v2\/users\/11"}],"replies":[{"embeddable":true,"href":"https:\/\/www.mydemenageur.com\/blog\/wp-json\/wp\/v2\/comments?post=568"}],"version-history":[{"count":0,"href":"https:\/\/www.mydemenageur.com\/blog\/wp-json\/wp\/v2\/posts\/568\/revisions"}],"wp:featuredmedia":[{"embeddable":true,"href":"https:\/\/www.mydemenageur.com\/blog\/wp-json\/wp\/v2\/media\/21770"}],"wp:attachment":[{"href":"https:\/\/www.mydemenageur.com\/blog\/wp-json\/wp\/v2\/media?parent=568"}],"wp:term":[{"taxonomy":"category","embeddable":true,"href":"https:\/\/www.mydemenageur.com\/blog\/wp-json\/wp\/v2\/categories?post=568"},{"taxonomy":"post_tag","embeddable":true,"href":"https:\/\/www.mydemenageur.com\/blog\/wp-json\/wp\/v2\/tags?post=568"}],"curies":[{"name":"wp","href":"https:\/\/api.w.org\/{rel}","templated":true}]}}