{"id":592,"date":"2017-01-20T09:07:31","date_gmt":"2017-01-20T09:07:31","guid":{"rendered":"http:\/\/www.mydemenageur.com\/blog\/?p=592"},"modified":"2021-08-27T07:40:04","modified_gmt":"2021-08-27T07:40:04","slug":"temoignage-christophe","status":"publish","type":"post","link":"https:\/\/www.mydemenageur.com\/blog\/temoignage-christophe\/","title":{"rendered":"T\u00e9moignage de Christophe ayant fait appel \u00e0 un gros bras MyDemenageur"},"content":{"rendered":"<p>Aujourd&rsquo;hui c&rsquo;est Christophe qui nous livre son t\u00e9moignage et nous donne son <a href=\"\/blog\/services\/\">avis sur MyDemenageur<\/a> apr\u00e8s avoir fait appel \u00e0 2 gros bras pour porter ses affaires d&rsquo;un garde-meubles \u00e0 chez lui (dans le 78 en Ile-de-France).<\/p>\n<p><strong><img decoding=\"async\" class=\"size-full wp-image-594 alignleft\" src=\"\/\/www.mydemenageur.com\/blog\/wp-content\/uploads\/2017\/01\/christophe.jpg\" alt=\"Conseils d\u00e9m\u00e9nagement : transport, m\u00e9nage, d\u00e9marches, r\u00e9parations\" width=\"150\" height=\"150\" \/><\/strong><br \/>\n<strong>Bonjour Christophe, comment as-tu eu l\u2019id\u00e9e de faire appel \u00e0 des gros bras MyDemenageur pour ton\u00a0 d\u00e9m\u00e9nagement ?<\/strong><\/p>\n<p>Je cherchais une solution pour trouver des d\u00e9m\u00e9nageurs rapidement, dans la semaine, pour rapatrier le contenu de mon garde-meubles dans ma r\u00e9sidence actuelle. Habitu\u00e9 \u00e0 utiliser internet tous les jours, j&rsquo;ai donc fait une recherche rapide et suis tomb\u00e9 sur votre site que j&rsquo;ai trouv\u00e9 bien fait par rapport \u00e0 mon besoin.<\/p>\n<p><strong>Parle-nous de ton d\u00e9m\u00e9nagement. Quelle \u00e9tait la surface \u00e0 d\u00e9m\u00e9nager ? De combien de gros bras avais-tu estim\u00e9 avoir besoin ? Pour quels types de services ?<\/strong><\/p>\n<p>Il y avait environ 12 m3 \u00e0 rapatrier chez moi. Le d\u00e9m\u00e9nagement en soi n&rsquo;\u00e9tait pas compliqu\u00e9 puisqu&rsquo;il s&rsquo;agissait de transf\u00e9rer les cartons, meubles et autres objets entrepos\u00e9s des caisses du garde-meuble dans le camion, de conduire ce dernier chez moi puis de d\u00e9charger et d&rsquo;entreposer tout le contenu dans mon sous-sol, hormis un canap\u00e9 d\u00e9montable \u00e0 stocker au 2\u00e8me \u00e9tage.<\/p>\n<p><strong>As-tu re\u00e7u beaucoup de propositions ? Comment as-tu choisi les gros bras et quels ont \u00e9t\u00e9 tes crit\u00e8res de s\u00e9lection ?<\/strong><\/p>\n<p>Afin d&rsquo;aller vite, j&rsquo;ai s\u00e9lectionn\u00e9 2 gros bras qui avaient de nombreuses appr\u00e9ciations positives et qui m&rsquo;ont r\u00e9pondu rapidement, pour un prix d\u00e9cent. J&rsquo;ai \u00e9galement re\u00e7u plusieurs propositions suite \u00e0 la mise en ligne de mon annonce, que j&rsquo;ai post\u00e9e en parall\u00e8le \u00e0 des prises de contact en direct avec les gros bras qui m&rsquo;int\u00e9ressaient, puisque j&rsquo;\u00e9tais press\u00e9.<\/p>\n<p><strong>Le jour J s\u2019est-il bien d\u00e9roul\u00e9 ? Es-tu satisfait du coup de main fourni et de l\u2019\u00e9tat d\u2019esprit du gros bras ?<\/strong><\/p>\n<p>Ca s&rsquo;est tr\u00e8s bien pass\u00e9 : mes 2 gros bras \u00e9taient \u00e0 l&rsquo;heure, sympas et \u00e9taient vraiment l\u00e0 pour bosser. Nous avons exp\u00e9di\u00e9 le tout sans rien abimer en un temps record, compte-tenu du temps de d\u00e9placement en Ile-de-France. L&rsquo;un d&rsquo;entre eux a m\u00eame amen\u00e9 des couvertures et des sangles, accessoires indispensables pour bien caler tous les \u00e9l\u00e9ments dans le camion. Merci \u00e0 lui !<\/p>\n<p><strong>Globalement l\u2019exp\u00e9rience est-elle positive ? Es-tu normalement habitu\u00e9 de ces pratiques de consommation collaborative ?<\/strong><\/p>\n<p>Exp\u00e9rience tr\u00e8s positive, je recommande sans probl\u00e8me votre site \u00e0 ceux qui ont ce type de besoin. En mati\u00e8re de conso collaborative, j&rsquo;utilise aussi les sites de covoiturage pour me d\u00e9placer dans la bonne humeur et \u00e0 moindre co\u00fbt.<\/p>\n<p><strong>Quels sont pour toi les avantages d&rsquo;\u00eatre pass\u00e9 par un gros bras MyDemenageur ?<\/strong><\/p>\n<p>En r\u00e9sum\u00e9 : facilit\u00e9 pour trouver des gros bras rapidement, tarifs plus bas que des pros, ponctualit\u00e9, ambiance sympa. A renouveler autant que de besoin !<\/p>\n<p><strong>Derni\u00e8re question, serais-tu pr\u00eat \u00e0 devenir \u00e0 ton tour \u00ab gros bras \u00bb sur le site et \u00e0 donner un coup de main occasionnel \u00e0 de nouveaux voisins ?<\/strong><\/p>\n<p>Pour des petites charges et \u00e0 des voisins, sans probl\u00e8me. Mais j&rsquo;ai peu de temps libre et ne suis pas une force de la nature non plus&#8230; \ud83d\ude09<\/p>\n<p><strong>Merci beaucoup Christophe de nous avoir accord\u00e9 cette interview.<\/strong><\/p>\n","protected":false},"excerpt":{"rendered":"<p>Aujourd&rsquo;hui c&rsquo;est Christophe qui nous livre son t\u00e9moignage et nous donne son avis sur MyDemenageur apr\u00e8s avoir fait appel \u00e0<\/p>\n","protected":false},"author":11,"featured_media":21761,"comment_status":"closed","ping_status":"closed","sticky":false,"template":"","format":"standard","meta":{"_lmt_disableupdate":"","_lmt_disable":"","footnotes":""},"categories":[21],"tags":[107],"yoast_head":"<!-- This site is optimized with the Yoast SEO Premium plugin v24.2 (Yoast SEO v24.5) - https:\/\/yoast.com\/wordpress\/plugins\/seo\/ -->\n<title>T\u00e9moignage de Christophe ayant fait appel \u00e0 un gros bras MyDemenageur<\/title>\n<meta name=\"description\" content=\"Christophe nous fait part de son t\u00e9moignage. Il a fait appel \u00e0 deux gros bras pour d\u00e9placer des meubles d&#039;un garde-meuble \u00e0 son domicile.\" \/>\n<meta name=\"robots\" content=\"index, follow, max-snippet:-1, max-image-preview:large, max-video-preview:-1\" \/>\n<link rel=\"canonical\" href=\"https:\/\/www.mydemenageur.com\/blog\/temoignage-christophe\/\" \/>\n<meta property=\"og:locale\" content=\"fr_FR\" \/>\n<meta property=\"og:type\" content=\"article\" \/>\n<meta property=\"og:title\" content=\"T\u00e9moignage de Christophe ayant fait appel \u00e0 un gros bras MyDemenageur\" \/>\n<meta property=\"og:description\" content=\"Christophe nous fait part de son t\u00e9moignage. Il a fait appel \u00e0 deux gros bras pour d\u00e9placer des meubles d&#039;un garde-meuble \u00e0 son domicile.\" \/>\n<meta property=\"og:url\" content=\"https:\/\/www.mydemenageur.com\/blog\/temoignage-christophe\/\" \/>\n<meta property=\"og:site_name\" content=\"MyDemenageur\" \/>\n<meta property=\"article:publisher\" content=\"https:\/\/www.facebook.com\/mydemenageur\" \/>\n<meta property=\"article:published_time\" content=\"2017-01-20T09:07:31+00:00\" \/>\n<meta property=\"article:modified_time\" content=\"2021-08-27T07:40:04+00:00\" \/>\n<meta property=\"og:image\" content=\"https:\/\/www.mydemenageur.com\/blog\/wp-content\/uploads\/2017\/01\/christophe-mydemenageur.jpeg\" \/>\n\t<meta property=\"og:image:width\" content=\"1000\" \/>\n\t<meta property=\"og:image:height\" content=\"666\" \/>\n\t<meta property=\"og:image:type\" content=\"image\/jpeg\" \/>\n<meta name=\"author\" content=\"Mathilde\" \/>\n<meta name=\"twitter:card\" content=\"summary_large_image\" \/>\n<meta name=\"twitter:creator\" content=\"@mydemenageur\" \/>\n<meta name=\"twitter:site\" content=\"@mydemenageur\" \/>\n<meta name=\"twitter:label1\" content=\"\u00c9crit par\" \/>\n\t<meta name=\"twitter:data1\" content=\"Mathilde\" \/>\n\t<meta name=\"twitter:label2\" content=\"Dur\u00e9e de lecture estim\u00e9e\" \/>\n\t<meta name=\"twitter:data2\" content=\"3 minutes\" \/>\n<script type=\"application\/ld+json\" class=\"yoast-schema-graph\">{\"@context\":\"https:\/\/schema.org\",\"@graph\":[{\"@type\":\"Article\",\"@id\":\"https:\/\/www.mydemenageur.com\/blog\/temoignage-christophe\/#article\",\"isPartOf\":{\"@id\":\"https:\/\/www.mydemenageur.com\/blog\/temoignage-christophe\/\"},\"author\":{\"name\":\"Mathilde\",\"@id\":\"https:\/\/www.mydemenageur.com\/blog\/#\/schema\/person\/4540dc333c2e7dc790f0f7bcd5b99569\"},\"headline\":\"T\u00e9moignage de Christophe ayant fait appel \u00e0 un gros bras MyDemenageur\",\"datePublished\":\"2017-01-20T09:07:31+00:00\",\"dateModified\":\"2021-08-27T07:40:04+00:00\",\"mainEntityOfPage\":{\"@id\":\"https:\/\/www.mydemenageur.com\/blog\/temoignage-christophe\/\"},\"wordCount\":564,\"publisher\":{\"@id\":\"https:\/\/www.mydemenageur.com\/blog\/#organization\"},\"image\":{\"@id\":\"https:\/\/www.mydemenageur.com\/blog\/temoignage-christophe\/#primaryimage\"},\"thumbnailUrl\":\"https:\/\/www.mydemenageur.com\/blog\/wp-content\/uploads\/2017\/01\/christophe-mydemenageur.jpeg\",\"keywords\":[\"Avis\"],\"articleSection\":[\"MyDemenageur\"],\"inLanguage\":\"fr-FR\"},{\"@type\":\"WebPage\",\"@id\":\"https:\/\/www.mydemenageur.com\/blog\/temoignage-christophe\/\",\"url\":\"https:\/\/www.mydemenageur.com\/blog\/temoignage-christophe\/\",\"name\":\"T\u00e9moignage de Christophe ayant fait appel \u00e0 un gros bras MyDemenageur\",\"isPartOf\":{\"@id\":\"https:\/\/www.mydemenageur.com\/blog\/#website\"},\"primaryImageOfPage\":{\"@id\":\"https:\/\/www.mydemenageur.com\/blog\/temoignage-christophe\/#primaryimage\"},\"image\":{\"@id\":\"https:\/\/www.mydemenageur.com\/blog\/temoignage-christophe\/#primaryimage\"},\"thumbnailUrl\":\"https:\/\/www.mydemenageur.com\/blog\/wp-content\/uploads\/2017\/01\/christophe-mydemenageur.jpeg\",\"datePublished\":\"2017-01-20T09:07:31+00:00\",\"dateModified\":\"2021-08-27T07:40:04+00:00\",\"description\":\"Christophe nous fait part de son t\u00e9moignage. Il a fait appel \u00e0 deux gros bras pour d\u00e9placer des meubles d'un garde-meuble \u00e0 son domicile.\",\"breadcrumb\":{\"@id\":\"https:\/\/www.mydemenageur.com\/blog\/temoignage-christophe\/#breadcrumb\"},\"inLanguage\":\"fr-FR\",\"potentialAction\":[{\"@type\":\"ReadAction\",\"target\":[\"https:\/\/www.mydemenageur.com\/blog\/temoignage-christophe\/\"]}]},{\"@type\":\"ImageObject\",\"inLanguage\":\"fr-FR\",\"@id\":\"https:\/\/www.mydemenageur.com\/blog\/temoignage-christophe\/#primaryimage\",\"url\":\"https:\/\/www.mydemenageur.com\/blog\/wp-content\/uploads\/2017\/01\/christophe-mydemenageur.jpeg\",\"contentUrl\":\"https:\/\/www.mydemenageur.com\/blog\/wp-content\/uploads\/2017\/01\/christophe-mydemenageur.jpeg\",\"width\":1000,\"height\":666,\"caption\":\"T\u00e9moignage de Christophe ayant fait appel \u00e0 un gros bras MyDemenageur\"},{\"@type\":\"BreadcrumbList\",\"@id\":\"https:\/\/www.mydemenageur.com\/blog\/temoignage-christophe\/#breadcrumb\",\"itemListElement\":[{\"@type\":\"ListItem\",\"position\":1,\"name\":\"Accueil\",\"item\":\"https:\/\/www.mydemenageur.com\/blog\/\"},{\"@type\":\"ListItem\",\"position\":2,\"name\":\"MyDemenageur\",\"item\":\"https:\/\/www.mydemenageur.com\/blog\/categorie\/demenagement\/\"},{\"@type\":\"ListItem\",\"position\":3,\"name\":\"T\u00e9moignage de Christophe ayant fait appel \u00e0 un gros bras MyDemenageur\"}]},{\"@type\":\"WebSite\",\"@id\":\"https:\/\/www.mydemenageur.com\/blog\/#website\",\"url\":\"https:\/\/www.mydemenageur.com\/blog\/\",\"name\":\"MyDemenageur\",\"description\":\"Conseils d\u00e9m\u00e9ngement entre particuliers et d\u00e9m\u00e9nagement professionnel\",\"publisher\":{\"@id\":\"https:\/\/www.mydemenageur.com\/blog\/#organization\"},\"potentialAction\":[{\"@type\":\"SearchAction\",\"target\":{\"@type\":\"EntryPoint\",\"urlTemplate\":\"https:\/\/www.mydemenageur.com\/blog\/?s={search_term_string}\"},\"query-input\":{\"@type\":\"PropertyValueSpecification\",\"valueRequired\":true,\"valueName\":\"search_term_string\"}}],\"inLanguage\":\"fr-FR\"},{\"@type\":\"Organization\",\"@id\":\"https:\/\/www.mydemenageur.com\/blog\/#organization\",\"name\":\"MyDemenageur.com\",\"url\":\"https:\/\/www.mydemenageur.com\/blog\/\",\"logo\":{\"@type\":\"ImageObject\",\"inLanguage\":\"fr-FR\",\"@id\":\"https:\/\/www.mydemenageur.com\/blog\/#\/schema\/logo\/image\/\",\"url\":\"https:\/\/www.mydemenageur.com\/blog\/wp-content\/uploads\/2022\/05\/MyDemenageur_Symbol.jpg\",\"contentUrl\":\"https:\/\/www.mydemenageur.com\/blog\/wp-content\/uploads\/2022\/05\/MyDemenageur_Symbol.jpg\",\"width\":878,\"height\":877,\"caption\":\"MyDemenageur.com\"},\"image\":{\"@id\":\"https:\/\/www.mydemenageur.com\/blog\/#\/schema\/logo\/image\/\"},\"sameAs\":[\"https:\/\/www.facebook.com\/mydemenageur\",\"https:\/\/x.com\/mydemenageur\",\"https:\/\/www.pinterest.fr\/mydemenageur\/\"]},{\"@type\":\"Person\",\"@id\":\"https:\/\/www.mydemenageur.com\/blog\/#\/schema\/person\/4540dc333c2e7dc790f0f7bcd5b99569\",\"name\":\"Mathilde\",\"image\":{\"@type\":\"ImageObject\",\"inLanguage\":\"fr-FR\",\"@id\":\"https:\/\/www.mydemenageur.com\/blog\/#\/schema\/person\/image\/\",\"url\":\"https:\/\/secure.gravatar.com\/avatar\/abde069f6f70261ee6ecea93e0437d77?s=96&#038;r=g\",\"contentUrl\":\"https:\/\/secure.gravatar.com\/avatar\/abde069f6f70261ee6ecea93e0437d77?s=96&#038;r=g\",\"caption\":\"Mathilde\"},\"description\":\"L'harmonie des couleurs et des objets m'a toujours fascin\u00e9e, transformant chaque pi\u00e8ce en un lieu unique et agr\u00e9able \u00e0 vivre. Sur MyDemenageur, vous trouverez non seulement des inspirations personnelles, mais aussi des informations r\u00e9centes sur le monde de la d\u00e9coration, les projets de maison, le d\u00e9m\u00e9nagement et les travaux.\",\"url\":\"https:\/\/www.mydemenageur.com\/blog\/author\/mathilde\/\"}]}<\/script>\n<!-- \/ Yoast SEO Premium plugin. -->","yoast_head_json":{"title":"T\u00e9moignage de Christophe ayant fait appel \u00e0 un gros bras MyDemenageur","description":"Christophe nous fait part de son t\u00e9moignage. Il a fait appel \u00e0 deux gros bras pour d\u00e9placer des meubles d'un garde-meuble \u00e0 son domicile.","robots":{"index":"index","follow":"follow","max-snippet":"max-snippet:-1","max-image-preview":"max-image-preview:large","max-video-preview":"max-video-preview:-1"},"canonical":"https:\/\/www.mydemenageur.com\/blog\/temoignage-christophe\/","og_locale":"fr_FR","og_type":"article","og_title":"T\u00e9moignage de Christophe ayant fait appel \u00e0 un gros bras MyDemenageur","og_description":"Christophe nous fait part de son t\u00e9moignage. Il a fait appel \u00e0 deux gros bras pour d\u00e9placer des meubles d'un garde-meuble \u00e0 son domicile.","og_url":"https:\/\/www.mydemenageur.com\/blog\/temoignage-christophe\/","og_site_name":"MyDemenageur","article_publisher":"https:\/\/www.facebook.com\/mydemenageur","article_published_time":"2017-01-20T09:07:31+00:00","article_modified_time":"2021-08-27T07:40:04+00:00","og_image":[{"width":1000,"height":666,"url":"https:\/\/www.mydemenageur.com\/blog\/wp-content\/uploads\/2017\/01\/christophe-mydemenageur.jpeg","type":"image\/jpeg"}],"author":"Mathilde","twitter_card":"summary_large_image","twitter_creator":"@mydemenageur","twitter_site":"@mydemenageur","twitter_misc":{"\u00c9crit par":"Mathilde","Dur\u00e9e de lecture estim\u00e9e":"3 minutes"},"schema":{"@context":"https:\/\/schema.org","@graph":[{"@type":"Article","@id":"https:\/\/www.mydemenageur.com\/blog\/temoignage-christophe\/#article","isPartOf":{"@id":"https:\/\/www.mydemenageur.com\/blog\/temoignage-christophe\/"},"author":{"name":"Mathilde","@id":"https:\/\/www.mydemenageur.com\/blog\/#\/schema\/person\/4540dc333c2e7dc790f0f7bcd5b99569"},"headline":"T\u00e9moignage de Christophe ayant fait appel \u00e0 un gros bras MyDemenageur","datePublished":"2017-01-20T09:07:31+00:00","dateModified":"2021-08-27T07:40:04+00:00","mainEntityOfPage":{"@id":"https:\/\/www.mydemenageur.com\/blog\/temoignage-christophe\/"},"wordCount":564,"publisher":{"@id":"https:\/\/www.mydemenageur.com\/blog\/#organization"},"image":{"@id":"https:\/\/www.mydemenageur.com\/blog\/temoignage-christophe\/#primaryimage"},"thumbnailUrl":"https:\/\/www.mydemenageur.com\/blog\/wp-content\/uploads\/2017\/01\/christophe-mydemenageur.jpeg","keywords":["Avis"],"articleSection":["MyDemenageur"],"inLanguage":"fr-FR"},{"@type":"WebPage","@id":"https:\/\/www.mydemenageur.com\/blog\/temoignage-christophe\/","url":"https:\/\/www.mydemenageur.com\/blog\/temoignage-christophe\/","name":"T\u00e9moignage de Christophe ayant fait appel \u00e0 un gros bras MyDemenageur","isPartOf":{"@id":"https:\/\/www.mydemenageur.com\/blog\/#website"},"primaryImageOfPage":{"@id":"https:\/\/www.mydemenageur.com\/blog\/temoignage-christophe\/#primaryimage"},"image":{"@id":"https:\/\/www.mydemenageur.com\/blog\/temoignage-christophe\/#primaryimage"},"thumbnailUrl":"https:\/\/www.mydemenageur.com\/blog\/wp-content\/uploads\/2017\/01\/christophe-mydemenageur.jpeg","datePublished":"2017-01-20T09:07:31+00:00","dateModified":"2021-08-27T07:40:04+00:00","description":"Christophe nous fait part de son t\u00e9moignage. Il a fait appel \u00e0 deux gros bras pour d\u00e9placer des meubles d'un garde-meuble \u00e0 son domicile.","breadcrumb":{"@id":"https:\/\/www.mydemenageur.com\/blog\/temoignage-christophe\/#breadcrumb"},"inLanguage":"fr-FR","potentialAction":[{"@type":"ReadAction","target":["https:\/\/www.mydemenageur.com\/blog\/temoignage-christophe\/"]}]},{"@type":"ImageObject","inLanguage":"fr-FR","@id":"https:\/\/www.mydemenageur.com\/blog\/temoignage-christophe\/#primaryimage","url":"https:\/\/www.mydemenageur.com\/blog\/wp-content\/uploads\/2017\/01\/christophe-mydemenageur.jpeg","contentUrl":"https:\/\/www.mydemenageur.com\/blog\/wp-content\/uploads\/2017\/01\/christophe-mydemenageur.jpeg","width":1000,"height":666,"caption":"T\u00e9moignage de Christophe ayant fait appel \u00e0 un gros bras MyDemenageur"},{"@type":"BreadcrumbList","@id":"https:\/\/www.mydemenageur.com\/blog\/temoignage-christophe\/#breadcrumb","itemListElement":[{"@type":"ListItem","position":1,"name":"Accueil","item":"https:\/\/www.mydemenageur.com\/blog\/"},{"@type":"ListItem","position":2,"name":"MyDemenageur","item":"https:\/\/www.mydemenageur.com\/blog\/categorie\/demenagement\/"},{"@type":"ListItem","position":3,"name":"T\u00e9moignage de Christophe ayant fait appel \u00e0 un gros bras MyDemenageur"}]},{"@type":"WebSite","@id":"https:\/\/www.mydemenageur.com\/blog\/#website","url":"https:\/\/www.mydemenageur.com\/blog\/","name":"MyDemenageur","description":"Conseils d\u00e9m\u00e9ngement entre particuliers et d\u00e9m\u00e9nagement professionnel","publisher":{"@id":"https:\/\/www.mydemenageur.com\/blog\/#organization"},"potentialAction":[{"@type":"SearchAction","target":{"@type":"EntryPoint","urlTemplate":"https:\/\/www.mydemenageur.com\/blog\/?s={search_term_string}"},"query-input":{"@type":"PropertyValueSpecification","valueRequired":true,"valueName":"search_term_string"}}],"inLanguage":"fr-FR"},{"@type":"Organization","@id":"https:\/\/www.mydemenageur.com\/blog\/#organization","name":"MyDemenageur.com","url":"https:\/\/www.mydemenageur.com\/blog\/","logo":{"@type":"ImageObject","inLanguage":"fr-FR","@id":"https:\/\/www.mydemenageur.com\/blog\/#\/schema\/logo\/image\/","url":"https:\/\/www.mydemenageur.com\/blog\/wp-content\/uploads\/2022\/05\/MyDemenageur_Symbol.jpg","contentUrl":"https:\/\/www.mydemenageur.com\/blog\/wp-content\/uploads\/2022\/05\/MyDemenageur_Symbol.jpg","width":878,"height":877,"caption":"MyDemenageur.com"},"image":{"@id":"https:\/\/www.mydemenageur.com\/blog\/#\/schema\/logo\/image\/"},"sameAs":["https:\/\/www.facebook.com\/mydemenageur","https:\/\/x.com\/mydemenageur","https:\/\/www.pinterest.fr\/mydemenageur\/"]},{"@type":"Person","@id":"https:\/\/www.mydemenageur.com\/blog\/#\/schema\/person\/4540dc333c2e7dc790f0f7bcd5b99569","name":"Mathilde","image":{"@type":"ImageObject","inLanguage":"fr-FR","@id":"https:\/\/www.mydemenageur.com\/blog\/#\/schema\/person\/image\/","url":"https:\/\/secure.gravatar.com\/avatar\/abde069f6f70261ee6ecea93e0437d77?s=96&#038;r=g","contentUrl":"https:\/\/secure.gravatar.com\/avatar\/abde069f6f70261ee6ecea93e0437d77?s=96&#038;r=g","caption":"Mathilde"},"description":"L'harmonie des couleurs et des objets m'a toujours fascin\u00e9e, transformant chaque pi\u00e8ce en un lieu unique et agr\u00e9able \u00e0 vivre. Sur MyDemenageur, vous trouverez non seulement des inspirations personnelles, mais aussi des informations r\u00e9centes sur le monde de la d\u00e9coration, les projets de maison, le d\u00e9m\u00e9nagement et les travaux.","url":"https:\/\/www.mydemenageur.com\/blog\/author\/mathilde\/"}]}},"modified_by":"fabien","_links":{"self":[{"href":"https:\/\/www.mydemenageur.com\/blog\/wp-json\/wp\/v2\/posts\/592"}],"collection":[{"href":"https:\/\/www.mydemenageur.com\/blog\/wp-json\/wp\/v2\/posts"}],"about":[{"href":"https:\/\/www.mydemenageur.com\/blog\/wp-json\/wp\/v2\/types\/post"}],"author":[{"embeddable":true,"href":"https:\/\/www.mydemenageur.com\/blog\/wp-json\/wp\/v2\/users\/11"}],"replies":[{"embeddable":true,"href":"https:\/\/www.mydemenageur.com\/blog\/wp-json\/wp\/v2\/comments?post=592"}],"version-history":[{"count":0,"href":"https:\/\/www.mydemenageur.com\/blog\/wp-json\/wp\/v2\/posts\/592\/revisions"}],"wp:featuredmedia":[{"embeddable":true,"href":"https:\/\/www.mydemenageur.com\/blog\/wp-json\/wp\/v2\/media\/21761"}],"wp:attachment":[{"href":"https:\/\/www.mydemenageur.com\/blog\/wp-json\/wp\/v2\/media?parent=592"}],"wp:term":[{"taxonomy":"category","embeddable":true,"href":"https:\/\/www.mydemenageur.com\/blog\/wp-json\/wp\/v2\/categories?post=592"},{"taxonomy":"post_tag","embeddable":true,"href":"https:\/\/www.mydemenageur.com\/blog\/wp-json\/wp\/v2\/tags?post=592"}],"curies":[{"name":"wp","href":"https:\/\/api.w.org\/{rel}","templated":true}]}}