{"id":666,"date":"2018-01-16T10:12:23","date_gmt":"2018-01-16T10:12:23","guid":{"rendered":"https:\/\/www.mydemenageur.com\/blog\/?p=666"},"modified":"2021-08-27T07:39:23","modified_gmt":"2021-08-27T07:39:23","slug":"temoignage-nico23-gros-bras-tours","status":"publish","type":"post","link":"https:\/\/www.mydemenageur.com\/blog\/temoignage-nico23-gros-bras-tours\/","title":{"rendered":"T\u00e9moignage de Nico.23, super gros bras \u00e0 Tours depuis 2015"},"content":{"rendered":"<p>Pour d\u00e9marrer cette nouvelle ann\u00e9e, Nico.23 gros bras tourangeau aguerri (47 avis tous positifs depuis plus de 2 ans) a accept\u00e9 de nous donner une petite interview dans laquelle il nous explique comment <a href=\"\/blog\/services\/\">l&rsquo;aventure MyDemenageur<\/a> a d\u00e9marr\u00e9 pour lui et comment il l&rsquo;utilise pour arrondir ses fins de mois.<\/p>\n<p><strong> <img decoding=\"async\" class=\"wp-image-667 alignleft\" src=\"https:\/\/www.mydemenageur.com\/blog\/wp-content\/uploads\/2018\/01\/nico23-150.jpg\" alt=\"Conseils d\u00e9m\u00e9nagement : transport, m\u00e9nage, d\u00e9marches, r\u00e9parations\" width=\"120\" height=\"131\" \/>MyDemenageur : Bonjour Nicolas, comment avais-tu entendu parl\u00e9 de MyDemenageur et pourquoi as-tu d\u00e9cid\u00e9 de t\u2019inscrire ? Avais-tu une exp\u00e9rience particuli\u00e8re dans le domaine ?<\/strong><br \/>\nC\u2019est en regardant un reportage sur MyDemenageur.com au journal de 20h sur France2 au mois de Juillet 2015 que m&rsquo;est venue l\u2019id\u00e9e. Je me suis inscrit sur le site le soir m\u00eame avec l\u2019id\u00e9e de faire partager mon exp\u00e9rience du d\u00e9m\u00e9nagement, car j\u2019avais d\u00e9j\u00e0 d\u00e9m\u00e9nag\u00e9 une quinzaine de fois moi-m\u00eame pour raison de mobilit\u00e9 professionnelle.<\/p>\n<p><strong>Est-ce que tu donnes r\u00e9guli\u00e8rement des coups de main pour des d\u00e9m\u00e9nagements de particuliers ?<\/strong><br \/>\nDepuis mon inscription sur MyDemenageur, je r\u00e9alise en moyenne une quarantaine de d\u00e9m\u00e9nagements par an, exclusivement pour des particuliers, qui me font travailler par le biais de ch\u00e8que emploi service universel (CESU).<\/p>\n<p><strong>Comment se d\u00e9roule d\u2019habitude la mise en relation ? Est-ce que c\u2019est toi qui r\u00e9ponds aux annonces de ta r\u00e9gion ou bien on te contacte en direct pour tes services ?<\/strong><br \/>\nLa mise en relation se fait toujours par le site internet. Au d\u00e9but, apr\u00e8s mon inscription, c\u2019\u00e9tait majoritairement en r\u00e9pondant aux annonces que je trouvais des missions et maintenant, depuis mai 2016, dans la tr\u00e8s grande majorit\u00e9 des cas, ce sont des particuliers qui m\u2019adressent directement des demandes via la plate-forme MyDemenageur.<\/p>\n<p><strong>En quoi consistaient les d\u00e9m\u00e9nagements pour lesquels tu es intervenu ? Qu\u2019attend-t-on de toi habituellement ?<\/strong><br \/>\nDans tous les cas, je fais de la manutention de charges (cartons, \u00e9lectrom\u00e9nager et autres encombrants). J&rsquo;apporte mon mat\u00e9riel : sangles de manutention pour les charges tr\u00e8s lourdes et tr\u00e8s encombrantes, diable, sangles et aussi la caisse \u00e0 outils de temps en temps. Je r\u00e9alise aussi tr\u00e8s souvent le chargement du camion, c\u2019est-\u00e0-dire que c\u2019est moi qui organise les affaires dans le camion de mani\u00e8re \u00e0 gagner le plus de place possible et \u00e0 \u00e9viter que le mat\u00e9riel ne se casse pendant le transport. J\u2019aide aussi tr\u00e8s r\u00e9guli\u00e8rement les personnes qui me contactent \u00e0 s\u2019organiser (trouver une agence de location pour un utilitaire, conseils pour pr\u00e9parer le d\u00e9m\u00e9nagement, trouver un autre d\u00e9m\u00e9nageur sur le site&#8230;). Et enfin, je propose aussi un service de conduite d\u2019utilitaire pour les personnes qui ne sont pas \u00e0 l\u2019aise avec la conduite de ce type de v\u00e9hicule ou qui n&rsquo;ont pas le permis : ce sont alors les personnes qui louent le camion et j\u2019interviens comme second conducteur d\u00e9clar\u00e9 aupr\u00e8s de l\u2019agence de location.<\/p>\n<p><strong>Avec les particuliers, comment vous mettez-vous d\u2019accord sur l\u2019organisation des d\u00e9m\u00e9nagements ? Par quels moyens (email, t\u00e9l\u00e9phone) ?<\/strong><br \/>\nIl faut se mettre d\u2019accord sur la date, l\u2019heure, le lieu, le nombre de personnes n\u00e9cessaires et aussi sur le mode de r\u00e8glement, par CESU. Apr\u00e8s un ou quelques premiers contacts par mail via MyDemenageur, nous utilisons ensuite le t\u00e9l\u00e9phone et les SMS pour communiquer et confirmer nos engagements.<\/p>\n<p><strong>Es-tu habituellement bien re\u00e7u, bien accueilli ? Es-tu parfois invit\u00e9 pour le d\u00e9jeuner ou l\u2019ap\u00e9ro ?<\/strong><br \/>\nJe suis tr\u00e8s tr\u00e8s souvent bien accueilli et bien re\u00e7u. Les d\u00e9m\u00e9nagements se passent dans une bonne ambiance et il y a tr\u00e8s souvent un caf\u00e9, un ap\u00e9ro ou un sandwich pour nous r\u00e9conforter. Mais pour \u00e9viter tout probl\u00e8me avec des personnes ind\u00e9licates, j\u2019ai aussi appris \u00e0 s\u00e9lectionner un peu parmi les demandes que je re\u00e7ois: ainsi j\u2019ai remarqu\u00e9 que lorsqu\u2019une personne m\u2019adresse une demande o\u00f9 il n\u2019est question que du tarif de ma prestation et si cette demande est mal r\u00e9dig\u00e9e, sans formule de politesse, ce sont tr\u00e8s souvent des ennuis \u00e0 pr\u00e9voir, une mauvaise ambiance au moment du d\u00e9m\u00e9nagement etc\u2026 Donc j\u2019\u00e9vite syst\u00e9matiquement d\u00e9sormais\u00a0ce type de demande.<\/p>\n<p><strong>Quels conseils ou tuyaux donnerais-tu pour les nouveaux gros bras qui s\u2019inscrivent aujourd\u2019hui ?<\/strong><br \/>\nPonctualit\u00e9, organisation, respect mutuel, pr\u00e9venance et \u2026 beaucoup d\u2019\u00e9nergie !!! \ud83d\ude42<\/p>\n<p><strong>As-tu une(des) anecdote(s) sympa(s) \u00e0 raconter pour nos lecteurs ?<\/strong><br \/>\nJe crois effectivement que l\u2019une de mes meilleures exp\u00e9riences via MyDemenageur est d\u2019avoir d\u00e9m\u00e9nag\u00e9 une dame jeune retrait\u00e9e trois fois en un an et demi. Elle m\u2019a fait totalement confiance d\u00e8s le d\u00e9but. J\u2019ai conduit le camion de location \u00e0 chaque fois seul avec toutes ses affaires dedans. La derni\u00e8re fois, j\u2019ai emmen\u00e9 ses affaires dans les Pyr\u00e9n\u00e9es o\u00f9 elle r\u00e9side depuis\u2026<br \/>\nIl y a aussi le d\u00e9m\u00e9nagement d\u2019une \u00e9tudiante en biologie. L\u00e0 aussi confiance totale, j\u2019ai emmen\u00e9 un camion de location avec toutes les affaires de la demoiselle pr\u00e8s de Biscarosse. Ses parents m\u2019ont offert un bon ap\u00e9ro \u00e0 midi apr\u00e8s le d\u00e9chargement et j\u2019ai eu le temps de me baigner sur une plage sauvage pr\u00e8s de la dune du Pilat en rentrant avec le camion vide\u2026<\/p>\n<p><strong>Conseillerais-tu \u00e0 des amis le site mydemenageur.com (et pourquoi) ?<\/strong><br \/>\nJe conseille le site sans r\u00e9serve aucune. Les choix d\u2019administration du site sont bons. Chacun est libre de se pr\u00e9senter comme il le souhaite et ainsi de montrer ce qu\u2019il est capable de r\u00e9aliser au service des autres. Avec la confiance et le respect comme charni\u00e8res. Une exp\u00e9rience cl\u00e9 \u00e0 tous points de vue. Cela fait travailler le lien social, c&rsquo;est bon pour la sant\u00e9 et le moral&#8230; \ud83d\ude42<\/p>\n","protected":false},"excerpt":{"rendered":"<p>Pour d\u00e9marrer cette nouvelle ann\u00e9e, Nico.23 gros bras tourangeau aguerri (47 avis tous positifs depuis plus de 2 ans) a<\/p>\n","protected":false},"author":11,"featured_media":21729,"comment_status":"closed","ping_status":"closed","sticky":false,"template":"","format":"standard","meta":{"_lmt_disableupdate":"","_lmt_disable":"","footnotes":""},"categories":[21],"tags":[107],"yoast_head":"<!-- This site is optimized with the Yoast SEO Premium plugin v24.2 (Yoast SEO v24.5) - https:\/\/yoast.com\/wordpress\/plugins\/seo\/ -->\n<title>T\u00e9moignage de Nico.23, super gros bras \u00e0 Tours depuis 2015<\/title>\n<meta name=\"description\" content=\"Retrouvez le t\u00e9moignage de Nico.23, super &quot;gros bras&quot; MyDemenageur dans la r\u00e9gion de Tours depuis l&#039;ann\u00e9e 2015.\" \/>\n<meta name=\"robots\" content=\"index, follow, max-snippet:-1, max-image-preview:large, max-video-preview:-1\" \/>\n<link rel=\"canonical\" href=\"https:\/\/www.mydemenageur.com\/blog\/temoignage-nico23-gros-bras-tours\/\" \/>\n<meta property=\"og:locale\" content=\"fr_FR\" \/>\n<meta property=\"og:type\" content=\"article\" \/>\n<meta property=\"og:title\" content=\"T\u00e9moignage de Nico.23, super gros bras \u00e0 Tours depuis 2015\" \/>\n<meta property=\"og:description\" content=\"Retrouvez le t\u00e9moignage de Nico.23, super &quot;gros bras&quot; MyDemenageur dans la r\u00e9gion de Tours depuis l&#039;ann\u00e9e 2015.\" \/>\n<meta property=\"og:url\" content=\"https:\/\/www.mydemenageur.com\/blog\/temoignage-nico23-gros-bras-tours\/\" \/>\n<meta property=\"og:site_name\" content=\"MyDemenageur\" \/>\n<meta property=\"article:publisher\" content=\"https:\/\/www.facebook.com\/mydemenageur\" \/>\n<meta property=\"article:published_time\" content=\"2018-01-16T10:12:23+00:00\" \/>\n<meta property=\"article:modified_time\" content=\"2021-08-27T07:39:23+00:00\" \/>\n<meta property=\"og:image\" content=\"https:\/\/www.mydemenageur.com\/blog\/wp-content\/uploads\/2018\/01\/nico-gros-bras.jpeg\" \/>\n\t<meta property=\"og:image:width\" content=\"1000\" \/>\n\t<meta property=\"og:image:height\" content=\"666\" \/>\n\t<meta property=\"og:image:type\" content=\"image\/jpeg\" \/>\n<meta name=\"author\" content=\"Mathilde\" \/>\n<meta name=\"twitter:card\" content=\"summary_large_image\" \/>\n<meta name=\"twitter:creator\" content=\"@mydemenageur\" \/>\n<meta name=\"twitter:site\" content=\"@mydemenageur\" \/>\n<meta name=\"twitter:label1\" content=\"\u00c9crit par\" \/>\n\t<meta name=\"twitter:data1\" content=\"Mathilde\" \/>\n\t<meta name=\"twitter:label2\" content=\"Dur\u00e9e de lecture estim\u00e9e\" \/>\n\t<meta name=\"twitter:data2\" content=\"5 minutes\" \/>\n<script type=\"application\/ld+json\" class=\"yoast-schema-graph\">{\"@context\":\"https:\/\/schema.org\",\"@graph\":[{\"@type\":\"Article\",\"@id\":\"https:\/\/www.mydemenageur.com\/blog\/temoignage-nico23-gros-bras-tours\/#article\",\"isPartOf\":{\"@id\":\"https:\/\/www.mydemenageur.com\/blog\/temoignage-nico23-gros-bras-tours\/\"},\"author\":{\"name\":\"Mathilde\",\"@id\":\"https:\/\/www.mydemenageur.com\/blog\/#\/schema\/person\/4540dc333c2e7dc790f0f7bcd5b99569\"},\"headline\":\"T\u00e9moignage de Nico.23, super gros bras \u00e0 Tours depuis 2015\",\"datePublished\":\"2018-01-16T10:12:23+00:00\",\"dateModified\":\"2021-08-27T07:39:23+00:00\",\"mainEntityOfPage\":{\"@id\":\"https:\/\/www.mydemenageur.com\/blog\/temoignage-nico23-gros-bras-tours\/\"},\"wordCount\":1014,\"publisher\":{\"@id\":\"https:\/\/www.mydemenageur.com\/blog\/#organization\"},\"image\":{\"@id\":\"https:\/\/www.mydemenageur.com\/blog\/temoignage-nico23-gros-bras-tours\/#primaryimage\"},\"thumbnailUrl\":\"https:\/\/www.mydemenageur.com\/blog\/wp-content\/uploads\/2018\/01\/nico-gros-bras.jpeg\",\"keywords\":[\"Avis\"],\"articleSection\":[\"MyDemenageur\"],\"inLanguage\":\"fr-FR\"},{\"@type\":\"WebPage\",\"@id\":\"https:\/\/www.mydemenageur.com\/blog\/temoignage-nico23-gros-bras-tours\/\",\"url\":\"https:\/\/www.mydemenageur.com\/blog\/temoignage-nico23-gros-bras-tours\/\",\"name\":\"T\u00e9moignage de Nico.23, super gros bras \u00e0 Tours depuis 2015\",\"isPartOf\":{\"@id\":\"https:\/\/www.mydemenageur.com\/blog\/#website\"},\"primaryImageOfPage\":{\"@id\":\"https:\/\/www.mydemenageur.com\/blog\/temoignage-nico23-gros-bras-tours\/#primaryimage\"},\"image\":{\"@id\":\"https:\/\/www.mydemenageur.com\/blog\/temoignage-nico23-gros-bras-tours\/#primaryimage\"},\"thumbnailUrl\":\"https:\/\/www.mydemenageur.com\/blog\/wp-content\/uploads\/2018\/01\/nico-gros-bras.jpeg\",\"datePublished\":\"2018-01-16T10:12:23+00:00\",\"dateModified\":\"2021-08-27T07:39:23+00:00\",\"description\":\"Retrouvez le t\u00e9moignage de Nico.23, super \\\"gros bras\\\" MyDemenageur dans la r\u00e9gion de Tours depuis l'ann\u00e9e 2015.\",\"breadcrumb\":{\"@id\":\"https:\/\/www.mydemenageur.com\/blog\/temoignage-nico23-gros-bras-tours\/#breadcrumb\"},\"inLanguage\":\"fr-FR\",\"potentialAction\":[{\"@type\":\"ReadAction\",\"target\":[\"https:\/\/www.mydemenageur.com\/blog\/temoignage-nico23-gros-bras-tours\/\"]}]},{\"@type\":\"ImageObject\",\"inLanguage\":\"fr-FR\",\"@id\":\"https:\/\/www.mydemenageur.com\/blog\/temoignage-nico23-gros-bras-tours\/#primaryimage\",\"url\":\"https:\/\/www.mydemenageur.com\/blog\/wp-content\/uploads\/2018\/01\/nico-gros-bras.jpeg\",\"contentUrl\":\"https:\/\/www.mydemenageur.com\/blog\/wp-content\/uploads\/2018\/01\/nico-gros-bras.jpeg\",\"width\":1000,\"height\":666,\"caption\":\"Nicolas, gros bras MyDemenageur\"},{\"@type\":\"BreadcrumbList\",\"@id\":\"https:\/\/www.mydemenageur.com\/blog\/temoignage-nico23-gros-bras-tours\/#breadcrumb\",\"itemListElement\":[{\"@type\":\"ListItem\",\"position\":1,\"name\":\"Accueil\",\"item\":\"https:\/\/www.mydemenageur.com\/blog\/\"},{\"@type\":\"ListItem\",\"position\":2,\"name\":\"MyDemenageur\",\"item\":\"https:\/\/www.mydemenageur.com\/blog\/categorie\/demenagement\/\"},{\"@type\":\"ListItem\",\"position\":3,\"name\":\"T\u00e9moignage de Nico.23, super gros bras \u00e0 Tours depuis 2015\"}]},{\"@type\":\"WebSite\",\"@id\":\"https:\/\/www.mydemenageur.com\/blog\/#website\",\"url\":\"https:\/\/www.mydemenageur.com\/blog\/\",\"name\":\"MyDemenageur\",\"description\":\"Conseils d\u00e9m\u00e9ngement entre particuliers et d\u00e9m\u00e9nagement professionnel\",\"publisher\":{\"@id\":\"https:\/\/www.mydemenageur.com\/blog\/#organization\"},\"potentialAction\":[{\"@type\":\"SearchAction\",\"target\":{\"@type\":\"EntryPoint\",\"urlTemplate\":\"https:\/\/www.mydemenageur.com\/blog\/?s={search_term_string}\"},\"query-input\":{\"@type\":\"PropertyValueSpecification\",\"valueRequired\":true,\"valueName\":\"search_term_string\"}}],\"inLanguage\":\"fr-FR\"},{\"@type\":\"Organization\",\"@id\":\"https:\/\/www.mydemenageur.com\/blog\/#organization\",\"name\":\"MyDemenageur.com\",\"url\":\"https:\/\/www.mydemenageur.com\/blog\/\",\"logo\":{\"@type\":\"ImageObject\",\"inLanguage\":\"fr-FR\",\"@id\":\"https:\/\/www.mydemenageur.com\/blog\/#\/schema\/logo\/image\/\",\"url\":\"https:\/\/www.mydemenageur.com\/blog\/wp-content\/uploads\/2022\/05\/MyDemenageur_Symbol.jpg\",\"contentUrl\":\"https:\/\/www.mydemenageur.com\/blog\/wp-content\/uploads\/2022\/05\/MyDemenageur_Symbol.jpg\",\"width\":878,\"height\":877,\"caption\":\"MyDemenageur.com\"},\"image\":{\"@id\":\"https:\/\/www.mydemenageur.com\/blog\/#\/schema\/logo\/image\/\"},\"sameAs\":[\"https:\/\/www.facebook.com\/mydemenageur\",\"https:\/\/x.com\/mydemenageur\",\"https:\/\/www.pinterest.fr\/mydemenageur\/\"]},{\"@type\":\"Person\",\"@id\":\"https:\/\/www.mydemenageur.com\/blog\/#\/schema\/person\/4540dc333c2e7dc790f0f7bcd5b99569\",\"name\":\"Mathilde\",\"image\":{\"@type\":\"ImageObject\",\"inLanguage\":\"fr-FR\",\"@id\":\"https:\/\/www.mydemenageur.com\/blog\/#\/schema\/person\/image\/\",\"url\":\"https:\/\/secure.gravatar.com\/avatar\/abde069f6f70261ee6ecea93e0437d77?s=96&#038;r=g\",\"contentUrl\":\"https:\/\/secure.gravatar.com\/avatar\/abde069f6f70261ee6ecea93e0437d77?s=96&#038;r=g\",\"caption\":\"Mathilde\"},\"description\":\"L'harmonie des couleurs et des objets m'a toujours fascin\u00e9e, transformant chaque pi\u00e8ce en un lieu unique et agr\u00e9able \u00e0 vivre. Sur MyDemenageur, vous trouverez non seulement des inspirations personnelles, mais aussi des informations r\u00e9centes sur le monde de la d\u00e9coration, les projets de maison, le d\u00e9m\u00e9nagement et les travaux.\",\"url\":\"https:\/\/www.mydemenageur.com\/blog\/author\/mathilde\/\"}]}<\/script>\n<!-- \/ Yoast SEO Premium plugin. -->","yoast_head_json":{"title":"T\u00e9moignage de Nico.23, super gros bras \u00e0 Tours depuis 2015","description":"Retrouvez le t\u00e9moignage de Nico.23, super \"gros bras\" MyDemenageur dans la r\u00e9gion de Tours depuis l'ann\u00e9e 2015.","robots":{"index":"index","follow":"follow","max-snippet":"max-snippet:-1","max-image-preview":"max-image-preview:large","max-video-preview":"max-video-preview:-1"},"canonical":"https:\/\/www.mydemenageur.com\/blog\/temoignage-nico23-gros-bras-tours\/","og_locale":"fr_FR","og_type":"article","og_title":"T\u00e9moignage de Nico.23, super gros bras \u00e0 Tours depuis 2015","og_description":"Retrouvez le t\u00e9moignage de Nico.23, super \"gros bras\" MyDemenageur dans la r\u00e9gion de Tours depuis l'ann\u00e9e 2015.","og_url":"https:\/\/www.mydemenageur.com\/blog\/temoignage-nico23-gros-bras-tours\/","og_site_name":"MyDemenageur","article_publisher":"https:\/\/www.facebook.com\/mydemenageur","article_published_time":"2018-01-16T10:12:23+00:00","article_modified_time":"2021-08-27T07:39:23+00:00","og_image":[{"width":1000,"height":666,"url":"https:\/\/www.mydemenageur.com\/blog\/wp-content\/uploads\/2018\/01\/nico-gros-bras.jpeg","type":"image\/jpeg"}],"author":"Mathilde","twitter_card":"summary_large_image","twitter_creator":"@mydemenageur","twitter_site":"@mydemenageur","twitter_misc":{"\u00c9crit par":"Mathilde","Dur\u00e9e de lecture estim\u00e9e":"5 minutes"},"schema":{"@context":"https:\/\/schema.org","@graph":[{"@type":"Article","@id":"https:\/\/www.mydemenageur.com\/blog\/temoignage-nico23-gros-bras-tours\/#article","isPartOf":{"@id":"https:\/\/www.mydemenageur.com\/blog\/temoignage-nico23-gros-bras-tours\/"},"author":{"name":"Mathilde","@id":"https:\/\/www.mydemenageur.com\/blog\/#\/schema\/person\/4540dc333c2e7dc790f0f7bcd5b99569"},"headline":"T\u00e9moignage de Nico.23, super gros bras \u00e0 Tours depuis 2015","datePublished":"2018-01-16T10:12:23+00:00","dateModified":"2021-08-27T07:39:23+00:00","mainEntityOfPage":{"@id":"https:\/\/www.mydemenageur.com\/blog\/temoignage-nico23-gros-bras-tours\/"},"wordCount":1014,"publisher":{"@id":"https:\/\/www.mydemenageur.com\/blog\/#organization"},"image":{"@id":"https:\/\/www.mydemenageur.com\/blog\/temoignage-nico23-gros-bras-tours\/#primaryimage"},"thumbnailUrl":"https:\/\/www.mydemenageur.com\/blog\/wp-content\/uploads\/2018\/01\/nico-gros-bras.jpeg","keywords":["Avis"],"articleSection":["MyDemenageur"],"inLanguage":"fr-FR"},{"@type":"WebPage","@id":"https:\/\/www.mydemenageur.com\/blog\/temoignage-nico23-gros-bras-tours\/","url":"https:\/\/www.mydemenageur.com\/blog\/temoignage-nico23-gros-bras-tours\/","name":"T\u00e9moignage de Nico.23, super gros bras \u00e0 Tours depuis 2015","isPartOf":{"@id":"https:\/\/www.mydemenageur.com\/blog\/#website"},"primaryImageOfPage":{"@id":"https:\/\/www.mydemenageur.com\/blog\/temoignage-nico23-gros-bras-tours\/#primaryimage"},"image":{"@id":"https:\/\/www.mydemenageur.com\/blog\/temoignage-nico23-gros-bras-tours\/#primaryimage"},"thumbnailUrl":"https:\/\/www.mydemenageur.com\/blog\/wp-content\/uploads\/2018\/01\/nico-gros-bras.jpeg","datePublished":"2018-01-16T10:12:23+00:00","dateModified":"2021-08-27T07:39:23+00:00","description":"Retrouvez le t\u00e9moignage de Nico.23, super \"gros bras\" MyDemenageur dans la r\u00e9gion de Tours depuis l'ann\u00e9e 2015.","breadcrumb":{"@id":"https:\/\/www.mydemenageur.com\/blog\/temoignage-nico23-gros-bras-tours\/#breadcrumb"},"inLanguage":"fr-FR","potentialAction":[{"@type":"ReadAction","target":["https:\/\/www.mydemenageur.com\/blog\/temoignage-nico23-gros-bras-tours\/"]}]},{"@type":"ImageObject","inLanguage":"fr-FR","@id":"https:\/\/www.mydemenageur.com\/blog\/temoignage-nico23-gros-bras-tours\/#primaryimage","url":"https:\/\/www.mydemenageur.com\/blog\/wp-content\/uploads\/2018\/01\/nico-gros-bras.jpeg","contentUrl":"https:\/\/www.mydemenageur.com\/blog\/wp-content\/uploads\/2018\/01\/nico-gros-bras.jpeg","width":1000,"height":666,"caption":"Nicolas, gros bras MyDemenageur"},{"@type":"BreadcrumbList","@id":"https:\/\/www.mydemenageur.com\/blog\/temoignage-nico23-gros-bras-tours\/#breadcrumb","itemListElement":[{"@type":"ListItem","position":1,"name":"Accueil","item":"https:\/\/www.mydemenageur.com\/blog\/"},{"@type":"ListItem","position":2,"name":"MyDemenageur","item":"https:\/\/www.mydemenageur.com\/blog\/categorie\/demenagement\/"},{"@type":"ListItem","position":3,"name":"T\u00e9moignage de Nico.23, super gros bras \u00e0 Tours depuis 2015"}]},{"@type":"WebSite","@id":"https:\/\/www.mydemenageur.com\/blog\/#website","url":"https:\/\/www.mydemenageur.com\/blog\/","name":"MyDemenageur","description":"Conseils d\u00e9m\u00e9ngement entre particuliers et d\u00e9m\u00e9nagement professionnel","publisher":{"@id":"https:\/\/www.mydemenageur.com\/blog\/#organization"},"potentialAction":[{"@type":"SearchAction","target":{"@type":"EntryPoint","urlTemplate":"https:\/\/www.mydemenageur.com\/blog\/?s={search_term_string}"},"query-input":{"@type":"PropertyValueSpecification","valueRequired":true,"valueName":"search_term_string"}}],"inLanguage":"fr-FR"},{"@type":"Organization","@id":"https:\/\/www.mydemenageur.com\/blog\/#organization","name":"MyDemenageur.com","url":"https:\/\/www.mydemenageur.com\/blog\/","logo":{"@type":"ImageObject","inLanguage":"fr-FR","@id":"https:\/\/www.mydemenageur.com\/blog\/#\/schema\/logo\/image\/","url":"https:\/\/www.mydemenageur.com\/blog\/wp-content\/uploads\/2022\/05\/MyDemenageur_Symbol.jpg","contentUrl":"https:\/\/www.mydemenageur.com\/blog\/wp-content\/uploads\/2022\/05\/MyDemenageur_Symbol.jpg","width":878,"height":877,"caption":"MyDemenageur.com"},"image":{"@id":"https:\/\/www.mydemenageur.com\/blog\/#\/schema\/logo\/image\/"},"sameAs":["https:\/\/www.facebook.com\/mydemenageur","https:\/\/x.com\/mydemenageur","https:\/\/www.pinterest.fr\/mydemenageur\/"]},{"@type":"Person","@id":"https:\/\/www.mydemenageur.com\/blog\/#\/schema\/person\/4540dc333c2e7dc790f0f7bcd5b99569","name":"Mathilde","image":{"@type":"ImageObject","inLanguage":"fr-FR","@id":"https:\/\/www.mydemenageur.com\/blog\/#\/schema\/person\/image\/","url":"https:\/\/secure.gravatar.com\/avatar\/abde069f6f70261ee6ecea93e0437d77?s=96&#038;r=g","contentUrl":"https:\/\/secure.gravatar.com\/avatar\/abde069f6f70261ee6ecea93e0437d77?s=96&#038;r=g","caption":"Mathilde"},"description":"L'harmonie des couleurs et des objets m'a toujours fascin\u00e9e, transformant chaque pi\u00e8ce en un lieu unique et agr\u00e9able \u00e0 vivre. Sur MyDemenageur, vous trouverez non seulement des inspirations personnelles, mais aussi des informations r\u00e9centes sur le monde de la d\u00e9coration, les projets de maison, le d\u00e9m\u00e9nagement et les travaux.","url":"https:\/\/www.mydemenageur.com\/blog\/author\/mathilde\/"}]}},"modified_by":"fabien","_links":{"self":[{"href":"https:\/\/www.mydemenageur.com\/blog\/wp-json\/wp\/v2\/posts\/666"}],"collection":[{"href":"https:\/\/www.mydemenageur.com\/blog\/wp-json\/wp\/v2\/posts"}],"about":[{"href":"https:\/\/www.mydemenageur.com\/blog\/wp-json\/wp\/v2\/types\/post"}],"author":[{"embeddable":true,"href":"https:\/\/www.mydemenageur.com\/blog\/wp-json\/wp\/v2\/users\/11"}],"replies":[{"embeddable":true,"href":"https:\/\/www.mydemenageur.com\/blog\/wp-json\/wp\/v2\/comments?post=666"}],"version-history":[{"count":0,"href":"https:\/\/www.mydemenageur.com\/blog\/wp-json\/wp\/v2\/posts\/666\/revisions"}],"wp:featuredmedia":[{"embeddable":true,"href":"https:\/\/www.mydemenageur.com\/blog\/wp-json\/wp\/v2\/media\/21729"}],"wp:attachment":[{"href":"https:\/\/www.mydemenageur.com\/blog\/wp-json\/wp\/v2\/media?parent=666"}],"wp:term":[{"taxonomy":"category","embeddable":true,"href":"https:\/\/www.mydemenageur.com\/blog\/wp-json\/wp\/v2\/categories?post=666"},{"taxonomy":"post_tag","embeddable":true,"href":"https:\/\/www.mydemenageur.com\/blog\/wp-json\/wp\/v2\/tags?post=666"}],"curies":[{"name":"wp","href":"https:\/\/api.w.org\/{rel}","templated":true}]}}