{"id":777,"date":"2018-08-20T10:06:00","date_gmt":"2018-08-20T10:06:00","guid":{"rendered":"https:\/\/www.mydemenageur.com\/blog\/?p=777"},"modified":"2025-01-14T12:36:04","modified_gmt":"2025-01-14T11:36:04","slug":"demarches-administratives","status":"publish","type":"post","link":"https:\/\/www.mydemenageur.com\/blog\/demarches-administratives\/","title":{"rendered":"28 d\u00e9marches administratives lors d&rsquo;un d\u00e9m\u00e9nagement"},"content":{"rendered":"<p>Selon l\u2019<strong>IFOP<\/strong>, la plupart des <strong>Fran\u00e7ais<\/strong> estiment que <strong>g\u00e9rer un d\u00e9m\u00e9nagement de A \u00e0 Z<\/strong> est l\u2019un des <strong>moments de vie<\/strong> les plus <strong>stressants<\/strong> devant une grossesse, un mariage ou encore un premier achat immobilier\u2009!<\/p>\n<p>Quand on <strong>d\u00e9m\u00e9nage<\/strong>, il faut penser \u00e0 une tonne de choses <strong>avant le d\u00e9m\u00e9nagement<\/strong>, et apr\u00e8s \u00e7a continue. C&rsquo;est une <strong>p\u00e9riode \u00e9prouvante<\/strong> et l&rsquo;<strong>organisation est la cl\u00e9<\/strong> pour s&rsquo;en sortir le moins <strong>fatigu\u00e9<\/strong> possible et sans avoir <strong>rien oubli\u00e9<\/strong>. Le mieux est encore de connaitre toutes les <strong>d\u00e9marches administratives lors d&rsquo;un d\u00e9m\u00e9nagement<\/strong> pour ne pas se retrouver d\u00e9pourvu le <strong>jour J<\/strong>. Vous devez bien s\u00fbr mener \u00e0 bien le <strong>d\u00e9m\u00e9nagement<\/strong> en lui-m\u00eame : <strong>cartons<\/strong>, <strong>camion<\/strong>, <strong>coup de main des amis<\/strong>; mais \u00e9galement ne pas oublier les <strong>28 d\u00e9marches administratives \u00e0 r\u00e9gler<\/strong> autour de cette <strong>transition<\/strong>. Voici un pense-b\u00eate utile pour <strong>vous soulager<\/strong> :<\/p>\n<p><img decoding=\"async\" class=\"aligncenter wp-image-779 size-full\" title=\"Qui pr\u00e9venir \u00e0 2 mois du d\u00e9m\u00e9nagement ?\" src=\"https:\/\/www.mydemenageur.com\/blog\/wp-content\/uploads\/2018\/08\/demarches-demenagement.jpg\" alt=\"Les d\u00e9marches administratives pour votre d\u00e9m\u00e9nagement\" width=\"680\" height=\"312\" srcset=\"https:\/\/www.mydemenageur.com\/blog\/wp-content\/uploads\/2018\/08\/demarches-demenagement.jpg 680w, https:\/\/www.mydemenageur.com\/blog\/wp-content\/uploads\/2018\/08\/demarches-demenagement-300x138.jpg 300w\" sizes=\"(max-width: 680px) 100vw, 680px\" \/><\/p>\n<div id=\"ez-toc-container\" class=\"ez-toc-v2_0_82_2 counter-hierarchy ez-toc-counter ez-toc-custom ez-toc-container-direction\">\n<div class=\"ez-toc-title-container\">\n<p class=\"ez-toc-title\" style=\"cursor:inherit\">Ce que vous allez apprendre<\/p>\n<span class=\"ez-toc-title-toggle\"><\/span><\/div>\n<nav><ul class='ez-toc-list ez-toc-list-level-1 ' ><li class='ez-toc-page-1 ez-toc-heading-level-2'><a class=\"ez-toc-link ez-toc-heading-1\" href=\"https:\/\/www.mydemenageur.com\/blog\/demarches-administratives\/#3-mois-avant-le-demenagement-9-demarches-a-faire\" >3 mois avant le d\u00e9m\u00e9nagement\u00a0: 9 d\u00e9marches \u00e0 faire<\/a><\/li><li class='ez-toc-page-1 ez-toc-heading-level-2'><a class=\"ez-toc-link ez-toc-heading-2\" href=\"https:\/\/www.mydemenageur.com\/blog\/demarches-administratives\/#1-mois-avant-votre-demenagement-10-resiliations-a-effectuer\" >1 mois avant votre d\u00e9m\u00e9nagement\u00a0: 10 r\u00e9siliations \u00e0 effectuer<\/a><\/li><li class='ez-toc-page-1 ez-toc-heading-level-2'><a class=\"ez-toc-link ez-toc-heading-3\" href=\"https:\/\/www.mydemenageur.com\/blog\/demarches-administratives\/#le-jour-du-demenagement-3-demarches-le-jour-j\" >Le jour du d\u00e9m\u00e9nagement\u00a0: 3 d\u00e9marches le jour J<\/a><\/li><li class='ez-toc-page-1 ez-toc-heading-level-2'><a class=\"ez-toc-link ez-toc-heading-4\" href=\"https:\/\/www.mydemenageur.com\/blog\/demarches-administratives\/#apres-le-demenagement-6-demarches-quil-reste-a-realiser\" >Apr\u00e8s le d\u00e9m\u00e9nagement : 6 d\u00e9marches qu\u2019il reste \u00e0 r\u00e9aliser<\/a><ul class='ez-toc-list-level-3' ><li class='ez-toc-heading-level-3'><a class=\"ez-toc-link ez-toc-heading-5\" href=\"https:\/\/www.mydemenageur.com\/blog\/demarches-administratives\/#notre-astuce-pour-vos-formalites-administratives-a-regler-avant-et-apres-le-demenagement\" >Notre astuce pour vos formalit\u00e9s administratives \u00e0 r\u00e9gler avant et apr\u00e8s le d\u00e9m\u00e9nagement<\/a><\/li><\/ul><\/li><\/ul><\/nav><\/div>\n<h2><span class=\"ez-toc-section\" id=\"3-mois-avant-le-demenagement-9-demarches-a-faire\"><\/span>3 mois avant le d\u00e9m\u00e9nagement\u00a0: 9 d\u00e9marches \u00e0 faire<span class=\"ez-toc-section-end\"><\/span><\/h2>\n<p>Afin de vous enlever un peu de charge mentale autour de votre d\u00e9m\u00e9nagement, EkWateur vous propose un contrat d&rsquo;\u00e9nergie verte et vous accompagne dans les <a href=\"https:\/\/ekwateur.fr\/demenagement\/\">d\u00e9marches \u00e0 effectuer lors de votre d\u00e9m\u00e9nagement<\/a> pour le <a href=\"https:\/\/www.mydemenageur.com\/blog\/demenagement-electricite-gaz\/\">transfert de vos contrats d&rsquo;\u00e9lectricit\u00e9 et de gaz<\/a>.<\/p>\n<p>Pour le reste, c&rsquo;est \u00e0 vous d&rsquo;agir et de pr\u00e9voir ces 9 \u00e9tapes 3 mois avant le d\u00e9m\u00e9nagement :<\/p>\n<ol>\n<li><strong>Pr\u00e9venir le propri\u00e9taire et\/ou le syndic de l\u2019immeuble<\/strong> que vous d\u00e9m\u00e9nagez et fixer une date pour l\u2019\u00e9tat des lieux. Pour les locataires, le pr\u00e9avis peut \u00eatre r\u00e9duit \u00e0 1 mois dans certains cas. Une lettre recommand\u00e9e avec avis de r\u00e9ception est n\u00e9cessaire.<\/li>\n<li><strong>V\u00e9rifier vos droits aupr\u00e8s de la CAF<\/strong>. Vous avez peut-\u00eatre droit \u00e0 la <a href=\"https:\/\/www.mydemenageur.com\/blog\/aide-au-demenagement\/\">prime au d\u00e9m\u00e9nagement<\/a>, notamment pour les familles nombreuses.<\/li>\n<li><strong>Prenez contact avec les \u00e9coles<\/strong> de votre futur quartier (si vous avez des enfants) et inscrivez-les \u00e0 l&rsquo;avance.<\/li>\n<li><strong>D\u00e9clarez votre changement d\u2019adresse<\/strong> \u00e0 plusieurs organismes via le <a href=\"https:\/\/psl.service-public.fr\/mademarche\/JeChangeDeCoordonnees\/demarche\" target=\"_blank\" rel=\"noopener noreferrer nofollow\">site du gouvernement<\/a>.<\/li>\n<li><strong>Pr\u00e9venir l\u2019employeur<\/strong> et demandez un cong\u00e9 d\u00e9m\u00e9nagement si n\u00e9cessaire.<\/li>\n<li><strong>Assurer le nouveau logement<\/strong> et r\u00e9siliez l\u2019assurance de l&rsquo;ancien logement ou faites un transfert.<\/li>\n<li><strong>Modifier l\u2019adresse de l\u2019assurance auto<\/strong> et v\u00e9rifier la prime qui pourrait varier.<\/li>\n<li><strong>Pr\u00e9venir la mutuelle sant\u00e9<\/strong> de votre changement d\u2019adresse.<\/li>\n<li><strong>Demandez l\u2019aide d\u2019un professionnel<\/strong>, comme une entreprise de d\u00e9m\u00e9nagement, pour g\u00e9rer la logistique. N&rsquo;h\u00e9sitez pas \u00e0 comparer plusieurs devis pour choisir la meilleure option.<\/li>\n<\/ol>\n<h2><span class=\"ez-toc-section\" id=\"1-mois-avant-votre-demenagement-10-resiliations-a-effectuer\"><\/span>1 mois avant votre d\u00e9m\u00e9nagement\u00a0: 10 r\u00e9siliations \u00e0 effectuer<span class=\"ez-toc-section-end\"><\/span><\/h2>\n<ol>\n<li><strong>Transf\u00e9rer ou r\u00e9silier l\u2019abonnement de t\u00e9l\u00e9phone fixe<\/strong>. Utilisez des services comme Papernest pour faciliter ce transfert.<\/li>\n<li><strong>R\u00e9silier ou transf\u00e9rer la connexion Internet<\/strong>, au moins 10 jours avant le d\u00e9m\u00e9nagement.<\/li>\n<li><strong>R\u00e9silier ou transf\u00e9rer les abonnements TV, c\u00e2ble ou satellite<\/strong>.<\/li>\n<li><strong>Notifier l\u2019op\u00e9rateur de t\u00e9l\u00e9phone portable du changement d\u2019adresse<\/strong>.<\/li>\n<li><strong>Prendre rendez-vous pour les relev\u00e9s d\u2019eau, gaz, \u00e9lectricit\u00e9<\/strong> dans les anciens et nouveaux logements.<\/li>\n<li><strong>R\u00e9exp\u00e9dier le courrier<\/strong> via le <a href=\"https:\/\/www.laposte.fr\/demenagement-absence\/reexpedition-definitive-nationale\" target=\"_blank\" rel=\"noopener noreferrer nofollow\">service de La Poste<\/a>.<\/li>\n<li><strong>Changer l\u2019adresse des abonnements divers<\/strong> : journaux, magazines, livraisons r\u00e9guli\u00e8res, etc.<\/li>\n<li><strong>Transf\u00e9rer vos comptes bancaires<\/strong> dans une agence locale, si n\u00e9cessaire.<\/li>\n<li><strong>Demander une place de stationnement<\/strong> pour le jour du d\u00e9m\u00e9nagement.<\/li>\n<li><strong>Souscrire \u00e0 une assurance d\u00e9m\u00e9nagement<\/strong> pour couvrir les \u00e9ventuels dommages.<\/li>\n<\/ol>\n<h2><span class=\"ez-toc-section\" id=\"le-jour-du-demenagement-3-demarches-le-jour-j\"><\/span>Le jour du d\u00e9m\u00e9nagement\u00a0: 3 d\u00e9marches le jour J<span class=\"ez-toc-section-end\"><\/span><\/h2>\n<ol>\n<li><strong>Relever les compteurs<\/strong> d\u2019eau, de gaz, d\u2019\u00e9lectricit\u00e9, et gardez une copie (une photo, par exemple).<\/li>\n<li>Faites un dernier tour du logement pour v\u00e9rifier que vous n&rsquo;avez rien oubli\u00e9. Il faudra ensuite proc\u00e9der \u00e0 l\u2019<strong>\u00e9tat des lieux de sortie<\/strong>.<\/li>\n<li><strong>Faire l\u2019\u00e9tat des lieux d\u2019entr\u00e9e<\/strong> dans le nouveau logement, si possible avant le jour du d\u00e9m\u00e9nagement.<\/li>\n<\/ol>\n<p><strong>Astuce pour organiser vos cartons<\/strong> : notez les pi\u00e8ces de destination sur chaque carton et ne les chargez pas trop pour \u00e9viter les accidents. Informez l\u2019\u00e9quipe de d\u00e9m\u00e9nageurs des effets fragiles.<\/p>\n<h2><span class=\"ez-toc-section\" id=\"apres-le-demenagement-6-demarches-quil-reste-a-realiser\"><\/span>Apr\u00e8s le d\u00e9m\u00e9nagement : 6 d\u00e9marches qu\u2019il reste \u00e0 r\u00e9aliser<span class=\"ez-toc-section-end\"><\/span><\/h2>\n<ul>\n<li><strong>Changer l\u2019adresse de la carte grise<\/strong>, c&rsquo;est obligatoire et gratuit.<\/li>\n<li><strong>Changer la carte d\u2019\u00e9lecteur<\/strong> \u00e0 la mairie de votre nouvelle r\u00e9sidence.<\/li>\n<li><strong>Envoyer des nouveaux RIB<\/strong> si vous avez chang\u00e9 de compte bancaire.<\/li>\n<li><strong>Modifier la carte de s\u00e9jour<\/strong> si vous \u00eates \u00e9tranger.<\/li>\n<li><strong>Choisir un nouveau m\u00e9decin traitant<\/strong> si votre ancien m\u00e9decin est trop \u00e9loign\u00e9.<\/li>\n<li><strong>Contacter l\u2019entreprise de d\u00e9m\u00e9nagement<\/strong> si des dommages ont \u00e9t\u00e9 caus\u00e9s et suivez les d\u00e9marches pour \u00eatre indemnis\u00e9.<\/li>\n<\/ul>\n<h3><span class=\"ez-toc-section\" id=\"notre-astuce-pour-vos-formalites-administratives-a-regler-avant-et-apres-le-demenagement\"><\/span><strong>Notre astuce pour vos formalit\u00e9s administratives \u00e0 r\u00e9gler avant et apr\u00e8s le d\u00e9m\u00e9nagement<\/strong><span class=\"ez-toc-section-end\"><\/span><\/h3>\n<p>Des startups comme Papernest ou DomosKit proposent de <strong>g\u00e9rer gratuitement la plupart des d\u00e9marches administratives<\/strong> pour vous, telles que la box internet, l\u2019\u00e9nergie, l\u2019assurance habitation, et la redirection de courrier.<\/p>\n<p>Les d\u00e9marches administratives ne doivent pas \u00eatre n\u00e9glig\u00e9es, et suivre les \u00e9tapes mentionn\u00e9es dans cet article vous aidera \u00e0 garder le contr\u00f4le sur votre d\u00e9m\u00e9nagement, du d\u00e9but \u00e0 la fin. Pensez \u00e0 vous entourer de personnes fiables, qu\u2019il s\u2019agisse de d\u00e9m\u00e9nageurs professionnels ou simplement de proches qui peuvent vous pr\u00eater main forte.<\/p>\n","protected":false},"excerpt":{"rendered":"<p>Selon l\u2019IFOP, la plupart des Fran\u00e7ais estiment que g\u00e9rer un d\u00e9m\u00e9nagement de A \u00e0 Z est l\u2019un des moments de<\/p>\n","protected":false},"author":11,"featured_media":779,"comment_status":"closed","ping_status":"closed","sticky":false,"template":"","format":"standard","meta":{"_lmt_disableupdate":"no","_lmt_disable":"no","footnotes":""},"categories":[105],"tags":[],"yoast_head":"<!-- This site is optimized with the Yoast SEO Premium plugin v24.2 (Yoast SEO v24.5) - https:\/\/yoast.com\/wordpress\/plugins\/seo\/ -->\n<title>D\u00e9m\u00e9nagement : les formalit\u00e9s et d\u00e9marches avant et apr\u00e8s<\/title>\n<meta name=\"description\" content=\"Pour vous aider \u00e0 ne rien \u00e0 oublier lors de l&#039;organisation de votre d\u00e9m\u00e9nagement, voici les 28 d\u00e9marches administratives \u00e0 r\u00e9gler.\" \/>\n<meta name=\"robots\" content=\"index, follow, max-snippet:-1, max-image-preview:large, max-video-preview:-1\" \/>\n<link rel=\"canonical\" href=\"https:\/\/www.mydemenageur.com\/blog\/demarches-administratives\/\" \/>\n<meta property=\"og:locale\" content=\"fr_FR\" \/>\n<meta property=\"og:type\" content=\"article\" \/>\n<meta property=\"og:title\" content=\"28 d\u00e9marches administratives lors d&#039;un d\u00e9m\u00e9nagement\" \/>\n<meta property=\"og:description\" content=\"Pour vous aider \u00e0 ne rien \u00e0 oublier lors de l&#039;organisation de votre d\u00e9m\u00e9nagement, voici les 28 d\u00e9marches administratives \u00e0 r\u00e9gler.\" \/>\n<meta property=\"og:url\" content=\"https:\/\/www.mydemenageur.com\/blog\/demarches-administratives\/\" \/>\n<meta property=\"og:site_name\" content=\"MyDemenageur\" \/>\n<meta property=\"article:publisher\" content=\"https:\/\/www.facebook.com\/mydemenageur\" \/>\n<meta property=\"article:published_time\" content=\"2018-08-20T10:06:00+00:00\" \/>\n<meta property=\"article:modified_time\" content=\"2025-01-14T11:36:04+00:00\" \/>\n<meta property=\"og:image\" content=\"https:\/\/www.mydemenageur.com\/blog\/wp-content\/uploads\/2018\/08\/demarches-demenagement.jpg\" \/>\n\t<meta property=\"og:image:width\" content=\"680\" \/>\n\t<meta property=\"og:image:height\" content=\"312\" \/>\n\t<meta property=\"og:image:type\" content=\"image\/jpeg\" \/>\n<meta name=\"author\" content=\"Mathilde\" \/>\n<meta name=\"twitter:card\" content=\"summary_large_image\" \/>\n<meta name=\"twitter:creator\" content=\"@mydemenageur\" \/>\n<meta name=\"twitter:site\" content=\"@mydemenageur\" \/>\n<meta name=\"twitter:label1\" content=\"\u00c9crit par\" \/>\n\t<meta name=\"twitter:data1\" content=\"Mathilde\" \/>\n\t<meta name=\"twitter:label2\" content=\"Dur\u00e9e de lecture estim\u00e9e\" \/>\n\t<meta name=\"twitter:data2\" content=\"5 minutes\" \/>\n<script type=\"application\/ld+json\" class=\"yoast-schema-graph\">{\"@context\":\"https:\/\/schema.org\",\"@graph\":[{\"@type\":\"Article\",\"@id\":\"https:\/\/www.mydemenageur.com\/blog\/demarches-administratives\/#article\",\"isPartOf\":{\"@id\":\"https:\/\/www.mydemenageur.com\/blog\/demarches-administratives\/\"},\"author\":{\"name\":\"Mathilde\",\"@id\":\"https:\/\/www.mydemenageur.com\/blog\/#\/schema\/person\/4540dc333c2e7dc790f0f7bcd5b99569\"},\"headline\":\"28 d\u00e9marches administratives lors d&rsquo;un d\u00e9m\u00e9nagement\",\"datePublished\":\"2018-08-20T10:06:00+00:00\",\"dateModified\":\"2025-01-14T11:36:04+00:00\",\"mainEntityOfPage\":{\"@id\":\"https:\/\/www.mydemenageur.com\/blog\/demarches-administratives\/\"},\"wordCount\":900,\"publisher\":{\"@id\":\"https:\/\/www.mydemenageur.com\/blog\/#organization\"},\"image\":{\"@id\":\"https:\/\/www.mydemenageur.com\/blog\/demarches-administratives\/#primaryimage\"},\"thumbnailUrl\":\"https:\/\/www.mydemenageur.com\/blog\/wp-content\/uploads\/2018\/08\/demarches-demenagement.jpg\",\"articleSection\":[\"D\u00e9marches et autorisations\"],\"inLanguage\":\"fr-FR\"},{\"@type\":\"WebPage\",\"@id\":\"https:\/\/www.mydemenageur.com\/blog\/demarches-administratives\/\",\"url\":\"https:\/\/www.mydemenageur.com\/blog\/demarches-administratives\/\",\"name\":\"D\u00e9m\u00e9nagement : les formalit\u00e9s et d\u00e9marches avant et apr\u00e8s\",\"isPartOf\":{\"@id\":\"https:\/\/www.mydemenageur.com\/blog\/#website\"},\"primaryImageOfPage\":{\"@id\":\"https:\/\/www.mydemenageur.com\/blog\/demarches-administratives\/#primaryimage\"},\"image\":{\"@id\":\"https:\/\/www.mydemenageur.com\/blog\/demarches-administratives\/#primaryimage\"},\"thumbnailUrl\":\"https:\/\/www.mydemenageur.com\/blog\/wp-content\/uploads\/2018\/08\/demarches-demenagement.jpg\",\"datePublished\":\"2018-08-20T10:06:00+00:00\",\"dateModified\":\"2025-01-14T11:36:04+00:00\",\"description\":\"Pour vous aider \u00e0 ne rien \u00e0 oublier lors de l'organisation de votre d\u00e9m\u00e9nagement, voici les 28 d\u00e9marches administratives \u00e0 r\u00e9gler.\",\"breadcrumb\":{\"@id\":\"https:\/\/www.mydemenageur.com\/blog\/demarches-administratives\/#breadcrumb\"},\"inLanguage\":\"fr-FR\",\"potentialAction\":[{\"@type\":\"ReadAction\",\"target\":[\"https:\/\/www.mydemenageur.com\/blog\/demarches-administratives\/\"]}]},{\"@type\":\"ImageObject\",\"inLanguage\":\"fr-FR\",\"@id\":\"https:\/\/www.mydemenageur.com\/blog\/demarches-administratives\/#primaryimage\",\"url\":\"https:\/\/www.mydemenageur.com\/blog\/wp-content\/uploads\/2018\/08\/demarches-demenagement.jpg\",\"contentUrl\":\"https:\/\/www.mydemenageur.com\/blog\/wp-content\/uploads\/2018\/08\/demarches-demenagement.jpg\",\"width\":680,\"height\":312,\"caption\":\"demarches demenagement\"},{\"@type\":\"BreadcrumbList\",\"@id\":\"https:\/\/www.mydemenageur.com\/blog\/demarches-administratives\/#breadcrumb\",\"itemListElement\":[{\"@type\":\"ListItem\",\"position\":1,\"name\":\"Accueil\",\"item\":\"https:\/\/www.mydemenageur.com\/blog\/\"},{\"@type\":\"ListItem\",\"position\":2,\"name\":\"D\u00e9marches et autorisations\",\"item\":\"https:\/\/www.mydemenageur.com\/blog\/categorie\/demarches\/\"},{\"@type\":\"ListItem\",\"position\":3,\"name\":\"28 d\u00e9marches administratives lors d&rsquo;un d\u00e9m\u00e9nagement\"}]},{\"@type\":\"WebSite\",\"@id\":\"https:\/\/www.mydemenageur.com\/blog\/#website\",\"url\":\"https:\/\/www.mydemenageur.com\/blog\/\",\"name\":\"MyDemenageur\",\"description\":\"Conseils d\u00e9m\u00e9ngement entre particuliers et d\u00e9m\u00e9nagement professionnel\",\"publisher\":{\"@id\":\"https:\/\/www.mydemenageur.com\/blog\/#organization\"},\"potentialAction\":[{\"@type\":\"SearchAction\",\"target\":{\"@type\":\"EntryPoint\",\"urlTemplate\":\"https:\/\/www.mydemenageur.com\/blog\/?s={search_term_string}\"},\"query-input\":{\"@type\":\"PropertyValueSpecification\",\"valueRequired\":true,\"valueName\":\"search_term_string\"}}],\"inLanguage\":\"fr-FR\"},{\"@type\":\"Organization\",\"@id\":\"https:\/\/www.mydemenageur.com\/blog\/#organization\",\"name\":\"MyDemenageur.com\",\"url\":\"https:\/\/www.mydemenageur.com\/blog\/\",\"logo\":{\"@type\":\"ImageObject\",\"inLanguage\":\"fr-FR\",\"@id\":\"https:\/\/www.mydemenageur.com\/blog\/#\/schema\/logo\/image\/\",\"url\":\"https:\/\/www.mydemenageur.com\/blog\/wp-content\/uploads\/2022\/05\/MyDemenageur_Symbol.jpg\",\"contentUrl\":\"https:\/\/www.mydemenageur.com\/blog\/wp-content\/uploads\/2022\/05\/MyDemenageur_Symbol.jpg\",\"width\":878,\"height\":877,\"caption\":\"MyDemenageur.com\"},\"image\":{\"@id\":\"https:\/\/www.mydemenageur.com\/blog\/#\/schema\/logo\/image\/\"},\"sameAs\":[\"https:\/\/www.facebook.com\/mydemenageur\",\"https:\/\/x.com\/mydemenageur\",\"https:\/\/www.pinterest.fr\/mydemenageur\/\"]},{\"@type\":\"Person\",\"@id\":\"https:\/\/www.mydemenageur.com\/blog\/#\/schema\/person\/4540dc333c2e7dc790f0f7bcd5b99569\",\"name\":\"Mathilde\",\"image\":{\"@type\":\"ImageObject\",\"inLanguage\":\"fr-FR\",\"@id\":\"https:\/\/www.mydemenageur.com\/blog\/#\/schema\/person\/image\/\",\"url\":\"https:\/\/secure.gravatar.com\/avatar\/abde069f6f70261ee6ecea93e0437d77?s=96&#038;r=g\",\"contentUrl\":\"https:\/\/secure.gravatar.com\/avatar\/abde069f6f70261ee6ecea93e0437d77?s=96&#038;r=g\",\"caption\":\"Mathilde\"},\"description\":\"L'harmonie des couleurs et des objets m'a toujours fascin\u00e9e, transformant chaque pi\u00e8ce en un lieu unique et agr\u00e9able \u00e0 vivre. Sur MyDemenageur, vous trouverez non seulement des inspirations personnelles, mais aussi des informations r\u00e9centes sur le monde de la d\u00e9coration, les projets de maison, le d\u00e9m\u00e9nagement et les travaux.\",\"url\":\"https:\/\/www.mydemenageur.com\/blog\/author\/mathilde\/\"}]}<\/script>\n<!-- \/ Yoast SEO Premium plugin. -->","yoast_head_json":{"title":"D\u00e9m\u00e9nagement : les formalit\u00e9s et d\u00e9marches avant et apr\u00e8s","description":"Pour vous aider \u00e0 ne rien \u00e0 oublier lors de l'organisation de votre d\u00e9m\u00e9nagement, voici les 28 d\u00e9marches administratives \u00e0 r\u00e9gler.","robots":{"index":"index","follow":"follow","max-snippet":"max-snippet:-1","max-image-preview":"max-image-preview:large","max-video-preview":"max-video-preview:-1"},"canonical":"https:\/\/www.mydemenageur.com\/blog\/demarches-administratives\/","og_locale":"fr_FR","og_type":"article","og_title":"28 d\u00e9marches administratives lors d'un d\u00e9m\u00e9nagement","og_description":"Pour vous aider \u00e0 ne rien \u00e0 oublier lors de l'organisation de votre d\u00e9m\u00e9nagement, voici les 28 d\u00e9marches administratives \u00e0 r\u00e9gler.","og_url":"https:\/\/www.mydemenageur.com\/blog\/demarches-administratives\/","og_site_name":"MyDemenageur","article_publisher":"https:\/\/www.facebook.com\/mydemenageur","article_published_time":"2018-08-20T10:06:00+00:00","article_modified_time":"2025-01-14T11:36:04+00:00","og_image":[{"width":680,"height":312,"url":"https:\/\/www.mydemenageur.com\/blog\/wp-content\/uploads\/2018\/08\/demarches-demenagement.jpg","type":"image\/jpeg"}],"author":"Mathilde","twitter_card":"summary_large_image","twitter_creator":"@mydemenageur","twitter_site":"@mydemenageur","twitter_misc":{"\u00c9crit par":"Mathilde","Dur\u00e9e de lecture estim\u00e9e":"5 minutes"},"schema":{"@context":"https:\/\/schema.org","@graph":[{"@type":"Article","@id":"https:\/\/www.mydemenageur.com\/blog\/demarches-administratives\/#article","isPartOf":{"@id":"https:\/\/www.mydemenageur.com\/blog\/demarches-administratives\/"},"author":{"name":"Mathilde","@id":"https:\/\/www.mydemenageur.com\/blog\/#\/schema\/person\/4540dc333c2e7dc790f0f7bcd5b99569"},"headline":"28 d\u00e9marches administratives lors d&rsquo;un d\u00e9m\u00e9nagement","datePublished":"2018-08-20T10:06:00+00:00","dateModified":"2025-01-14T11:36:04+00:00","mainEntityOfPage":{"@id":"https:\/\/www.mydemenageur.com\/blog\/demarches-administratives\/"},"wordCount":900,"publisher":{"@id":"https:\/\/www.mydemenageur.com\/blog\/#organization"},"image":{"@id":"https:\/\/www.mydemenageur.com\/blog\/demarches-administratives\/#primaryimage"},"thumbnailUrl":"https:\/\/www.mydemenageur.com\/blog\/wp-content\/uploads\/2018\/08\/demarches-demenagement.jpg","articleSection":["D\u00e9marches et autorisations"],"inLanguage":"fr-FR"},{"@type":"WebPage","@id":"https:\/\/www.mydemenageur.com\/blog\/demarches-administratives\/","url":"https:\/\/www.mydemenageur.com\/blog\/demarches-administratives\/","name":"D\u00e9m\u00e9nagement : les formalit\u00e9s et d\u00e9marches avant et apr\u00e8s","isPartOf":{"@id":"https:\/\/www.mydemenageur.com\/blog\/#website"},"primaryImageOfPage":{"@id":"https:\/\/www.mydemenageur.com\/blog\/demarches-administratives\/#primaryimage"},"image":{"@id":"https:\/\/www.mydemenageur.com\/blog\/demarches-administratives\/#primaryimage"},"thumbnailUrl":"https:\/\/www.mydemenageur.com\/blog\/wp-content\/uploads\/2018\/08\/demarches-demenagement.jpg","datePublished":"2018-08-20T10:06:00+00:00","dateModified":"2025-01-14T11:36:04+00:00","description":"Pour vous aider \u00e0 ne rien \u00e0 oublier lors de l'organisation de votre d\u00e9m\u00e9nagement, voici les 28 d\u00e9marches administratives \u00e0 r\u00e9gler.","breadcrumb":{"@id":"https:\/\/www.mydemenageur.com\/blog\/demarches-administratives\/#breadcrumb"},"inLanguage":"fr-FR","potentialAction":[{"@type":"ReadAction","target":["https:\/\/www.mydemenageur.com\/blog\/demarches-administratives\/"]}]},{"@type":"ImageObject","inLanguage":"fr-FR","@id":"https:\/\/www.mydemenageur.com\/blog\/demarches-administratives\/#primaryimage","url":"https:\/\/www.mydemenageur.com\/blog\/wp-content\/uploads\/2018\/08\/demarches-demenagement.jpg","contentUrl":"https:\/\/www.mydemenageur.com\/blog\/wp-content\/uploads\/2018\/08\/demarches-demenagement.jpg","width":680,"height":312,"caption":"demarches demenagement"},{"@type":"BreadcrumbList","@id":"https:\/\/www.mydemenageur.com\/blog\/demarches-administratives\/#breadcrumb","itemListElement":[{"@type":"ListItem","position":1,"name":"Accueil","item":"https:\/\/www.mydemenageur.com\/blog\/"},{"@type":"ListItem","position":2,"name":"D\u00e9marches et autorisations","item":"https:\/\/www.mydemenageur.com\/blog\/categorie\/demarches\/"},{"@type":"ListItem","position":3,"name":"28 d\u00e9marches administratives lors d&rsquo;un d\u00e9m\u00e9nagement"}]},{"@type":"WebSite","@id":"https:\/\/www.mydemenageur.com\/blog\/#website","url":"https:\/\/www.mydemenageur.com\/blog\/","name":"MyDemenageur","description":"Conseils d\u00e9m\u00e9ngement entre particuliers et d\u00e9m\u00e9nagement professionnel","publisher":{"@id":"https:\/\/www.mydemenageur.com\/blog\/#organization"},"potentialAction":[{"@type":"SearchAction","target":{"@type":"EntryPoint","urlTemplate":"https:\/\/www.mydemenageur.com\/blog\/?s={search_term_string}"},"query-input":{"@type":"PropertyValueSpecification","valueRequired":true,"valueName":"search_term_string"}}],"inLanguage":"fr-FR"},{"@type":"Organization","@id":"https:\/\/www.mydemenageur.com\/blog\/#organization","name":"MyDemenageur.com","url":"https:\/\/www.mydemenageur.com\/blog\/","logo":{"@type":"ImageObject","inLanguage":"fr-FR","@id":"https:\/\/www.mydemenageur.com\/blog\/#\/schema\/logo\/image\/","url":"https:\/\/www.mydemenageur.com\/blog\/wp-content\/uploads\/2022\/05\/MyDemenageur_Symbol.jpg","contentUrl":"https:\/\/www.mydemenageur.com\/blog\/wp-content\/uploads\/2022\/05\/MyDemenageur_Symbol.jpg","width":878,"height":877,"caption":"MyDemenageur.com"},"image":{"@id":"https:\/\/www.mydemenageur.com\/blog\/#\/schema\/logo\/image\/"},"sameAs":["https:\/\/www.facebook.com\/mydemenageur","https:\/\/x.com\/mydemenageur","https:\/\/www.pinterest.fr\/mydemenageur\/"]},{"@type":"Person","@id":"https:\/\/www.mydemenageur.com\/blog\/#\/schema\/person\/4540dc333c2e7dc790f0f7bcd5b99569","name":"Mathilde","image":{"@type":"ImageObject","inLanguage":"fr-FR","@id":"https:\/\/www.mydemenageur.com\/blog\/#\/schema\/person\/image\/","url":"https:\/\/secure.gravatar.com\/avatar\/abde069f6f70261ee6ecea93e0437d77?s=96&#038;r=g","contentUrl":"https:\/\/secure.gravatar.com\/avatar\/abde069f6f70261ee6ecea93e0437d77?s=96&#038;r=g","caption":"Mathilde"},"description":"L'harmonie des couleurs et des objets m'a toujours fascin\u00e9e, transformant chaque pi\u00e8ce en un lieu unique et agr\u00e9able \u00e0 vivre. Sur MyDemenageur, vous trouverez non seulement des inspirations personnelles, mais aussi des informations r\u00e9centes sur le monde de la d\u00e9coration, les projets de maison, le d\u00e9m\u00e9nagement et les travaux.","url":"https:\/\/www.mydemenageur.com\/blog\/author\/mathilde\/"}]}},"modified_by":"MyDemenageur","_links":{"self":[{"href":"https:\/\/www.mydemenageur.com\/blog\/wp-json\/wp\/v2\/posts\/777"}],"collection":[{"href":"https:\/\/www.mydemenageur.com\/blog\/wp-json\/wp\/v2\/posts"}],"about":[{"href":"https:\/\/www.mydemenageur.com\/blog\/wp-json\/wp\/v2\/types\/post"}],"author":[{"embeddable":true,"href":"https:\/\/www.mydemenageur.com\/blog\/wp-json\/wp\/v2\/users\/11"}],"replies":[{"embeddable":true,"href":"https:\/\/www.mydemenageur.com\/blog\/wp-json\/wp\/v2\/comments?post=777"}],"version-history":[{"count":0,"href":"https:\/\/www.mydemenageur.com\/blog\/wp-json\/wp\/v2\/posts\/777\/revisions"}],"wp:featuredmedia":[{"embeddable":true,"href":"https:\/\/www.mydemenageur.com\/blog\/wp-json\/wp\/v2\/media\/779"}],"wp:attachment":[{"href":"https:\/\/www.mydemenageur.com\/blog\/wp-json\/wp\/v2\/media?parent=777"}],"wp:term":[{"taxonomy":"category","embeddable":true,"href":"https:\/\/www.mydemenageur.com\/blog\/wp-json\/wp\/v2\/categories?post=777"},{"taxonomy":"post_tag","embeddable":true,"href":"https:\/\/www.mydemenageur.com\/blog\/wp-json\/wp\/v2\/tags?post=777"}],"curies":[{"name":"wp","href":"https:\/\/api.w.org\/{rel}","templated":true}]}}