{"id":793,"date":"2018-08-28T23:34:08","date_gmt":"2018-08-28T23:34:08","guid":{"rendered":"https:\/\/www.mydemenageur.com\/blog\/?p=793"},"modified":"2021-08-27T07:39:23","modified_gmt":"2021-08-27T07:39:23","slug":"mydemenageur-a-5-ans","status":"publish","type":"post","link":"https:\/\/www.mydemenageur.com\/blog\/mydemenageur-a-5-ans\/","title":{"rendered":"MyDemenageur.com a 5 ans\u00a0: bilan, motivations, anecdotes"},"content":{"rendered":"<p>Le 28 ao\u00fbt 2013, il y a exactement 5 ans aujourd&rsquo;hui, <a href=\"\/blog\/services\/\">MyDemenageur<\/a> lan\u00e7ait sa plateforme gratuite de d\u00e9m\u00e9nagement entre particuliers. Tr\u00e8s motiv\u00e9 par ce nouveau projet de site d\u2019entraide qu&rsquo;il voulait avant tout convivial et pratique (ou \u00ab\u00a0d\u00e9m\u00e9nager comme avec des copains\u00a0\u00bb), Dorian Touly son fondateur, pr\u00e9pare la future plateforme pendant longtemps en parall\u00e8le de ces activit\u00e9s. Dessins, maquettes, benchmarks, design, codage&#8230; Il faut de longs mois avant que MyDemenageur ne voit le jour.<!--more--><\/p>\n<div id=\"attachment_9\" style=\"width: 934px\" class=\"wp-caption alignnone\"><img decoding=\"async\" aria-describedby=\"caption-attachment-9\" class=\"wp-image-9 size-full\" src=\"https:\/\/www.mydemenageur.com\/blog\/wp-content\/uploads\/2013\/09\/lancement_obama.jpg\" alt=\"Conseils d\u00e9m\u00e9nagement : transport, m\u00e9nage, d\u00e9marches, r\u00e9parations\" width=\"924\" height=\"800\" srcset=\"https:\/\/www.mydemenageur.com\/blog\/wp-content\/uploads\/2013\/09\/lancement_obama.jpg 924w, https:\/\/www.mydemenageur.com\/blog\/wp-content\/uploads\/2013\/09\/lancement_obama-300x260.jpg 300w, https:\/\/www.mydemenageur.com\/blog\/wp-content\/uploads\/2013\/09\/lancement_obama-768x665.jpg 768w\" sizes=\"(max-width: 924px) 100vw, 924px\" \/><p id=\"caption-attachment-9\" class=\"wp-caption-text\">Obama lancait MyDemenageur il y a 5 ans<\/p><\/div>\n<p>Au lancement le site \u00e9tait simple. Simple mais fonctionnel. De quoi s&rsquo;inscrire pour les nouveaux gros bras et passer une petite annonce pour particuliers. Mais tout \u00e9tait \u00e0 faire. Nous \u00e9tions convaincus de son utilit\u00e9 et qu&rsquo;il pourrait int\u00e9resser beaucoup de monde, mais comment faire parler du site\u00a0? Le probl\u00e8me \u00e9tait aussi que le site \u00e9tait vide. Les gens entreraient-ils dans une boutique vide\u00a0? Allaient-ils m\u00eame prendre la peine de passer une annonce ou r\u00e9diger un profil\u00a0sur un site vide ? Ce sont les craintes que nous avions en d\u00e9marrant cette aventure.<\/p>\n<div id=\"attachment_795\" style=\"width: 690px\" class=\"wp-caption alignnone\"><img decoding=\"async\" aria-describedby=\"caption-attachment-795\" class=\"wp-image-795 size-full\" src=\"https:\/\/www.mydemenageur.com\/blog\/wp-content\/uploads\/2018\/08\/design_mydem-debut.jpg\" alt=\"Conseils d\u00e9m\u00e9nagement : transport, m\u00e9nage, d\u00e9marches, r\u00e9parations\" width=\"680\" height=\"445\" srcset=\"https:\/\/www.mydemenageur.com\/blog\/wp-content\/uploads\/2018\/08\/design_mydem-debut.jpg 680w, https:\/\/www.mydemenageur.com\/blog\/wp-content\/uploads\/2018\/08\/design_mydem-debut-300x196.jpg 300w\" sizes=\"(max-width: 680px) 100vw, 680px\" \/><p id=\"caption-attachment-795\" class=\"wp-caption-text\">La page d\u2019accueil le jour de l&rsquo;ouverture (29\/08\/2013)<\/p><\/div>\n<p>Le jour du lancement, le monde (bon ok les amis et la famille) d\u00e9couvre MyDemenageur. Nous recevons beaucoup de f\u00e9licitations et d&rsquo;encouragements. Nous sommes galvanis\u00e9s et persuad\u00e9s d&rsquo;\u00eatre sur de bons rails.<br \/>\nUn mois apr\u00e8s son ouverture, seulement 15 profils gros bras avaient \u00e9t\u00e9 cr\u00e9\u00e9s (et encore la moiti\u00e9 par des amis et la famille). On savait que cela allait \u00eatre long et que Rome ne s&rsquo;\u00e9tait pas construite en un jour mais c&rsquo;\u00e9tait une d\u00e9ception il faut bien l&rsquo;avouer.<br \/>\nFin 2013, la plateforme avait 57 profils. Vraiment rien d&rsquo;extraordinaire. Fallait-il continuer\u00a0? S&rsquo;obstiner et continuer \u00e0 travailler pour faire conna\u00eetre MyDemenageur et am\u00e9liorer le produit en m\u00eame temps\u00a0? Cela en valait-il la peine\u00a0? On peut maintenant dire oui. Mille fois oui !! Et nous avons bien fait de continuer.<br \/>\nCe sont les avis d\u00e9pos\u00e9s par les quelques utilisateurs de la plateforme qui nous ont permis de tenir bon et de continuer \u00e0 y croire. Il y avait d\u00e9j\u00e0 \u00e0 l&rsquo;\u00e9poque plus de 96% d&rsquo;avis positifs (voir tr\u00e8s positifs) laiss\u00e9s sur les profils gros bras, parmi lesquels\u00a0:<br \/>\n\u00ab\u00a0Motiv\u00e9, s\u00e9rieux, ponctuel, courageux, de confiance c&rsquo;est le coup de pouce parfait pour un d\u00e9m\u00e9nagement\u00a0\u00bb<br \/>\n\u00ab\u00a0Nous avons report\u00e9 le jour de d\u00e9m\u00e9nagement et le jour J, il est rest\u00e9 avec nous jusqu&rsquo;\u00e0 3 heures du matin.\u00a0\u00bb<br \/>\n\u00ab\u00a0 Nous venons de passer 9 heures aux c\u00f4t\u00e9s d&rsquo;un gar\u00e7on formidable, ponctuel, travailleur et tr\u00e8s agr\u00e9able\u00a0\u00bb<br \/>\n\u00ab\u00a0Alors que dire que ce mec est vraiment super, impliqu\u00e9 et motiv\u00e9 ! Au vu des gal\u00e8res rencontr\u00e9es sur mon d\u00e9m\u00e9nagement, il est rest\u00e9 \u00e0 fond jusqu&rsquo;au bout ! Il devait faire du 13h \/ 17h au lieu du 13h \/ 21h !\u00a0\u00bb<br \/>\n\u00ab\u00a0Quelle ambiance !!! Une \u00e9quipe de killers, m\u00eame dans l&rsquo;effort on peut prendre du plaisir , bonne continuation les artistes !!\u00a0\u00bb<br \/>\n\u00ab\u00a0Genialissime ! Il a \u00e9t\u00e9 ponctuel, rapide, pr\u00e9cis, tout c&rsquo;est super bien d\u00e9roul\u00e9, personne super sympa je recommande vivement !\u00a0\u00bb<br \/>\nUn matin de mars 2014, tout va changer. Nous recevons un email d&rsquo;une journaliste de France 5 qui travaille pour \u00ab\u00a0La Quotidienne\u00a0\u00bb. Elle se dit int\u00e9ress\u00e9e par MyDemenageur et souhaite tourner un reportage pendant un d\u00e9m\u00e9nagement. Cela fera partie d&rsquo;une \u00e9mission consacr\u00e9e au d\u00e9m\u00e9nagement. Le reportage dure moins de 3min (<a href=\"https:\/\/www.youtube.com\/watch?v=LWxAJRDHwCM\" target=\"_blank\" rel=\"noopener noreferrer\">on peut encore le voir ici<\/a>) et est un succ\u00e8s. La diffusion de l&rsquo;\u00e9mission g\u00e9n\u00e8re 30 nouveaux profils d&rsquo;un coup. Pas le P\u00e9rou, mais \u00e0 partir de ce moment l\u00e0, les choses vont aller crescendo.<br \/>\nLe 21 juillet 2014, des amis nous appelle un midi pour nous dire \u00ab\u00a0Hey bravo\u00a0! On vient de voir MyDemenageur passer au JT de 13h sur France 2\u00a0!\u00bb Quoi\u00a0? Nous n&rsquo;\u00e9tions au courant de rien\u00a0! Le site est alors inond\u00e9 de visites (mais ne tombe pas\u00a0!) La plateforme enregistre un pic record de trafic et plein de nouvelles inscriptions. Presque 1 an apr\u00e8s son lancement, plus de 600 gros bras ont cr\u00e9\u00e9 leurs profils. Ca y est, cette fois nous sommes en route.<br \/>\nDepuis ce moment et des passages sur <a href=\"https:\/\/france3-regions.francetvinfo.fr\/rhone-alpes\/demenagement-collaboratif-zoom-sur-le-site-muscle-mydemenageurcom-1080789.html\" target=\"_blank\" rel=\"noopener noreferrer\">France 3<\/a>, <a href=\"https:\/\/www.france4.fr\/emissions\/on-n-est-plus-des-pigeons\/enquete\/my-demenageur-muscle-l-entraide-entre-particuliers_282819\" target=\"_blank\" rel=\"noopener noreferrer\">France 4<\/a>, <a href=\"https:\/\/www.forbes.fr\/technologie\/ces-sites-qui-digitalisent-les-services-de-demenagement\/\" target=\"_blank\" rel=\"noopener noreferrer\">Forbes<\/a>, <a href=\"https:\/\/www.mydemenageur.com\/images\/partenaires\/leparisien-article.jpg\" target=\"_blank\" rel=\"noopener noreferrer\">Le Parisien<\/a>, <a href=\"https:\/\/etudiant.lefigaro.fr\/article\/trois-sites-internet-pour-demenager-pas-cher_80e110f0-88f2-11e8-af74-36cf2d08f424\/\" target=\"_blank\" rel=\"noopener noreferrer\">Le Figaro<\/a>, <a href=\"https:\/\/www.20minutes.fr\/magazine\/economie-collaborative\/services-collaboratif\/le-demenagement-se-met-au-collaboratif-210665\/\" target=\"_blank\" rel=\"noopener noreferrer\">20 Minutes<\/a>, <a href=\"https:\/\/bfmbusiness.bfmtv.com\/entreprise\/louer-les-bras-de-particuliers-pour-demenager-993278.html\" target=\"_blank\" rel=\"noopener noreferrer\">BFM<\/a> mais surtout <a href=\"https:\/\/www.topito.com\/top-services-particuliers-consommation-collective\" target=\"_blank\" rel=\"noopener noreferrer\">Topito<\/a> et <a href=\"https:\/\/www.konbini.com\/fr\/inspiration-2\/demenagement-ces-start-up-vont-vous-changer-la-vie\/\" target=\"_blank\" rel=\"noopener noreferrer\">Konbini<\/a> (le Graal supr\u00eame\u00a0!) nous n&rsquo;avons cess\u00e9 de faire \u00e9voluer MyDemenageur. Le design a \u00e9t\u00e9 revu, une version mobile a \u00e9t\u00e9 d\u00e9velopp\u00e9e, un syst\u00e8me d&rsquo;alerte emails a \u00e9t\u00e9 cr\u00e9e, les profils tous mod\u00e9r\u00e9s et conformes aux l\u00e9gislations, un syst\u00e8me anti-spam a \u00e9t\u00e9 d\u00e9velopp\u00e9, une v\u00e9rification des profils a \u00e9t\u00e9 d\u00e9ploy\u00e9e, de nombreux partenariats mis en place et des options payantes impl\u00e9ment\u00e9es pour nous permettre de survivre sur le long terme.<br \/>\nAujourd&rsquo;hui, MyDemenageur compte pr\u00e8s de 5000 profils gros bras r\u00e9partis en France qui ont re\u00e7u plus de 11 500 avis dont 97,7% d&rsquo;avis positifs. Ce chiffre, c&rsquo;est notre fiert\u00e9. L&rsquo;esprit MyDemenageur \u00e7a reste l&rsquo;entraide et la convivialit\u00e9 avant tout.<\/p>\n","protected":false},"excerpt":{"rendered":"<p>Le 28 ao\u00fbt 2013, il y a exactement 5 ans aujourd&rsquo;hui, MyDemenageur lan\u00e7ait sa plateforme gratuite de d\u00e9m\u00e9nagement entre particuliers.<\/p>\n","protected":false},"author":11,"featured_media":794,"comment_status":"closed","ping_status":"closed","sticky":false,"template":"","format":"standard","meta":{"_lmt_disableupdate":"","_lmt_disable":"","footnotes":""},"categories":[21],"tags":[],"yoast_head":"<!-- This site is optimized with the Yoast SEO Premium plugin v24.2 (Yoast SEO v24.5) - https:\/\/yoast.com\/wordpress\/plugins\/seo\/ -->\n<title>MyDemenageur.com a 5 ans : bilan, motivations, anecdotes<\/title>\n<meta name=\"description\" content=\"Le 28 ao\u00fbt 2013, MyDemenageur lan\u00e7ait sa plateforme gratuite de d\u00e9m\u00e9nagement entre particuliers. D\u00e9couvrez son \u00e9volution.\" \/>\n<meta name=\"robots\" content=\"index, follow, max-snippet:-1, max-image-preview:large, max-video-preview:-1\" \/>\n<link rel=\"canonical\" href=\"https:\/\/www.mydemenageur.com\/blog\/mydemenageur-a-5-ans\/\" \/>\n<meta property=\"og:locale\" content=\"fr_FR\" \/>\n<meta property=\"og:type\" content=\"article\" \/>\n<meta property=\"og:title\" content=\"MyDemenageur.com a 5 ans\u00a0: bilan, motivations, anecdotes\" \/>\n<meta property=\"og:description\" content=\"Le 28 ao\u00fbt 2013, MyDemenageur lan\u00e7ait sa plateforme gratuite de d\u00e9m\u00e9nagement entre particuliers. D\u00e9couvrez son \u00e9volution.\" \/>\n<meta property=\"og:url\" content=\"https:\/\/www.mydemenageur.com\/blog\/mydemenageur-a-5-ans\/\" \/>\n<meta property=\"og:site_name\" content=\"MyDemenageur\" \/>\n<meta property=\"article:publisher\" content=\"https:\/\/www.facebook.com\/mydemenageur\" \/>\n<meta property=\"article:published_time\" content=\"2018-08-28T23:34:08+00:00\" \/>\n<meta property=\"article:modified_time\" content=\"2021-08-27T07:39:23+00:00\" \/>\n<meta property=\"og:image\" content=\"https:\/\/www.mydemenageur.com\/blog\/wp-content\/uploads\/2018\/08\/5ans-mydemenageur.jpg\" \/>\n\t<meta property=\"og:image:width\" content=\"680\" \/>\n\t<meta property=\"og:image:height\" content=\"453\" \/>\n\t<meta property=\"og:image:type\" content=\"image\/jpeg\" \/>\n<meta name=\"author\" content=\"Mathilde\" \/>\n<meta name=\"twitter:card\" content=\"summary_large_image\" \/>\n<meta name=\"twitter:creator\" content=\"@mydemenageur\" \/>\n<meta name=\"twitter:site\" content=\"@mydemenageur\" \/>\n<meta name=\"twitter:label1\" content=\"\u00c9crit par\" \/>\n\t<meta name=\"twitter:data1\" content=\"Mathilde\" \/>\n\t<meta name=\"twitter:label2\" content=\"Dur\u00e9e de lecture estim\u00e9e\" \/>\n\t<meta name=\"twitter:data2\" content=\"4 minutes\" \/>\n<script type=\"application\/ld+json\" class=\"yoast-schema-graph\">{\"@context\":\"https:\/\/schema.org\",\"@graph\":[{\"@type\":\"Article\",\"@id\":\"https:\/\/www.mydemenageur.com\/blog\/mydemenageur-a-5-ans\/#article\",\"isPartOf\":{\"@id\":\"https:\/\/www.mydemenageur.com\/blog\/mydemenageur-a-5-ans\/\"},\"author\":{\"name\":\"Mathilde\",\"@id\":\"https:\/\/www.mydemenageur.com\/blog\/#\/schema\/person\/4540dc333c2e7dc790f0f7bcd5b99569\"},\"headline\":\"MyDemenageur.com a 5 ans\u00a0: bilan, motivations, anecdotes\",\"datePublished\":\"2018-08-28T23:34:08+00:00\",\"dateModified\":\"2021-08-27T07:39:23+00:00\",\"mainEntityOfPage\":{\"@id\":\"https:\/\/www.mydemenageur.com\/blog\/mydemenageur-a-5-ans\/\"},\"wordCount\":882,\"publisher\":{\"@id\":\"https:\/\/www.mydemenageur.com\/blog\/#organization\"},\"image\":{\"@id\":\"https:\/\/www.mydemenageur.com\/blog\/mydemenageur-a-5-ans\/#primaryimage\"},\"thumbnailUrl\":\"https:\/\/www.mydemenageur.com\/blog\/wp-content\/uploads\/2018\/08\/5ans-mydemenageur.jpg\",\"articleSection\":[\"MyDemenageur\"],\"inLanguage\":\"fr-FR\"},{\"@type\":\"WebPage\",\"@id\":\"https:\/\/www.mydemenageur.com\/blog\/mydemenageur-a-5-ans\/\",\"url\":\"https:\/\/www.mydemenageur.com\/blog\/mydemenageur-a-5-ans\/\",\"name\":\"MyDemenageur.com a 5 ans : bilan, motivations, anecdotes\",\"isPartOf\":{\"@id\":\"https:\/\/www.mydemenageur.com\/blog\/#website\"},\"primaryImageOfPage\":{\"@id\":\"https:\/\/www.mydemenageur.com\/blog\/mydemenageur-a-5-ans\/#primaryimage\"},\"image\":{\"@id\":\"https:\/\/www.mydemenageur.com\/blog\/mydemenageur-a-5-ans\/#primaryimage\"},\"thumbnailUrl\":\"https:\/\/www.mydemenageur.com\/blog\/wp-content\/uploads\/2018\/08\/5ans-mydemenageur.jpg\",\"datePublished\":\"2018-08-28T23:34:08+00:00\",\"dateModified\":\"2021-08-27T07:39:23+00:00\",\"description\":\"Le 28 ao\u00fbt 2013, MyDemenageur lan\u00e7ait sa plateforme gratuite de d\u00e9m\u00e9nagement entre particuliers. D\u00e9couvrez son \u00e9volution.\",\"breadcrumb\":{\"@id\":\"https:\/\/www.mydemenageur.com\/blog\/mydemenageur-a-5-ans\/#breadcrumb\"},\"inLanguage\":\"fr-FR\",\"potentialAction\":[{\"@type\":\"ReadAction\",\"target\":[\"https:\/\/www.mydemenageur.com\/blog\/mydemenageur-a-5-ans\/\"]}]},{\"@type\":\"ImageObject\",\"inLanguage\":\"fr-FR\",\"@id\":\"https:\/\/www.mydemenageur.com\/blog\/mydemenageur-a-5-ans\/#primaryimage\",\"url\":\"https:\/\/www.mydemenageur.com\/blog\/wp-content\/uploads\/2018\/08\/5ans-mydemenageur.jpg\",\"contentUrl\":\"https:\/\/www.mydemenageur.com\/blog\/wp-content\/uploads\/2018\/08\/5ans-mydemenageur.jpg\",\"width\":680,\"height\":453,\"caption\":\"Anniversaire : les 5 ans de MyDemenageur\"},{\"@type\":\"BreadcrumbList\",\"@id\":\"https:\/\/www.mydemenageur.com\/blog\/mydemenageur-a-5-ans\/#breadcrumb\",\"itemListElement\":[{\"@type\":\"ListItem\",\"position\":1,\"name\":\"Accueil\",\"item\":\"https:\/\/www.mydemenageur.com\/blog\/\"},{\"@type\":\"ListItem\",\"position\":2,\"name\":\"MyDemenageur\",\"item\":\"https:\/\/www.mydemenageur.com\/blog\/categorie\/demenagement\/\"},{\"@type\":\"ListItem\",\"position\":3,\"name\":\"MyDemenageur.com a 5 ans\u00a0: bilan, motivations, anecdotes\"}]},{\"@type\":\"WebSite\",\"@id\":\"https:\/\/www.mydemenageur.com\/blog\/#website\",\"url\":\"https:\/\/www.mydemenageur.com\/blog\/\",\"name\":\"MyDemenageur\",\"description\":\"Conseils d\u00e9m\u00e9ngement entre particuliers et d\u00e9m\u00e9nagement professionnel\",\"publisher\":{\"@id\":\"https:\/\/www.mydemenageur.com\/blog\/#organization\"},\"potentialAction\":[{\"@type\":\"SearchAction\",\"target\":{\"@type\":\"EntryPoint\",\"urlTemplate\":\"https:\/\/www.mydemenageur.com\/blog\/?s={search_term_string}\"},\"query-input\":{\"@type\":\"PropertyValueSpecification\",\"valueRequired\":true,\"valueName\":\"search_term_string\"}}],\"inLanguage\":\"fr-FR\"},{\"@type\":\"Organization\",\"@id\":\"https:\/\/www.mydemenageur.com\/blog\/#organization\",\"name\":\"MyDemenageur.com\",\"url\":\"https:\/\/www.mydemenageur.com\/blog\/\",\"logo\":{\"@type\":\"ImageObject\",\"inLanguage\":\"fr-FR\",\"@id\":\"https:\/\/www.mydemenageur.com\/blog\/#\/schema\/logo\/image\/\",\"url\":\"https:\/\/www.mydemenageur.com\/blog\/wp-content\/uploads\/2022\/05\/MyDemenageur_Symbol.jpg\",\"contentUrl\":\"https:\/\/www.mydemenageur.com\/blog\/wp-content\/uploads\/2022\/05\/MyDemenageur_Symbol.jpg\",\"width\":878,\"height\":877,\"caption\":\"MyDemenageur.com\"},\"image\":{\"@id\":\"https:\/\/www.mydemenageur.com\/blog\/#\/schema\/logo\/image\/\"},\"sameAs\":[\"https:\/\/www.facebook.com\/mydemenageur\",\"https:\/\/x.com\/mydemenageur\",\"https:\/\/www.pinterest.fr\/mydemenageur\/\"]},{\"@type\":\"Person\",\"@id\":\"https:\/\/www.mydemenageur.com\/blog\/#\/schema\/person\/4540dc333c2e7dc790f0f7bcd5b99569\",\"name\":\"Mathilde\",\"image\":{\"@type\":\"ImageObject\",\"inLanguage\":\"fr-FR\",\"@id\":\"https:\/\/www.mydemenageur.com\/blog\/#\/schema\/person\/image\/\",\"url\":\"https:\/\/secure.gravatar.com\/avatar\/abde069f6f70261ee6ecea93e0437d77?s=96&#038;r=g\",\"contentUrl\":\"https:\/\/secure.gravatar.com\/avatar\/abde069f6f70261ee6ecea93e0437d77?s=96&#038;r=g\",\"caption\":\"Mathilde\"},\"description\":\"L'harmonie des couleurs et des objets m'a toujours fascin\u00e9e, transformant chaque pi\u00e8ce en un lieu unique et agr\u00e9able \u00e0 vivre. Sur MyDemenageur, vous trouverez non seulement des inspirations personnelles, mais aussi des informations r\u00e9centes sur le monde de la d\u00e9coration, les projets de maison, le d\u00e9m\u00e9nagement et les travaux.\",\"url\":\"https:\/\/www.mydemenageur.com\/blog\/author\/mathilde\/\"}]}<\/script>\n<!-- \/ Yoast SEO Premium plugin. -->","yoast_head_json":{"title":"MyDemenageur.com a 5 ans : bilan, motivations, anecdotes","description":"Le 28 ao\u00fbt 2013, MyDemenageur lan\u00e7ait sa plateforme gratuite de d\u00e9m\u00e9nagement entre particuliers. D\u00e9couvrez son \u00e9volution.","robots":{"index":"index","follow":"follow","max-snippet":"max-snippet:-1","max-image-preview":"max-image-preview:large","max-video-preview":"max-video-preview:-1"},"canonical":"https:\/\/www.mydemenageur.com\/blog\/mydemenageur-a-5-ans\/","og_locale":"fr_FR","og_type":"article","og_title":"MyDemenageur.com a 5 ans\u00a0: bilan, motivations, anecdotes","og_description":"Le 28 ao\u00fbt 2013, MyDemenageur lan\u00e7ait sa plateforme gratuite de d\u00e9m\u00e9nagement entre particuliers. D\u00e9couvrez son \u00e9volution.","og_url":"https:\/\/www.mydemenageur.com\/blog\/mydemenageur-a-5-ans\/","og_site_name":"MyDemenageur","article_publisher":"https:\/\/www.facebook.com\/mydemenageur","article_published_time":"2018-08-28T23:34:08+00:00","article_modified_time":"2021-08-27T07:39:23+00:00","og_image":[{"width":680,"height":453,"url":"https:\/\/www.mydemenageur.com\/blog\/wp-content\/uploads\/2018\/08\/5ans-mydemenageur.jpg","type":"image\/jpeg"}],"author":"Mathilde","twitter_card":"summary_large_image","twitter_creator":"@mydemenageur","twitter_site":"@mydemenageur","twitter_misc":{"\u00c9crit par":"Mathilde","Dur\u00e9e de lecture estim\u00e9e":"4 minutes"},"schema":{"@context":"https:\/\/schema.org","@graph":[{"@type":"Article","@id":"https:\/\/www.mydemenageur.com\/blog\/mydemenageur-a-5-ans\/#article","isPartOf":{"@id":"https:\/\/www.mydemenageur.com\/blog\/mydemenageur-a-5-ans\/"},"author":{"name":"Mathilde","@id":"https:\/\/www.mydemenageur.com\/blog\/#\/schema\/person\/4540dc333c2e7dc790f0f7bcd5b99569"},"headline":"MyDemenageur.com a 5 ans\u00a0: bilan, motivations, anecdotes","datePublished":"2018-08-28T23:34:08+00:00","dateModified":"2021-08-27T07:39:23+00:00","mainEntityOfPage":{"@id":"https:\/\/www.mydemenageur.com\/blog\/mydemenageur-a-5-ans\/"},"wordCount":882,"publisher":{"@id":"https:\/\/www.mydemenageur.com\/blog\/#organization"},"image":{"@id":"https:\/\/www.mydemenageur.com\/blog\/mydemenageur-a-5-ans\/#primaryimage"},"thumbnailUrl":"https:\/\/www.mydemenageur.com\/blog\/wp-content\/uploads\/2018\/08\/5ans-mydemenageur.jpg","articleSection":["MyDemenageur"],"inLanguage":"fr-FR"},{"@type":"WebPage","@id":"https:\/\/www.mydemenageur.com\/blog\/mydemenageur-a-5-ans\/","url":"https:\/\/www.mydemenageur.com\/blog\/mydemenageur-a-5-ans\/","name":"MyDemenageur.com a 5 ans : bilan, motivations, anecdotes","isPartOf":{"@id":"https:\/\/www.mydemenageur.com\/blog\/#website"},"primaryImageOfPage":{"@id":"https:\/\/www.mydemenageur.com\/blog\/mydemenageur-a-5-ans\/#primaryimage"},"image":{"@id":"https:\/\/www.mydemenageur.com\/blog\/mydemenageur-a-5-ans\/#primaryimage"},"thumbnailUrl":"https:\/\/www.mydemenageur.com\/blog\/wp-content\/uploads\/2018\/08\/5ans-mydemenageur.jpg","datePublished":"2018-08-28T23:34:08+00:00","dateModified":"2021-08-27T07:39:23+00:00","description":"Le 28 ao\u00fbt 2013, MyDemenageur lan\u00e7ait sa plateforme gratuite de d\u00e9m\u00e9nagement entre particuliers. D\u00e9couvrez son \u00e9volution.","breadcrumb":{"@id":"https:\/\/www.mydemenageur.com\/blog\/mydemenageur-a-5-ans\/#breadcrumb"},"inLanguage":"fr-FR","potentialAction":[{"@type":"ReadAction","target":["https:\/\/www.mydemenageur.com\/blog\/mydemenageur-a-5-ans\/"]}]},{"@type":"ImageObject","inLanguage":"fr-FR","@id":"https:\/\/www.mydemenageur.com\/blog\/mydemenageur-a-5-ans\/#primaryimage","url":"https:\/\/www.mydemenageur.com\/blog\/wp-content\/uploads\/2018\/08\/5ans-mydemenageur.jpg","contentUrl":"https:\/\/www.mydemenageur.com\/blog\/wp-content\/uploads\/2018\/08\/5ans-mydemenageur.jpg","width":680,"height":453,"caption":"Anniversaire : les 5 ans de MyDemenageur"},{"@type":"BreadcrumbList","@id":"https:\/\/www.mydemenageur.com\/blog\/mydemenageur-a-5-ans\/#breadcrumb","itemListElement":[{"@type":"ListItem","position":1,"name":"Accueil","item":"https:\/\/www.mydemenageur.com\/blog\/"},{"@type":"ListItem","position":2,"name":"MyDemenageur","item":"https:\/\/www.mydemenageur.com\/blog\/categorie\/demenagement\/"},{"@type":"ListItem","position":3,"name":"MyDemenageur.com a 5 ans\u00a0: bilan, motivations, anecdotes"}]},{"@type":"WebSite","@id":"https:\/\/www.mydemenageur.com\/blog\/#website","url":"https:\/\/www.mydemenageur.com\/blog\/","name":"MyDemenageur","description":"Conseils d\u00e9m\u00e9ngement entre particuliers et d\u00e9m\u00e9nagement professionnel","publisher":{"@id":"https:\/\/www.mydemenageur.com\/blog\/#organization"},"potentialAction":[{"@type":"SearchAction","target":{"@type":"EntryPoint","urlTemplate":"https:\/\/www.mydemenageur.com\/blog\/?s={search_term_string}"},"query-input":{"@type":"PropertyValueSpecification","valueRequired":true,"valueName":"search_term_string"}}],"inLanguage":"fr-FR"},{"@type":"Organization","@id":"https:\/\/www.mydemenageur.com\/blog\/#organization","name":"MyDemenageur.com","url":"https:\/\/www.mydemenageur.com\/blog\/","logo":{"@type":"ImageObject","inLanguage":"fr-FR","@id":"https:\/\/www.mydemenageur.com\/blog\/#\/schema\/logo\/image\/","url":"https:\/\/www.mydemenageur.com\/blog\/wp-content\/uploads\/2022\/05\/MyDemenageur_Symbol.jpg","contentUrl":"https:\/\/www.mydemenageur.com\/blog\/wp-content\/uploads\/2022\/05\/MyDemenageur_Symbol.jpg","width":878,"height":877,"caption":"MyDemenageur.com"},"image":{"@id":"https:\/\/www.mydemenageur.com\/blog\/#\/schema\/logo\/image\/"},"sameAs":["https:\/\/www.facebook.com\/mydemenageur","https:\/\/x.com\/mydemenageur","https:\/\/www.pinterest.fr\/mydemenageur\/"]},{"@type":"Person","@id":"https:\/\/www.mydemenageur.com\/blog\/#\/schema\/person\/4540dc333c2e7dc790f0f7bcd5b99569","name":"Mathilde","image":{"@type":"ImageObject","inLanguage":"fr-FR","@id":"https:\/\/www.mydemenageur.com\/blog\/#\/schema\/person\/image\/","url":"https:\/\/secure.gravatar.com\/avatar\/abde069f6f70261ee6ecea93e0437d77?s=96&#038;r=g","contentUrl":"https:\/\/secure.gravatar.com\/avatar\/abde069f6f70261ee6ecea93e0437d77?s=96&#038;r=g","caption":"Mathilde"},"description":"L'harmonie des couleurs et des objets m'a toujours fascin\u00e9e, transformant chaque pi\u00e8ce en un lieu unique et agr\u00e9able \u00e0 vivre. Sur MyDemenageur, vous trouverez non seulement des inspirations personnelles, mais aussi des informations r\u00e9centes sur le monde de la d\u00e9coration, les projets de maison, le d\u00e9m\u00e9nagement et les travaux.","url":"https:\/\/www.mydemenageur.com\/blog\/author\/mathilde\/"}]}},"modified_by":"fabien","_links":{"self":[{"href":"https:\/\/www.mydemenageur.com\/blog\/wp-json\/wp\/v2\/posts\/793"}],"collection":[{"href":"https:\/\/www.mydemenageur.com\/blog\/wp-json\/wp\/v2\/posts"}],"about":[{"href":"https:\/\/www.mydemenageur.com\/blog\/wp-json\/wp\/v2\/types\/post"}],"author":[{"embeddable":true,"href":"https:\/\/www.mydemenageur.com\/blog\/wp-json\/wp\/v2\/users\/11"}],"replies":[{"embeddable":true,"href":"https:\/\/www.mydemenageur.com\/blog\/wp-json\/wp\/v2\/comments?post=793"}],"version-history":[{"count":0,"href":"https:\/\/www.mydemenageur.com\/blog\/wp-json\/wp\/v2\/posts\/793\/revisions"}],"wp:featuredmedia":[{"embeddable":true,"href":"https:\/\/www.mydemenageur.com\/blog\/wp-json\/wp\/v2\/media\/794"}],"wp:attachment":[{"href":"https:\/\/www.mydemenageur.com\/blog\/wp-json\/wp\/v2\/media?parent=793"}],"wp:term":[{"taxonomy":"category","embeddable":true,"href":"https:\/\/www.mydemenageur.com\/blog\/wp-json\/wp\/v2\/categories?post=793"},{"taxonomy":"post_tag","embeddable":true,"href":"https:\/\/www.mydemenageur.com\/blog\/wp-json\/wp\/v2\/tags?post=793"}],"curies":[{"name":"wp","href":"https:\/\/api.w.org\/{rel}","templated":true}]}}