{"id":937,"date":"2019-01-10T18:02:53","date_gmt":"2019-01-10T18:02:53","guid":{"rendered":"https:\/\/www.mydemenageur.com\/blog\/?p=937"},"modified":"2021-11-23T21:29:55","modified_gmt":"2021-11-23T21:29:55","slug":"temoignage-demenagement-marseille","status":"publish","type":"post","link":"https:\/\/www.mydemenageur.com\/blog\/temoignage-demenagement-marseille\/","title":{"rendered":"T\u00e9moignage : Emilie a trouv\u00e9 2 gros bras sur MyDemenageur pour son d\u00e9m\u00e9nagement \u00e0 Marseille"},"content":{"rendered":"\r\n<p>Emili87, une utilisatrice qui habite \u00e0 Marseille, a eu recours \u00e0 2 aides <a href=\"\/blog\/services\/\">d\u00e9m\u00e9nageurs de MyDemenageur<\/a> pour son d\u00e9m\u00e9nagement le samedi 5 janvier 2019. Elle nous apporte son t\u00e9moignage et nous explique comment s&rsquo;est d\u00e9roul\u00e9 son d\u00e9m\u00e9nagement.<!--more--><\/p>\r\n\r\n\r\n\r\n<div class=\"wp-block-image\">\r\n<figure class=\"alignleft is-resized\"><img decoding=\"async\" class=\"wp-image-938\" src=\"https:\/\/www.mydemenageur.com\/blog\/wp-content\/uploads\/2019\/01\/emilie-mydemenageur.jpg\" alt=\"emilie utilisatrice mydemenageur\" width=\"225\" height=\"169\" \/><\/figure>\r\n<\/div>\r\n\r\n\r\n\r\n<p><strong>MyDemenageur : Comment avez-vous eu l\u2019id\u00e9e de faire appel \u00e0 des gros bras MyDemenageur pour votre d\u00e9m\u00e9nagement et pourquoi ? <\/strong><\/p>\r\n\r\n\r\n\r\n<p>Emilie : Nous avions un petit budget pour notre d\u00e9m\u00e9nagement de 20-25m3 sur une courte distance dans Marseille. Pas question du coup de faire appel \u00e0 des d\u00e9m\u00e9nageurs professionnels, nous souhaitions tout faire nous m\u00eame, mais les 4 \u00e9tages au d\u00e9part comme \u00e0 l&rsquo;arriv\u00e9e nous inqui\u00e9taient un peu. Mon p\u00e8re et ma s\u0153ur ayant tous deux respectivement utilis\u00e9s MyDemenageur r\u00e9cemment (ou autre soci\u00e9t\u00e9, mais sur Marseille c&rsquo;est ce qui m&rsquo;a paru le plus fiable), la solution de se faire aider par des gros bras pour toutes les charges lourdes (machines, sommier, meubles&#8230;) et en plus de quelques amis, nous a sembl\u00e9 logique.<\/p>\r\n\r\n\r\n\r\n<p><strong>Parlez-nous de votre d\u00e9m\u00e9nagement. Quelle \u00e9tait la surface \u00e0 d\u00e9m\u00e9nager ? Etiez-vous seule ? De combien de gros bras aviez-vous estim\u00e9 avoir besoin ? Pour quels types de services ? <\/strong><\/p>\r\n\r\n\r\n\r\n<p>Nous avons d\u00e9m\u00e9nag\u00e9 d&rsquo;un 87m2 \u00e0 un 84m2 dans Marseille. Apr\u00e8s beaucoup de tri et revente de meubles au pr\u00e9alable, la charge totale du d\u00e9m\u00e9nagement rentrait presque int\u00e9gralement (de visu) dans le camion 20m3 lou\u00e9 pour l&rsquo;occasion. En plus de nous deux, nous avons d&rsquo;abord estim\u00e9 \u00e0 une \u00e9quipe de 2 gros bras MyDemenageur (5 heures de travail estim\u00e9es) puis compl\u00e9t\u00e9 par 5 ou 6 amis et famille proche, en pr\u00e9voyant large pour pallier aux \u00e9ventuels d\u00e9sistements.<\/p>\r\n\r\n\r\n\r\n<p>Je pr\u00e9cise qu&rsquo;il est vraiment tr\u00e8s pratique de pouvoir faire appel \u00e0 un aide d\u00e9m\u00e9nageur qui propose ensuite lui-m\u00eame un renfort ou bin\u00f4me avec qui il a l&rsquo;habitude de travailler. Leur fonction a principalement consist\u00e9 \u00e0 descendre \/ remonter les 2 machines \u00e0 laver, le lave-vaisselle, le frigo, puis les meubles les plus volumineux puis assurer en int\u00e9gralit\u00e9 le chargement du camion pendant que nous descendions les cartons et autres affaires.<\/p>\r\n\r\n\r\n\r\n<p><strong>Avez-vous re\u00e7u beaucoup de propositions ? Comment avez-vous choisi les gros bras et quels ont \u00e9t\u00e9 vos crit\u00e8res de s\u00e9lection ? <\/strong><\/p>\r\n\r\n\r\n\r\n<p>Oui, suite \u00e0 la parution de notre annonce (ici) nous avons re\u00e7u au moins 6 ou 7 propositions dans un d\u00e9lais de 48 heures. Nous avons choisi les gros bras qui avaient le plus de commentaires positifs, une pr\u00e9sentation simple et professionnelle mais aussi un tarif comp\u00e9titif (certaines propositions allant du simple au double).<\/p>\r\n\r\n\r\n\r\n<p><strong>Comment s\u2019est pass\u00e9e la prise de contact avec les gros bras ? <\/strong><\/p>\r\n\r\n\r\n\r\n<p>Simple et efficace, par appel d&rsquo;abord puis par SMS ensuite, notamment pour derni\u00e8re confirmation de pr\u00e9sence la veille.<\/p>\r\n\r\n\r\n\r\n<p><strong> Le jour J s\u2019est-il bien pass\u00e9 ? \u00cates-vous satisfaite du coup de main fourni et de l\u2019\u00e9tat d\u2019esprit des gros bras ? <\/strong><\/p>\r\n\r\n\r\n\r\n<p>Notre d\u00e9m\u00e9nagement s&rsquo;est extr\u00eamement bien pass\u00e9, notamment gr\u00e2ce aux gros bras, qui ont g\u00e9r\u00e9 en int\u00e9gralit\u00e9 le remplissage du camion (un vrai casse-t\u00eate) et nous ont conseill\u00e9 pour le stationnement du v\u00e9hicule sur le trottoir, le format du camion lou\u00e9 ne correspondant pas aux mesures de la place de parking\u00a0 double r\u00e9serv\u00e9e 15 jours avant par arr\u00eat\u00e9 de stationnement aupr\u00e8s des services de la Mairie.<\/p>\r\n\r\n\r\n\r\n<p>En conclusion, \u00e9tat d&rsquo;esprit convivial et excellent service. Nos deux gros bras donnaient des conseils mais s&rsquo;adaptaient aussi beaucoup aux d\u00e9cisions que nous prenions sur le fait, dans un \u00e9tat de relative fatigue, notamment en ce qui concerne le travail \u00e0 la cha\u00eene \u00e0 effectuer dans les escaliers pour les cartons qui \u00e9taient vraiment tr\u00e8s lourds.<\/p>\r\n\r\n\r\n\r\n<p><strong>\u00cates-vous normalement adepte de ces pratiques de consommation collaborative ? <\/strong><\/p>\r\n\r\n\r\n\r\n<p>Oui, nous passons mon compagnon et moi par d&rsquo;autres pratiques collaboratrices comme Ouicar, Zilok&#8230;<\/p>\r\n\r\n\r\n\r\n<p><strong>Qu\u2019avez-vous aim\u00e9 dans MyDemenageur et repasseriez-vous par la plateforme ? <\/strong><\/p>\r\n\r\n\r\n\r\n<p>J&rsquo;ai aim\u00e9 les photos et avis sur les gros bras, la simplicit\u00e9 de cr\u00e9ation d&rsquo;une annonce pour rechercher des gros bras, la clart\u00e9 des informations fournies notamment la d\u00e9claration ou non du service fourni. Bravo pour cette belle plateforme collaborative dont je continuerais longtemps de faire la promotion autour de moi ! Bonne continuation \u00e0 vous<\/p>\r\n\r\n\r\n\r\n<p><strong>Merci Emilie de vous \u00eates pr\u00eat\u00e9 au jeu et d&rsquo;avoir r\u00e9pondu \u00e0 nos questions !<\/strong><\/p>\r\n","protected":false},"excerpt":{"rendered":"<p>Emili87, une utilisatrice qui habite \u00e0 Marseille, a eu recours \u00e0 2 aides d\u00e9m\u00e9nageurs de MyDemenageur pour son d\u00e9m\u00e9nagement le<\/p>\n","protected":false},"author":11,"featured_media":21716,"comment_status":"closed","ping_status":"closed","sticky":false,"template":"","format":"standard","meta":{"_lmt_disableupdate":"","_lmt_disable":"","footnotes":""},"categories":[21],"tags":[107],"yoast_head":"<!-- This site is optimized with the Yoast SEO Premium plugin v24.2 (Yoast SEO v24.5) - https:\/\/yoast.com\/wordpress\/plugins\/seo\/ -->\n<title>T\u00e9moignage d&#039;Emilie : 2 gros bras pour son d\u00e9m\u00e9nagement \u00e0 Marseille<\/title>\n<meta name=\"description\" content=\"D\u00e9couvrez le t\u00e9moignage d&#039;Emilie qui a fait appel \u00e0 deux &quot;gros bras&quot; pour son d\u00e9m\u00e9nagement dans la ville de Marseille.\" \/>\n<meta name=\"robots\" content=\"index, follow, max-snippet:-1, max-image-preview:large, max-video-preview:-1\" \/>\n<link rel=\"canonical\" href=\"https:\/\/www.mydemenageur.com\/blog\/temoignage-demenagement-marseille\/\" \/>\n<meta property=\"og:locale\" content=\"fr_FR\" \/>\n<meta property=\"og:type\" content=\"article\" \/>\n<meta property=\"og:title\" content=\"T\u00e9moignage : Emilie a trouv\u00e9 2 gros bras sur MyDemenageur pour son d\u00e9m\u00e9nagement \u00e0 Marseille\" \/>\n<meta property=\"og:description\" content=\"D\u00e9couvrez le t\u00e9moignage d&#039;Emilie qui a fait appel \u00e0 deux &quot;gros bras&quot; pour son d\u00e9m\u00e9nagement dans la ville de Marseille.\" \/>\n<meta property=\"og:url\" content=\"https:\/\/www.mydemenageur.com\/blog\/temoignage-demenagement-marseille\/\" \/>\n<meta property=\"og:site_name\" content=\"MyDemenageur\" \/>\n<meta property=\"article:publisher\" content=\"https:\/\/www.facebook.com\/mydemenageur\" \/>\n<meta property=\"article:published_time\" content=\"2019-01-10T18:02:53+00:00\" \/>\n<meta property=\"article:modified_time\" content=\"2021-11-23T21:29:55+00:00\" \/>\n<meta property=\"og:image\" content=\"https:\/\/www.mydemenageur.com\/blog\/wp-content\/uploads\/2019\/01\/emilie-interview-mydemenageur.jpeg\" \/>\n\t<meta property=\"og:image:width\" content=\"1000\" \/>\n\t<meta property=\"og:image:height\" content=\"666\" \/>\n\t<meta property=\"og:image:type\" content=\"image\/jpeg\" \/>\n<meta name=\"author\" content=\"Mathilde\" \/>\n<meta name=\"twitter:card\" content=\"summary_large_image\" \/>\n<meta name=\"twitter:creator\" content=\"@mydemenageur\" \/>\n<meta name=\"twitter:site\" content=\"@mydemenageur\" \/>\n<meta name=\"twitter:label1\" content=\"\u00c9crit par\" \/>\n\t<meta name=\"twitter:data1\" content=\"Mathilde\" \/>\n\t<meta name=\"twitter:label2\" content=\"Dur\u00e9e de lecture estim\u00e9e\" \/>\n\t<meta name=\"twitter:data2\" content=\"4 minutes\" \/>\n<script type=\"application\/ld+json\" class=\"yoast-schema-graph\">{\"@context\":\"https:\/\/schema.org\",\"@graph\":[{\"@type\":\"Article\",\"@id\":\"https:\/\/www.mydemenageur.com\/blog\/temoignage-demenagement-marseille\/#article\",\"isPartOf\":{\"@id\":\"https:\/\/www.mydemenageur.com\/blog\/temoignage-demenagement-marseille\/\"},\"author\":{\"name\":\"Mathilde\",\"@id\":\"https:\/\/www.mydemenageur.com\/blog\/#\/schema\/person\/4540dc333c2e7dc790f0f7bcd5b99569\"},\"headline\":\"T\u00e9moignage : Emilie a trouv\u00e9 2 gros bras sur MyDemenageur pour son d\u00e9m\u00e9nagement \u00e0 Marseille\",\"datePublished\":\"2019-01-10T18:02:53+00:00\",\"dateModified\":\"2021-11-23T21:29:55+00:00\",\"mainEntityOfPage\":{\"@id\":\"https:\/\/www.mydemenageur.com\/blog\/temoignage-demenagement-marseille\/\"},\"wordCount\":758,\"publisher\":{\"@id\":\"https:\/\/www.mydemenageur.com\/blog\/#organization\"},\"image\":{\"@id\":\"https:\/\/www.mydemenageur.com\/blog\/temoignage-demenagement-marseille\/#primaryimage\"},\"thumbnailUrl\":\"https:\/\/www.mydemenageur.com\/blog\/wp-content\/uploads\/2019\/01\/emilie-interview-mydemenageur.jpeg\",\"keywords\":[\"Avis\"],\"articleSection\":[\"MyDemenageur\"],\"inLanguage\":\"fr-FR\"},{\"@type\":\"WebPage\",\"@id\":\"https:\/\/www.mydemenageur.com\/blog\/temoignage-demenagement-marseille\/\",\"url\":\"https:\/\/www.mydemenageur.com\/blog\/temoignage-demenagement-marseille\/\",\"name\":\"T\u00e9moignage d'Emilie : 2 gros bras pour son d\u00e9m\u00e9nagement \u00e0 Marseille\",\"isPartOf\":{\"@id\":\"https:\/\/www.mydemenageur.com\/blog\/#website\"},\"primaryImageOfPage\":{\"@id\":\"https:\/\/www.mydemenageur.com\/blog\/temoignage-demenagement-marseille\/#primaryimage\"},\"image\":{\"@id\":\"https:\/\/www.mydemenageur.com\/blog\/temoignage-demenagement-marseille\/#primaryimage\"},\"thumbnailUrl\":\"https:\/\/www.mydemenageur.com\/blog\/wp-content\/uploads\/2019\/01\/emilie-interview-mydemenageur.jpeg\",\"datePublished\":\"2019-01-10T18:02:53+00:00\",\"dateModified\":\"2021-11-23T21:29:55+00:00\",\"description\":\"D\u00e9couvrez le t\u00e9moignage d'Emilie qui a fait appel \u00e0 deux \\\"gros bras\\\" pour son d\u00e9m\u00e9nagement dans la ville de Marseille.\",\"breadcrumb\":{\"@id\":\"https:\/\/www.mydemenageur.com\/blog\/temoignage-demenagement-marseille\/#breadcrumb\"},\"inLanguage\":\"fr-FR\",\"potentialAction\":[{\"@type\":\"ReadAction\",\"target\":[\"https:\/\/www.mydemenageur.com\/blog\/temoignage-demenagement-marseille\/\"]}]},{\"@type\":\"ImageObject\",\"inLanguage\":\"fr-FR\",\"@id\":\"https:\/\/www.mydemenageur.com\/blog\/temoignage-demenagement-marseille\/#primaryimage\",\"url\":\"https:\/\/www.mydemenageur.com\/blog\/wp-content\/uploads\/2019\/01\/emilie-interview-mydemenageur.jpeg\",\"contentUrl\":\"https:\/\/www.mydemenageur.com\/blog\/wp-content\/uploads\/2019\/01\/emilie-interview-mydemenageur.jpeg\",\"width\":1000,\"height\":666,\"caption\":\"T\u00e9moignage : Emilie a trouv\u00e9 2 gros bras sur MyDemenageur pour son d\u00e9m\u00e9nagement \u00e0 Marseille\"},{\"@type\":\"BreadcrumbList\",\"@id\":\"https:\/\/www.mydemenageur.com\/blog\/temoignage-demenagement-marseille\/#breadcrumb\",\"itemListElement\":[{\"@type\":\"ListItem\",\"position\":1,\"name\":\"Accueil\",\"item\":\"https:\/\/www.mydemenageur.com\/blog\/\"},{\"@type\":\"ListItem\",\"position\":2,\"name\":\"MyDemenageur\",\"item\":\"https:\/\/www.mydemenageur.com\/blog\/categorie\/demenagement\/\"},{\"@type\":\"ListItem\",\"position\":3,\"name\":\"T\u00e9moignage : Emilie a trouv\u00e9 2 gros bras sur MyDemenageur pour son d\u00e9m\u00e9nagement \u00e0 Marseille\"}]},{\"@type\":\"WebSite\",\"@id\":\"https:\/\/www.mydemenageur.com\/blog\/#website\",\"url\":\"https:\/\/www.mydemenageur.com\/blog\/\",\"name\":\"MyDemenageur\",\"description\":\"Conseils d\u00e9m\u00e9ngement entre particuliers et d\u00e9m\u00e9nagement professionnel\",\"publisher\":{\"@id\":\"https:\/\/www.mydemenageur.com\/blog\/#organization\"},\"potentialAction\":[{\"@type\":\"SearchAction\",\"target\":{\"@type\":\"EntryPoint\",\"urlTemplate\":\"https:\/\/www.mydemenageur.com\/blog\/?s={search_term_string}\"},\"query-input\":{\"@type\":\"PropertyValueSpecification\",\"valueRequired\":true,\"valueName\":\"search_term_string\"}}],\"inLanguage\":\"fr-FR\"},{\"@type\":\"Organization\",\"@id\":\"https:\/\/www.mydemenageur.com\/blog\/#organization\",\"name\":\"MyDemenageur.com\",\"url\":\"https:\/\/www.mydemenageur.com\/blog\/\",\"logo\":{\"@type\":\"ImageObject\",\"inLanguage\":\"fr-FR\",\"@id\":\"https:\/\/www.mydemenageur.com\/blog\/#\/schema\/logo\/image\/\",\"url\":\"https:\/\/www.mydemenageur.com\/blog\/wp-content\/uploads\/2022\/05\/MyDemenageur_Symbol.jpg\",\"contentUrl\":\"https:\/\/www.mydemenageur.com\/blog\/wp-content\/uploads\/2022\/05\/MyDemenageur_Symbol.jpg\",\"width\":878,\"height\":877,\"caption\":\"MyDemenageur.com\"},\"image\":{\"@id\":\"https:\/\/www.mydemenageur.com\/blog\/#\/schema\/logo\/image\/\"},\"sameAs\":[\"https:\/\/www.facebook.com\/mydemenageur\",\"https:\/\/x.com\/mydemenageur\",\"https:\/\/www.pinterest.fr\/mydemenageur\/\"]},{\"@type\":\"Person\",\"@id\":\"https:\/\/www.mydemenageur.com\/blog\/#\/schema\/person\/4540dc333c2e7dc790f0f7bcd5b99569\",\"name\":\"Mathilde\",\"image\":{\"@type\":\"ImageObject\",\"inLanguage\":\"fr-FR\",\"@id\":\"https:\/\/www.mydemenageur.com\/blog\/#\/schema\/person\/image\/\",\"url\":\"https:\/\/secure.gravatar.com\/avatar\/abde069f6f70261ee6ecea93e0437d77?s=96&#038;r=g\",\"contentUrl\":\"https:\/\/secure.gravatar.com\/avatar\/abde069f6f70261ee6ecea93e0437d77?s=96&#038;r=g\",\"caption\":\"Mathilde\"},\"description\":\"L'harmonie des couleurs et des objets m'a toujours fascin\u00e9e, transformant chaque pi\u00e8ce en un lieu unique et agr\u00e9able \u00e0 vivre. Sur MyDemenageur, vous trouverez non seulement des inspirations personnelles, mais aussi des informations r\u00e9centes sur le monde de la d\u00e9coration, les projets de maison, le d\u00e9m\u00e9nagement et les travaux.\",\"url\":\"https:\/\/www.mydemenageur.com\/blog\/author\/mathilde\/\"}]}<\/script>\n<!-- \/ Yoast SEO Premium plugin. -->","yoast_head_json":{"title":"T\u00e9moignage d'Emilie : 2 gros bras pour son d\u00e9m\u00e9nagement \u00e0 Marseille","description":"D\u00e9couvrez le t\u00e9moignage d'Emilie qui a fait appel \u00e0 deux \"gros bras\" pour son d\u00e9m\u00e9nagement dans la ville de Marseille.","robots":{"index":"index","follow":"follow","max-snippet":"max-snippet:-1","max-image-preview":"max-image-preview:large","max-video-preview":"max-video-preview:-1"},"canonical":"https:\/\/www.mydemenageur.com\/blog\/temoignage-demenagement-marseille\/","og_locale":"fr_FR","og_type":"article","og_title":"T\u00e9moignage : Emilie a trouv\u00e9 2 gros bras sur MyDemenageur pour son d\u00e9m\u00e9nagement \u00e0 Marseille","og_description":"D\u00e9couvrez le t\u00e9moignage d'Emilie qui a fait appel \u00e0 deux \"gros bras\" pour son d\u00e9m\u00e9nagement dans la ville de Marseille.","og_url":"https:\/\/www.mydemenageur.com\/blog\/temoignage-demenagement-marseille\/","og_site_name":"MyDemenageur","article_publisher":"https:\/\/www.facebook.com\/mydemenageur","article_published_time":"2019-01-10T18:02:53+00:00","article_modified_time":"2021-11-23T21:29:55+00:00","og_image":[{"width":1000,"height":666,"url":"https:\/\/www.mydemenageur.com\/blog\/wp-content\/uploads\/2019\/01\/emilie-interview-mydemenageur.jpeg","type":"image\/jpeg"}],"author":"Mathilde","twitter_card":"summary_large_image","twitter_creator":"@mydemenageur","twitter_site":"@mydemenageur","twitter_misc":{"\u00c9crit par":"Mathilde","Dur\u00e9e de lecture estim\u00e9e":"4 minutes"},"schema":{"@context":"https:\/\/schema.org","@graph":[{"@type":"Article","@id":"https:\/\/www.mydemenageur.com\/blog\/temoignage-demenagement-marseille\/#article","isPartOf":{"@id":"https:\/\/www.mydemenageur.com\/blog\/temoignage-demenagement-marseille\/"},"author":{"name":"Mathilde","@id":"https:\/\/www.mydemenageur.com\/blog\/#\/schema\/person\/4540dc333c2e7dc790f0f7bcd5b99569"},"headline":"T\u00e9moignage : Emilie a trouv\u00e9 2 gros bras sur MyDemenageur pour son d\u00e9m\u00e9nagement \u00e0 Marseille","datePublished":"2019-01-10T18:02:53+00:00","dateModified":"2021-11-23T21:29:55+00:00","mainEntityOfPage":{"@id":"https:\/\/www.mydemenageur.com\/blog\/temoignage-demenagement-marseille\/"},"wordCount":758,"publisher":{"@id":"https:\/\/www.mydemenageur.com\/blog\/#organization"},"image":{"@id":"https:\/\/www.mydemenageur.com\/blog\/temoignage-demenagement-marseille\/#primaryimage"},"thumbnailUrl":"https:\/\/www.mydemenageur.com\/blog\/wp-content\/uploads\/2019\/01\/emilie-interview-mydemenageur.jpeg","keywords":["Avis"],"articleSection":["MyDemenageur"],"inLanguage":"fr-FR"},{"@type":"WebPage","@id":"https:\/\/www.mydemenageur.com\/blog\/temoignage-demenagement-marseille\/","url":"https:\/\/www.mydemenageur.com\/blog\/temoignage-demenagement-marseille\/","name":"T\u00e9moignage d'Emilie : 2 gros bras pour son d\u00e9m\u00e9nagement \u00e0 Marseille","isPartOf":{"@id":"https:\/\/www.mydemenageur.com\/blog\/#website"},"primaryImageOfPage":{"@id":"https:\/\/www.mydemenageur.com\/blog\/temoignage-demenagement-marseille\/#primaryimage"},"image":{"@id":"https:\/\/www.mydemenageur.com\/blog\/temoignage-demenagement-marseille\/#primaryimage"},"thumbnailUrl":"https:\/\/www.mydemenageur.com\/blog\/wp-content\/uploads\/2019\/01\/emilie-interview-mydemenageur.jpeg","datePublished":"2019-01-10T18:02:53+00:00","dateModified":"2021-11-23T21:29:55+00:00","description":"D\u00e9couvrez le t\u00e9moignage d'Emilie qui a fait appel \u00e0 deux \"gros bras\" pour son d\u00e9m\u00e9nagement dans la ville de Marseille.","breadcrumb":{"@id":"https:\/\/www.mydemenageur.com\/blog\/temoignage-demenagement-marseille\/#breadcrumb"},"inLanguage":"fr-FR","potentialAction":[{"@type":"ReadAction","target":["https:\/\/www.mydemenageur.com\/blog\/temoignage-demenagement-marseille\/"]}]},{"@type":"ImageObject","inLanguage":"fr-FR","@id":"https:\/\/www.mydemenageur.com\/blog\/temoignage-demenagement-marseille\/#primaryimage","url":"https:\/\/www.mydemenageur.com\/blog\/wp-content\/uploads\/2019\/01\/emilie-interview-mydemenageur.jpeg","contentUrl":"https:\/\/www.mydemenageur.com\/blog\/wp-content\/uploads\/2019\/01\/emilie-interview-mydemenageur.jpeg","width":1000,"height":666,"caption":"T\u00e9moignage : Emilie a trouv\u00e9 2 gros bras sur MyDemenageur pour son d\u00e9m\u00e9nagement \u00e0 Marseille"},{"@type":"BreadcrumbList","@id":"https:\/\/www.mydemenageur.com\/blog\/temoignage-demenagement-marseille\/#breadcrumb","itemListElement":[{"@type":"ListItem","position":1,"name":"Accueil","item":"https:\/\/www.mydemenageur.com\/blog\/"},{"@type":"ListItem","position":2,"name":"MyDemenageur","item":"https:\/\/www.mydemenageur.com\/blog\/categorie\/demenagement\/"},{"@type":"ListItem","position":3,"name":"T\u00e9moignage : Emilie a trouv\u00e9 2 gros bras sur MyDemenageur pour son d\u00e9m\u00e9nagement \u00e0 Marseille"}]},{"@type":"WebSite","@id":"https:\/\/www.mydemenageur.com\/blog\/#website","url":"https:\/\/www.mydemenageur.com\/blog\/","name":"MyDemenageur","description":"Conseils d\u00e9m\u00e9ngement entre particuliers et d\u00e9m\u00e9nagement professionnel","publisher":{"@id":"https:\/\/www.mydemenageur.com\/blog\/#organization"},"potentialAction":[{"@type":"SearchAction","target":{"@type":"EntryPoint","urlTemplate":"https:\/\/www.mydemenageur.com\/blog\/?s={search_term_string}"},"query-input":{"@type":"PropertyValueSpecification","valueRequired":true,"valueName":"search_term_string"}}],"inLanguage":"fr-FR"},{"@type":"Organization","@id":"https:\/\/www.mydemenageur.com\/blog\/#organization","name":"MyDemenageur.com","url":"https:\/\/www.mydemenageur.com\/blog\/","logo":{"@type":"ImageObject","inLanguage":"fr-FR","@id":"https:\/\/www.mydemenageur.com\/blog\/#\/schema\/logo\/image\/","url":"https:\/\/www.mydemenageur.com\/blog\/wp-content\/uploads\/2022\/05\/MyDemenageur_Symbol.jpg","contentUrl":"https:\/\/www.mydemenageur.com\/blog\/wp-content\/uploads\/2022\/05\/MyDemenageur_Symbol.jpg","width":878,"height":877,"caption":"MyDemenageur.com"},"image":{"@id":"https:\/\/www.mydemenageur.com\/blog\/#\/schema\/logo\/image\/"},"sameAs":["https:\/\/www.facebook.com\/mydemenageur","https:\/\/x.com\/mydemenageur","https:\/\/www.pinterest.fr\/mydemenageur\/"]},{"@type":"Person","@id":"https:\/\/www.mydemenageur.com\/blog\/#\/schema\/person\/4540dc333c2e7dc790f0f7bcd5b99569","name":"Mathilde","image":{"@type":"ImageObject","inLanguage":"fr-FR","@id":"https:\/\/www.mydemenageur.com\/blog\/#\/schema\/person\/image\/","url":"https:\/\/secure.gravatar.com\/avatar\/abde069f6f70261ee6ecea93e0437d77?s=96&#038;r=g","contentUrl":"https:\/\/secure.gravatar.com\/avatar\/abde069f6f70261ee6ecea93e0437d77?s=96&#038;r=g","caption":"Mathilde"},"description":"L'harmonie des couleurs et des objets m'a toujours fascin\u00e9e, transformant chaque pi\u00e8ce en un lieu unique et agr\u00e9able \u00e0 vivre. Sur MyDemenageur, vous trouverez non seulement des inspirations personnelles, mais aussi des informations r\u00e9centes sur le monde de la d\u00e9coration, les projets de maison, le d\u00e9m\u00e9nagement et les travaux.","url":"https:\/\/www.mydemenageur.com\/blog\/author\/mathilde\/"}]}},"modified_by":"fabien","_links":{"self":[{"href":"https:\/\/www.mydemenageur.com\/blog\/wp-json\/wp\/v2\/posts\/937"}],"collection":[{"href":"https:\/\/www.mydemenageur.com\/blog\/wp-json\/wp\/v2\/posts"}],"about":[{"href":"https:\/\/www.mydemenageur.com\/blog\/wp-json\/wp\/v2\/types\/post"}],"author":[{"embeddable":true,"href":"https:\/\/www.mydemenageur.com\/blog\/wp-json\/wp\/v2\/users\/11"}],"replies":[{"embeddable":true,"href":"https:\/\/www.mydemenageur.com\/blog\/wp-json\/wp\/v2\/comments?post=937"}],"version-history":[{"count":0,"href":"https:\/\/www.mydemenageur.com\/blog\/wp-json\/wp\/v2\/posts\/937\/revisions"}],"wp:featuredmedia":[{"embeddable":true,"href":"https:\/\/www.mydemenageur.com\/blog\/wp-json\/wp\/v2\/media\/21716"}],"wp:attachment":[{"href":"https:\/\/www.mydemenageur.com\/blog\/wp-json\/wp\/v2\/media?parent=937"}],"wp:term":[{"taxonomy":"category","embeddable":true,"href":"https:\/\/www.mydemenageur.com\/blog\/wp-json\/wp\/v2\/categories?post=937"},{"taxonomy":"post_tag","embeddable":true,"href":"https:\/\/www.mydemenageur.com\/blog\/wp-json\/wp\/v2\/tags?post=937"}],"curies":[{"name":"wp","href":"https:\/\/api.w.org\/{rel}","templated":true}]}}